{"id":29278,"date":"2024-12-09T09:00:00","date_gmt":"2024-12-09T07:00:00","guid":{"rendered":"https:\/\/www.psib-psoe.org\/mallorca\/?p=29278"},"modified":"2024-12-08T21:54:29","modified_gmt":"2024-12-08T19:54:29","slug":"el-pressupost-de-lajuntament-de-son-servera-per-2025-tuda-recursos-i-no-ofereix-nous-projectes-per-al-municipi","status":"publish","type":"post","link":"https:\/\/www.psib-psoe.org\/mallorca\/el-pressupost-de-lajuntament-de-son-servera-per-2025-tuda-recursos-i-no-ofereix-nous-projectes-per-al-municipi\/","title":{"rendered":"El pressupost de l\u2019Ajuntament de Son Servera per 2025 tuda recursos i no ofereix nous projectes per al municipi.\u00a0"},"content":{"rendered":"<div class=\"wpb-content-wrapper\">\n<figure class=\"wp-block-image size-large is-style-default\"><img loading=\"lazy\" decoding=\"async\" width=\"543\" height=\"1024\" src=\"http:\/\/www.psib-psoe.org\/mallorca\/wp-content\/uploads\/Reme-Ca\u00f1adas-Son-Servera-543x1024.jpeg\" alt=\"\" class=\"wp-image-29057\" srcset=\"https:\/\/www.psib-psoe.org\/mallorca\/wp-content\/uploads\/Reme-Ca\u00f1adas-Son-Servera-543x1024.jpeg 543w, https:\/\/www.psib-psoe.org\/mallorca\/wp-content\/uploads\/Reme-Ca\u00f1adas-Son-Servera-159x300.jpeg 159w, https:\/\/www.psib-psoe.org\/mallorca\/wp-content\/uploads\/Reme-Ca\u00f1adas-Son-Servera-768x1447.jpeg 768w, https:\/\/www.psib-psoe.org\/mallorca\/wp-content\/uploads\/Reme-Ca\u00f1adas-Son-Servera-300x565.jpeg 300w, https:\/\/www.psib-psoe.org\/mallorca\/wp-content\/uploads\/Reme-Ca\u00f1adas-Son-Servera-150x283.jpeg 150w, https:\/\/www.psib-psoe.org\/mallorca\/wp-content\/uploads\/Reme-Ca\u00f1adas-Son-Servera-600x1131.jpeg 600w, https:\/\/www.psib-psoe.org\/mallorca\/wp-content\/uploads\/Reme-Ca\u00f1adas-Son-Servera-20x38.jpeg 20w, https:\/\/www.psib-psoe.org\/mallorca\/wp-content\/uploads\/Reme-Ca\u00f1adas-Son-Servera.jpeg 849w\" sizes=\"(max-width: 543px) 100vw, 543px\" \/><\/figure>\n\n\n[vc_row][vc_column][vc_column_text]\n<p><em><u> Els Socialistes de Son Servera manifesten la seva contrarietat davant d\u2019un projecte de pressuposts de 2025 per la localitat que, tot i comptar amb m\u00e9s recursos que mai, per la pujada d\u2019impostos, evidencia la manca de capacitat d\u2019acci\u00f3 d\u2019un equip de govern paralitzat i que es limita a viure de les rendes del passat.     <\/u><\/em><\/p>\n[\/vc_column_text][\/vc_column][\/vc_row]\n\n\n[vc_row][vc_column][vc_column_text]\n<p>Malgrat comptar amb m\u00e9s recursos que mai, m\u00e9s de 17,5 milions d\u2019euros, els comptes de Son Servera per 2025 s\u00f3n \u201cdecebedors i continuistes\u201d, segons el parer de la portaveu municipal, Reme Ca\u00f1adas. \u201cAquest increment de recursos podria haver significat una oportunitat \u00fanica per millorar els serveis p\u00fablics i modernitzar el nostre municipi.\u201d ha afirmat la socialista, Tanmateix, un cop m\u00e9s, ens trobam davant uns pressupostos sense projectes nous, sense millores en infraestructures i sense la renovaci\u00f3 necess\u00e0ria d\u2019edificis p\u00fablics que requereixen reformes urgents\u201d. <\/p>\n<p>Despr\u00e9s del primer any i mig de legislatura, l\u2019equip de govern del PP i Independents no demostren tenir cap projecte propi pel municipi, i els comptes demostren l\u2019abs\u00e8ncia absoluta de planificaci\u00f3 i millora per abocar els doblers de tots els serverins. \u201cEl govern actual del PP compta amb la gran sort d\u2019haver heretat una situaci\u00f3 financera sanejada i nombrosos projectes ja planificats i dotats econ\u00f2micament per l\u2019anterior equip de govern\u201d, ha constatat Ca\u00f1adas.  <\/p>\n<p>De fet, les \u00faniques inversions que s\u2019han executat al municipi s\u00f3n les que ja estaven en marxa en el moment del canvi de legislatura, com \u00e9s l\u2019Escoleta de 0-3 anys, actualment en construcci\u00f3, les obres dels sistemes urbans de drenatges sostenibles (SUDS), tamb\u00e9 en plena execuci\u00f3, la creaci\u00f3 de nous parcs infantils, la remodelaci\u00f3 del parc infantil i de la zona de jocs del parc Puig de sa Bassa; el Tram III del Passeig Mar\u00edtim, entre altres iniciatives. \u201cS\u00f3n totes aquestes actuacions que venen de la passada legislatura les que actualment executa l\u2019Ajuntament, i sort en tenim per que d\u2019aquesta manera poden dissimular la par\u00e0lisi total en la que han sumit al municipi per que no han estat capa\u00e7os d\u2019invertir ni un sol euro destinat a nous projectes\u201d, ha dit Ca\u00f1adas. <\/p>\n<p>Els comptes de 2025 per Son Servera ja compten amb una pujada de l\u2019IBI que hauran de pagar tots els propietaris d\u2019immobles, incomplint una de les promeses electorals del PP en campanya, que es va comprometre a no fer-ho. En canvi no hi ha ni rastre de les partides que s\u2019haurien de destinar al SOIB Reactiva ni al SOIB Dona, programes fonamentals per fomentar l\u2019ocupaci\u00f3 i la igualtat. <\/p>\n<p>En canvi, es prepara la privatitzaci\u00f3 de l\u2019Escoleta d\u2019Estiu en comptes de que sigui p\u00fablica, una iniciativa molt demandada per les fam\u00edlies del municipi que treballen durant tota la temporada alta tur\u00edstica. I no es preveu escoltar els ciutadans en la definici\u00f3 de cap projecte participatiu. <\/p>\n<p>Un seguit de mancances que demostren, en paraules de Ca\u00f1adas, que \u201cens trobem davant uns pressupostos continuistes que no aporten res de nou al ciutad\u00e0; rebutgem aquesta pol\u00edtica que menyst\u00e9 el sector p\u00fablic, ignora les necessitats reals del municipi i augmenta la pressi\u00f3 fiscal sobre la ciutadania. Apostem per uns pressupostos ambiciosos, orientats al progr\u00e9s i que posin les persones al centre de l\u2019acci\u00f3 pol\u00edtica\u201d <\/p>\n[\/vc_column_text][\/vc_column][\/vc_row]\n<\/div>","protected":false},"excerpt":{"rendered":"[vc_row][vc_column][vc_column_text] Els Socialistes de Son Servera manifesten la seva contrarietat davant d\u2019un projecte de pressuposts de 2025 per la localitat que, tot i comptar amb m\u00e9s recursos que mai, per la pujada d\u2019impostos, evidencia la manca de capacitat d\u2019acci\u00f3 d\u2019un equip de govern paralitzat i que es limita a viure de les rendes del passat.&hellip;","protected":false},"author":3,"featured_media":29057,"comment_status":"closed","ping_status":"closed","sticky":false,"template":"","format":"standard","meta":{"footnotes":""},"categories":[2,1,90,92],"tags":[403,105,77,563],"class_list":["post-29278","post","type-post","status-publish","format-standard","has-post-thumbnail","hentry","category-federacio-de-mallorca","category-federacio-de-mallorca-portada","category-municipis","category-portada","tag-agrupacio-socialista-de-son-servera","tag-catalina-cladera","tag-federacio-socialista-de-mallorca","tag-reme-canadas"],"_links":{"self":[{"href":"https:\/\/www.psib-psoe.org\/mallorca\/wp-json\/wp\/v2\/posts\/29278"}],"collection":[{"href":"https:\/\/www.psib-psoe.org\/mallorca\/wp-json\/wp\/v2\/posts"}],"about":[{"href":"https:\/\/www.psib-psoe.org\/mallorca\/wp-json\/wp\/v2\/types\/post"}],"author":[{"embeddable":true,"href":"https:\/\/www.psib-psoe.org\/mallorca\/wp-json\/wp\/v2\/users\/3"}],"replies":[{"embeddable":true,"href":"https:\/\/www.psib-psoe.org\/mallorca\/wp-json\/wp\/v2\/comments?post=29278"}],"version-history":[{"count":1,"href":"https:\/\/www.psib-psoe.org\/mallorca\/wp-json\/wp\/v2\/posts\/29278\/revisions"}],"predecessor-version":[{"id":29279,"href":"https:\/\/www.psib-psoe.org\/mallorca\/wp-json\/wp\/v2\/posts\/29278\/revisions\/29279"}],"wp:featuredmedia":[{"embeddable":true,"href":"https:\/\/www.psib-psoe.org\/mallorca\/wp-json\/wp\/v2\/media\/29057"}],"wp:attachment":[{"href":"https:\/\/www.psib-psoe.org\/mallorca\/wp-json\/wp\/v2\/media?parent=29278"}],"wp:term":[{"taxonomy":"category","embeddable":true,"href":"https:\/\/www.psib-psoe.org\/mallorca\/wp-json\/wp\/v2\/categories?post=29278"},{"taxonomy":"post_tag","embeddable":true,"href":"https:\/\/www.psib-psoe.org\/mallorca\/wp-json\/wp\/v2\/tags?post=29278"}],"curies":[{"name":"wp","href":"https:\/\/api.w.org\/{rel}","templated":true}]}}