{"id":29307,"date":"2024-12-16T12:25:38","date_gmt":"2024-12-16T10:25:38","guid":{"rendered":"https:\/\/www.psib-psoe.org\/mallorca\/?p=29307"},"modified":"2024-12-16T12:25:39","modified_gmt":"2024-12-16T10:25:39","slug":"la-coalicio-per-estellencs-porta-les-factures-extrajudicials-de-lajuntament-davant-del-consell-de-transparencia-i-bon-govern-de-lestat","status":"publish","type":"post","link":"https:\/\/www.psib-psoe.org\/mallorca\/la-coalicio-per-estellencs-porta-les-factures-extrajudicials-de-lajuntament-davant-del-consell-de-transparencia-i-bon-govern-de-lestat\/","title":{"rendered":"La coalici\u00f3 \u2018Per Estellencs\u2019 porta les factures extrajudicials de l\u2019Ajuntament davant del Consell de Transpar\u00e8ncia i Bon Govern de l\u2019Estat. \u00a0\u00a0\u00a0 \u00a0"},"content":{"rendered":"<div class=\"wpb-content-wrapper\">\n<figure class=\"wp-block-image size-full is-style-default\"><img loading=\"lazy\" decoding=\"async\" width=\"200\" height=\"179\" src=\"https:\/\/www.psib-psoe.org\/mallorca\/wp-content\/uploads\/Per-Estellencs-1.jpg\" alt=\"\" class=\"wp-image-29310\" srcset=\"https:\/\/www.psib-psoe.org\/mallorca\/wp-content\/uploads\/Per-Estellencs-1.jpg 200w, https:\/\/www.psib-psoe.org\/mallorca\/wp-content\/uploads\/Per-Estellencs-1-20x18.jpg 20w, https:\/\/www.psib-psoe.org\/mallorca\/wp-content\/uploads\/Per-Estellencs-1-150x134.jpg 150w\" sizes=\"(max-width: 200px) 100vw, 200px\" \/><\/figure>\n\n\n[vc_row][vc_column][vc_column_text]\n<p><em><u> L\u2019Agrupaci\u00f3 Per Estellencs reclama a l\u2019ens estatal l\u2019acc\u00e9s als comptes i l\u2019explicaci\u00f3 al gran nombre de factures extrajudicials que maneja l\u2019Ajuntament d\u2019Estellencs, que queden ocultes per decisi\u00f3 de l\u2019equip de govern municipal del PP. <\/p>\n<p>     <\/u><\/em><\/p>\n[\/vc_column_text][\/vc_column][\/vc_row]\n\n\n[vc_row][vc_column][vc_column_text]\n<p>L\u2019oposici\u00f3 municipal a Estellencs ha hagut de rec\u00f3rrer a l\u2019auxili del Consell de Transpar\u00e8ncia i Bon Govern per demanar empara davant l\u2019ocultaci\u00f3 sistem\u00e0tica de certes despeses de l\u2019equip de govern que s\u00f3n ocultades malgrat les repetides peticions de transpar\u00e8ncia en la gesti\u00f3 realitzades fins a la data.  <\/p>\n<p>L\u2019Agrupaci\u00f3 Per Estellencs ha registrat escrit de demanda a aquest ens estatal per a qu\u00e8 aquest investigui el gran volum de factures extrajudicials de l\u2019any 2023 que ha tramitat l\u2019Ajuntament i que no ha mostrat a l\u2019oposici\u00f3. \u2018Per Estellencs\u2019 ha demanat en reiterades ocasions transpar\u00e8ncia a l\u2019equip de govern sense obtenir cap resposta.  <\/p>\n<p>Estellencs est\u00e0 governat des de l\u2019obscurantisme i la manca de transpar\u00e8ncia del PP, que evita mostrar p\u00fablicament a tots els ve\u00efnats com gestiona les finances de l\u2019Ajuntament. \u2018Per Estellencs\u2019 estima que el volum de factures extrajudicials, \u00e9s a dir, fora del pressupost inicial de l\u2019Ajuntament, que es gestiona a Estellencs \u00e9s desproporcionat, ja que d\u2019un pressupost inicial de 500.000 euros, s\u2019han arribat a aprovar 307.000 euros en factures sense justificaci\u00f3 pressupost\u00e0ria, sense cap control d\u2019intervenci\u00f3 sobre aquestes despeses.  <\/p>\n<p>La mediaci\u00f3 del Consell de Transpar\u00e8ncia servir\u00e0 per a qu\u00e8 els ve\u00efnats d\u2019Estellencs puguin con\u00e8ixer la realitat de la gesti\u00f3 econ\u00f2mica de l\u2019equip de govern del PP, com i en qu\u00e8 gasta el pressupost municipal. Tamb\u00e9 s\u2019exigeix que es governi el municipi amb major transpar\u00e8ncia i respecte democr\u00e0tic cap al paper fiscalitzador de l\u2019oposici\u00f3.   <\/p>\n[\/vc_column_text][\/vc_column][\/vc_row]\n<\/div>","protected":false},"excerpt":{"rendered":"[vc_row][vc_column][vc_column_text] L\u2019Agrupaci\u00f3 Per Estellencs reclama a l\u2019ens estatal l\u2019acc\u00e9s als comptes i l\u2019explicaci\u00f3 al gran nombre de factures extrajudicials que maneja l\u2019Ajuntament d\u2019Estellencs, que queden ocultes per decisi\u00f3 de l\u2019equip de govern municipal del PP. [\/vc_column_text][\/vc_column][\/vc_row] [vc_row][vc_column][vc_column_text] L\u2019oposici\u00f3 municipal a Estellencs ha hagut de rec\u00f3rrer a l\u2019auxili del Consell de Transpar\u00e8ncia i Bon Govern per&hellip;","protected":false},"author":3,"featured_media":29310,"comment_status":"closed","ping_status":"closed","sticky":false,"template":"","format":"standard","meta":{"footnotes":""},"categories":[2,1,90,92],"tags":[582,105,77,583,544,84],"class_list":["post-29307","post","type-post","status-publish","format-standard","has-post-thumbnail","hentry","category-federacio-de-mallorca","category-federacio-de-mallorca-portada","category-municipis","category-portada","tag-antonia-sastre-2","tag-catalina-cladera","tag-federacio-socialista-de-mallorca","tag-guillem-ensenyat","tag-per-estellencs","tag-psib-psoe"],"_links":{"self":[{"href":"https:\/\/www.psib-psoe.org\/mallorca\/wp-json\/wp\/v2\/posts\/29307"}],"collection":[{"href":"https:\/\/www.psib-psoe.org\/mallorca\/wp-json\/wp\/v2\/posts"}],"about":[{"href":"https:\/\/www.psib-psoe.org\/mallorca\/wp-json\/wp\/v2\/types\/post"}],"author":[{"embeddable":true,"href":"https:\/\/www.psib-psoe.org\/mallorca\/wp-json\/wp\/v2\/users\/3"}],"replies":[{"embeddable":true,"href":"https:\/\/www.psib-psoe.org\/mallorca\/wp-json\/wp\/v2\/comments?post=29307"}],"version-history":[{"count":1,"href":"https:\/\/www.psib-psoe.org\/mallorca\/wp-json\/wp\/v2\/posts\/29307\/revisions"}],"predecessor-version":[{"id":29311,"href":"https:\/\/www.psib-psoe.org\/mallorca\/wp-json\/wp\/v2\/posts\/29307\/revisions\/29311"}],"wp:featuredmedia":[{"embeddable":true,"href":"https:\/\/www.psib-psoe.org\/mallorca\/wp-json\/wp\/v2\/media\/29310"}],"wp:attachment":[{"href":"https:\/\/www.psib-psoe.org\/mallorca\/wp-json\/wp\/v2\/media?parent=29307"}],"wp:term":[{"taxonomy":"category","embeddable":true,"href":"https:\/\/www.psib-psoe.org\/mallorca\/wp-json\/wp\/v2\/categories?post=29307"},{"taxonomy":"post_tag","embeddable":true,"href":"https:\/\/www.psib-psoe.org\/mallorca\/wp-json\/wp\/v2\/tags?post=29307"}],"curies":[{"name":"wp","href":"https:\/\/api.w.org\/{rel}","templated":true}]}}