{"id":29312,"date":"2024-12-19T00:08:26","date_gmt":"2024-12-18T22:08:26","guid":{"rendered":"https:\/\/www.psib-psoe.org\/mallorca\/?p=29312"},"modified":"2024-12-19T00:08:27","modified_gmt":"2024-12-18T22:08:27","slug":"el-consell-de-mallorca-ppvox-aprova-definitivament-uns-pressupostos-de-2025-sense-tenir-en-compte-com-els-afecta-la-prorroga-dels-comptes-de-la-caib","status":"publish","type":"post","link":"https:\/\/www.psib-psoe.org\/mallorca\/el-consell-de-mallorca-ppvox-aprova-definitivament-uns-pressupostos-de-2025-sense-tenir-en-compte-com-els-afecta-la-prorroga-dels-comptes-de-la-caib\/","title":{"rendered":"El Consell de Mallorca PPVox aprova definitivament uns pressupostos de 2025 sense tenir en compte com els afecta la pr\u00f2rroga dels comptes de la CAIB.\u00a0\u00a0 \u00a0\u00a0\u00a0 \u00a0"},"content":{"rendered":"<div class=\"wpb-content-wrapper\">\n<figure class=\"wp-block-image size-full is-style-default\"><img loading=\"lazy\" decoding=\"async\" width=\"2560\" height=\"1920\" src=\"https:\/\/www.psib-psoe.org\/mallorca\/wp-content\/uploads\/Catalina-Cladera-ple-pressupostos-181224-2-scaled.jpeg\" alt=\"\" class=\"wp-image-29313\" srcset=\"https:\/\/www.psib-psoe.org\/mallorca\/wp-content\/uploads\/Catalina-Cladera-ple-pressupostos-181224-2-scaled.jpeg 2560w, https:\/\/www.psib-psoe.org\/mallorca\/wp-content\/uploads\/Catalina-Cladera-ple-pressupostos-181224-2-300x225.jpeg 300w, https:\/\/www.psib-psoe.org\/mallorca\/wp-content\/uploads\/Catalina-Cladera-ple-pressupostos-181224-2-1024x768.jpeg 1024w, https:\/\/www.psib-psoe.org\/mallorca\/wp-content\/uploads\/Catalina-Cladera-ple-pressupostos-181224-2-768x576.jpeg 768w, https:\/\/www.psib-psoe.org\/mallorca\/wp-content\/uploads\/Catalina-Cladera-ple-pressupostos-181224-2-1536x1152.jpeg 1536w, https:\/\/www.psib-psoe.org\/mallorca\/wp-content\/uploads\/Catalina-Cladera-ple-pressupostos-181224-2-2048x1536.jpeg 2048w, https:\/\/www.psib-psoe.org\/mallorca\/wp-content\/uploads\/Catalina-Cladera-ple-pressupostos-181224-2-150x113.jpeg 150w, https:\/\/www.psib-psoe.org\/mallorca\/wp-content\/uploads\/Catalina-Cladera-ple-pressupostos-181224-2-600x450.jpeg 600w, https:\/\/www.psib-psoe.org\/mallorca\/wp-content\/uploads\/Catalina-Cladera-ple-pressupostos-181224-2-900x675.jpeg 900w, https:\/\/www.psib-psoe.org\/mallorca\/wp-content\/uploads\/Catalina-Cladera-ple-pressupostos-181224-2-20x16.jpeg 20w\" sizes=\"(max-width: 2560px) 100vw, 2560px\" \/><\/figure>\n\n\n[vc_row][vc_column][vc_column_text]\n<p><em><u> El Grup Socialista s\u2019oposa a uns comptes del Consell de 2025 per que no s\u2019ha explicat suficientment com afecta la pr\u00f3rroga dels pressupostos de la CAIB damunt dels ingressos previstos per la instituci\u00f3 insular. Els comptes del Consell suren gr\u00e0cies a l\u2019acord entre PPVox que no s\u2019ha produ\u00eft al Parlament per als pressupostos de la comunitat aut\u00f2noma.  La portaveu socialista Catalina Cladera insisteix en la insufici\u00e8ncia de  cr\u00e8dit que es reserva a l\u2019IMAS per gestionar la compet\u00e8ncia de menors: \u201cen 2024 han hagut de fer ampliacions de cr\u00e8dit de 16 milions per atendre la demanda generada per l\u2019arribada de menors a Mallorca, i en 2025 els pressupostos ni tant sols consoliden aquesta quantitat, tot i saber que en tindran necessitat\u201d.   <\/p>\n<p>     <\/u><\/em><\/p>\n[\/vc_column_text][\/vc_column][\/vc_row]\n\n\n[vc_row][vc_column][vc_column_text]\n<p>El Grup Socialista ha votat en contra de l\u2019aprovaci\u00f3 definitiva del pressupost del Consell de Mallorca 2025. Un pressupost que inclou una retallada de Prohens a Galm\u00e9s per valor de 26 milions d\u2019euros, que el Consell supleix endeutant als mallorquins per aquesta quantitat. Un pressupost que s\u2019equilibra incloent 30 milions d\u2019euros que Consell i Govern han acordat per fer obres a carreteres que no es podran computar at\u00e8s que el Govern ha prorrogat els pressupostos de 2024 que no els preveien.  <\/p>\n<p>En canvi, en l\u2019apartat de menors, els comptes de l\u2019IMAS  no han pressupostat les quantitats m\u00ednimes necess\u00e0ries per afrontar la despesa per a la gesti\u00f3 de la compet\u00e8ncia, per que \u201cni tant sols han consolidat les modificacions de cr\u00e8dit que han fet durant 2024; com pensen aprovar les modificacions de cr\u00e8dit a l\u2019IMAS que li faran falta per finan\u00e7ar aquesta compet\u00e8ncia?\u201d, ha demanat Cladera. Un fet que ha motivat una reclamaci\u00f3 als pressupostos del Grup Socialista que no s\u2019ha tingut en compte.  <\/p>\n<p>En el torn d\u2019intervenci\u00f3, Cladera ha posat de manifest que \u201cno s\u2019han fet els informes d\u2019Intervenci\u00f3 que actualitzin la situaci\u00f3 generada\u201d. En efecte, en la data de l\u2019aprovaci\u00f3 inicial dels pressupostos del Consell, el passat 15 de novembre, els informes no podien preveure la situaci\u00f3 pol\u00edtica que s\u2019ha generat posteriorment amb el trencament entre PP i Vox al Parlament que ha suposat la caiguda dels comptes de la comunitat aut\u00f2noma. Per\u00f2 Galm\u00e9s ha aprovat els pressupostos sense que el suport t\u00e8cnic i jur\u00eddic del Consell avalu\u00ef la viabilitat dels comptes a la llum de la nova realitat que afecta als ingressos que provenen del Govern. \u201cTe por d\u2019actualitzar els informes per si hi ha alguna cosa que impedeixi aprovar els seus pressuposts\u2019\u201d ha etzibat Cladera a Galm\u00e9s. <\/p>\n<p>La socialista ha acusat Galm\u00e9s de \u201cportar la inestabilitat al Consell de Mallorca, per que consent  uns pressupostos marcats per les l\u00ednies vermelles de l\u2019ideari de Vox, \u201ci est\u00e0 duent a una situaci\u00f3 d\u2019involuci\u00f3 democr\u00e0tica\u201d. Per Cladera, Galm\u00e9s actua de manera oposada a la que manifesta Marga Prohens, qui s\u2019ha quedat sense suport de Vox per aprovar els pressupostos de la comunitat. \u201cAquests pressupostos van d\u2019aix\u00f2, de pactar amb l\u2019extrema dreta per fer una involuci\u00f3 per a Mallorca en temes de llengua, de canvi clim\u00e0tic o de mem\u00f2ria, i altres l\u00ednies vermelles que avui mateix li ha marcat el Gili a Galm\u00e9s\u201d. Cladera ha tornat a demanar al president del Consell que \u201crecapaciti, i no esperi que sigui Vox qui pitgi el bot\u00f3 per a trencar amb el PP\u201d.  <\/p>\n[\/vc_column_text][\/vc_column][\/vc_row]\n\n\n\n<figure class=\"wp-block-audio\"><audio controls src=\"https:\/\/www.psib-psoe.org\/mallorca\/wp-content\/uploads\/Tall-Cladera-pressupostos-definitius.mp3\"><\/audio><\/figure>\n<\/div>","protected":false},"excerpt":{"rendered":"[vc_row][vc_column][vc_column_text] El Grup Socialista s\u2019oposa a uns comptes del Consell de 2025 per que no s\u2019ha explicat suficientment com afecta la pr\u00f3rroga dels pressupostos de la CAIB damunt dels ingressos previstos per la instituci\u00f3 insular. Els comptes del Consell suren gr\u00e0cies a l\u2019acord entre PPVox que no s\u2019ha produ\u00eft al Parlament per als pressupostos de&hellip;","protected":false},"author":3,"featured_media":29313,"comment_status":"closed","ping_status":"closed","sticky":false,"template":"","format":"standard","meta":{"footnotes":""},"categories":[2,1,90,92],"tags":[343,447,105,77,552,226,483,504,532,84,296],"class_list":["post-29312","post","type-post","status-publish","format-standard","has-post-thumbnail","hentry","category-federacio-de-mallorca","category-federacio-de-mallorca-portada","category-municipis","category-portada","tag-andreu-serra","tag-bea-gamundi","tag-catalina-cladera","tag-federacio-socialista-de-mallorca","tag-gabriel-alomar","tag-javier-de-juan","tag-joan-ferrer","tag-juana-m-adrover","tag-maria-antonia-truyols","tag-psib-psoe","tag-sofia-alonso"],"_links":{"self":[{"href":"https:\/\/www.psib-psoe.org\/mallorca\/wp-json\/wp\/v2\/posts\/29312"}],"collection":[{"href":"https:\/\/www.psib-psoe.org\/mallorca\/wp-json\/wp\/v2\/posts"}],"about":[{"href":"https:\/\/www.psib-psoe.org\/mallorca\/wp-json\/wp\/v2\/types\/post"}],"author":[{"embeddable":true,"href":"https:\/\/www.psib-psoe.org\/mallorca\/wp-json\/wp\/v2\/users\/3"}],"replies":[{"embeddable":true,"href":"https:\/\/www.psib-psoe.org\/mallorca\/wp-json\/wp\/v2\/comments?post=29312"}],"version-history":[{"count":1,"href":"https:\/\/www.psib-psoe.org\/mallorca\/wp-json\/wp\/v2\/posts\/29312\/revisions"}],"predecessor-version":[{"id":29315,"href":"https:\/\/www.psib-psoe.org\/mallorca\/wp-json\/wp\/v2\/posts\/29312\/revisions\/29315"}],"wp:featuredmedia":[{"embeddable":true,"href":"https:\/\/www.psib-psoe.org\/mallorca\/wp-json\/wp\/v2\/media\/29313"}],"wp:attachment":[{"href":"https:\/\/www.psib-psoe.org\/mallorca\/wp-json\/wp\/v2\/media?parent=29312"}],"wp:term":[{"taxonomy":"category","embeddable":true,"href":"https:\/\/www.psib-psoe.org\/mallorca\/wp-json\/wp\/v2\/categories?post=29312"},{"taxonomy":"post_tag","embeddable":true,"href":"https:\/\/www.psib-psoe.org\/mallorca\/wp-json\/wp\/v2\/tags?post=29312"}],"curies":[{"name":"wp","href":"https:\/\/api.w.org\/{rel}","templated":true}]}}