{"id":29327,"date":"2024-12-24T13:37:21","date_gmt":"2024-12-24T11:37:21","guid":{"rendered":"https:\/\/www.psib-psoe.org\/mallorca\/?p=29327"},"modified":"2024-12-24T13:37:23","modified_gmt":"2024-12-24T11:37:23","slug":"el-grup-socialista-denuncia-el-malbaratament-de-recursos-publics-de-galmes-al-consell-per-destinar-subvencions-de-62-milions-deuros-a-tirme-sense-negociacio","status":"publish","type":"post","link":"https:\/\/www.psib-psoe.org\/mallorca\/el-grup-socialista-denuncia-el-malbaratament-de-recursos-publics-de-galmes-al-consell-per-destinar-subvencions-de-62-milions-deuros-a-tirme-sense-negociacio\/","title":{"rendered":"El Grup Socialista denuncia el \u201cmalbaratament de recursos p\u00fablics de Galm\u00e9s al Consell\u201d, per destinar subvencions de 62 milions d\u2019euros a TIRME sense negociaci\u00f3. \u00a0\u00a0\u00a0\u00a0\u00a0\u00a0 \u00a0\u00a0\u00a0 \u00a0"},"content":{"rendered":"<div class=\"wpb-content-wrapper\">\n<figure class=\"wp-block-image size-full is-resized is-style-default\"><img loading=\"lazy\" decoding=\"async\" width=\"2560\" height=\"1920\" src=\"https:\/\/www.psib-psoe.org\/mallorca\/wp-content\/uploads\/241224-Ple-MC-Tirme-scaled.jpeg\" alt=\"\" class=\"wp-image-29328\" style=\"width:712px;height:auto\" srcset=\"https:\/\/www.psib-psoe.org\/mallorca\/wp-content\/uploads\/241224-Ple-MC-Tirme-scaled.jpeg 2560w, https:\/\/www.psib-psoe.org\/mallorca\/wp-content\/uploads\/241224-Ple-MC-Tirme-300x225.jpeg 300w, https:\/\/www.psib-psoe.org\/mallorca\/wp-content\/uploads\/241224-Ple-MC-Tirme-1024x768.jpeg 1024w, https:\/\/www.psib-psoe.org\/mallorca\/wp-content\/uploads\/241224-Ple-MC-Tirme-768x576.jpeg 768w, https:\/\/www.psib-psoe.org\/mallorca\/wp-content\/uploads\/241224-Ple-MC-Tirme-1536x1152.jpeg 1536w, https:\/\/www.psib-psoe.org\/mallorca\/wp-content\/uploads\/241224-Ple-MC-Tirme-2048x1536.jpeg 2048w, https:\/\/www.psib-psoe.org\/mallorca\/wp-content\/uploads\/241224-Ple-MC-Tirme-150x113.jpeg 150w, https:\/\/www.psib-psoe.org\/mallorca\/wp-content\/uploads\/241224-Ple-MC-Tirme-600x450.jpeg 600w, https:\/\/www.psib-psoe.org\/mallorca\/wp-content\/uploads\/241224-Ple-MC-Tirme-900x675.jpeg 900w, https:\/\/www.psib-psoe.org\/mallorca\/wp-content\/uploads\/241224-Ple-MC-Tirme-20x16.jpeg 20w\" sizes=\"(max-width: 2560px) 100vw, 2560px\" \/><\/figure>\n\n\n[vc_row][vc_column][vc_column_text]\n<p><em><u> El Grup Socialista s\u2019oposa a la modificaci\u00f3 de cr\u00e8dit que disposa 19,1 M\u20ac rovinents dels romanents de tresoreria del Consell, que aniran als comptes de resultats de l\u2019empresa que gestiona la concessi\u00f3 del tractament dels residus s\u00f2lids urbans de Mallorca. Per la portaveu socialista, Catalina Cladera, es tracta d\u2019una acci\u00f3 \u201cque posa en comprom\u00eds l\u2019estabilitat financera de la instituci\u00f3\u201d, i que si es te en compte l\u2019operaci\u00f3 duta a terme l\u2019any passat \u201csuposen 62 milions d\u2019euros de tots els mallorquins que no es fan servir per a temes socials o assistencials que requereixen major atenci\u00f3\u201d. Cladera ha advertit que la mesura, aprovada per PPVox no s\u2019ajusta als preceptes legals de la Llei Reguladora de les Hisendes Locals per que s\u2019aporten fons a unes tarifes que no han estat aprovades o que ni tant sols s\u2019han creat\u201d. <\/u><\/em><\/p>\n[\/vc_column_text][\/vc_column][\/vc_row]\n\n\n[vc_row][vc_column][vc_column_text]\n<p>El Grup Socialista al Consell de Mallorca s\u2019ha oposat a la modificaci\u00f3 de cr\u00e8dit de 19,1 milions d\u2019euros que ha aprovat el ple, per a dotar de fons una subvenci\u00f3 a TIRME, per a, suposadament, suplementar els costos de tractament dels residus a Mallorca. El Consell de Mallorca haur\u00e0 abocat aportacions extraordin\u00e0ries per valor de 62 milions d\u2019euros a Tirme en dos anys de legislatura PPVox presidida per Lloren\u00e7 Galm\u00e9s.   <\/p>\n<p>La portaveu socialista, Catalina Cladera ha advertit que la modificaci\u00f3 de cr\u00e8dit de 19,1 milions d\u2019euros no est\u00e0 ni justificada ni motivada, suposa una subvenci\u00f3 encoberta i no s\u2019ajusta a la legalitat\u201d. Per Cladera aquesta aportaci\u00f3 incorre en \u201cmalbaratament de recursos p\u00fablics, i demostra la incompet\u00e8ncia de Galm\u00e9s a l\u2019hora de negociar la tarifa \u201cper que no ha estat capa\u00e7 de negociar amb la concession\u00e0ria i ha calat el cap davant de la quantitat que li ha fixat TIRME\u201d.  <\/p>\n<p>Cladera ha recordat que en tota la passada legislatura el Consell de Mallorca va disposar aportacions extraordin\u00e0ries a TIRME per valor de 8 milions d\u2019euros, per equilibrar tarifa, en una legislatura amb la crisi de la guerra d\u2019Ucra\u00efna i els efectes de  l\u2019aturada total per mor de la pand\u00e8mia. En canvi, la manca de capacitat de negociaci\u00f3 i de gesti\u00f3 de Galm\u00e9s i l\u2019inoperant Pedro Bestard, han provocat que nomes en dos anys s\u2019hagin comprom\u00e8s recursos per valor de 62 milions d\u2019euros de tots els mallorquins.  <\/p>\n<p>La socialista ha recordat que aquesta enorme injecci\u00f3 de capital es podria haver dedicat a moltes altres necessitats de la ciutadania, com \u201cel refor\u00e7 de pol\u00edtiques socials, inversi\u00f3 municipal, o mantenir la gratu\u00eftat del transport p\u00fablic de l\u2019illa\u201d, entre altres iniciatives.  \u201cHan abocat tot el romanent que els quedava, si n\u2019haguessin tingut m\u00e9s, m\u00e9s hauria pagat a TIRME\u201d, ha dit Cladera, que creu que aquesta operaci\u00f3 financera \u201ccomprometr\u00e0 l\u2019estabilitat financera del Consell, i el compliment de les normes fiscals\u201d, despr\u00e9s d\u2019haver dilapidat la bona her\u00e8ncia econ\u00f2mica que l\u2019actual equip de govern va trobar.<br \/>\n[\/vc_column_text][\/vc_column][\/vc_row]\n\n\n\n<figure class=\"wp-block-audio\"><audio controls src=\"https:\/\/www.psib-psoe.org\/mallorca\/wp-content\/uploads\/Tall-Cladera-MC-Tirme.mp3\"><\/audio><\/figure>\n<\/div>","protected":false},"excerpt":{"rendered":"[vc_row][vc_column][vc_column_text] El Grup Socialista s\u2019oposa a la modificaci\u00f3 de cr\u00e8dit que disposa 19,1 M\u20ac rovinents dels romanents de tresoreria del Consell, que aniran als comptes de resultats de l\u2019empresa que gestiona la concessi\u00f3 del tractament dels residus s\u00f2lids urbans de Mallorca. Per la portaveu socialista, Catalina Cladera, es tracta d\u2019una acci\u00f3 \u201cque posa en comprom\u00eds&hellip;","protected":false},"author":3,"featured_media":29328,"comment_status":"closed","ping_status":"closed","sticky":false,"template":"","format":"standard","meta":{"footnotes":""},"categories":[2,1,90,92],"tags":[105,77,226,504,84],"class_list":["post-29327","post","type-post","status-publish","format-standard","has-post-thumbnail","hentry","category-federacio-de-mallorca","category-federacio-de-mallorca-portada","category-municipis","category-portada","tag-catalina-cladera","tag-federacio-socialista-de-mallorca","tag-javier-de-juan","tag-juana-m-adrover","tag-psib-psoe"],"_links":{"self":[{"href":"https:\/\/www.psib-psoe.org\/mallorca\/wp-json\/wp\/v2\/posts\/29327"}],"collection":[{"href":"https:\/\/www.psib-psoe.org\/mallorca\/wp-json\/wp\/v2\/posts"}],"about":[{"href":"https:\/\/www.psib-psoe.org\/mallorca\/wp-json\/wp\/v2\/types\/post"}],"author":[{"embeddable":true,"href":"https:\/\/www.psib-psoe.org\/mallorca\/wp-json\/wp\/v2\/users\/3"}],"replies":[{"embeddable":true,"href":"https:\/\/www.psib-psoe.org\/mallorca\/wp-json\/wp\/v2\/comments?post=29327"}],"version-history":[{"count":2,"href":"https:\/\/www.psib-psoe.org\/mallorca\/wp-json\/wp\/v2\/posts\/29327\/revisions"}],"predecessor-version":[{"id":29331,"href":"https:\/\/www.psib-psoe.org\/mallorca\/wp-json\/wp\/v2\/posts\/29327\/revisions\/29331"}],"wp:featuredmedia":[{"embeddable":true,"href":"https:\/\/www.psib-psoe.org\/mallorca\/wp-json\/wp\/v2\/media\/29328"}],"wp:attachment":[{"href":"https:\/\/www.psib-psoe.org\/mallorca\/wp-json\/wp\/v2\/media?parent=29327"}],"wp:term":[{"taxonomy":"category","embeddable":true,"href":"https:\/\/www.psib-psoe.org\/mallorca\/wp-json\/wp\/v2\/categories?post=29327"},{"taxonomy":"post_tag","embeddable":true,"href":"https:\/\/www.psib-psoe.org\/mallorca\/wp-json\/wp\/v2\/tags?post=29327"}],"curies":[{"name":"wp","href":"https:\/\/api.w.org\/{rel}","templated":true}]}}