{"id":29341,"date":"2025-01-08T14:38:59","date_gmt":"2025-01-08T12:38:59","guid":{"rendered":"https:\/\/www.psib-psoe.org\/mallorca\/?p=29341"},"modified":"2025-01-08T14:39:00","modified_gmt":"2025-01-08T12:39:00","slug":"els-socialistes-exigeixen-la-millora-del-clima-democratic-la-imparcialitat-i-el-respecte-al-consell-de-mallorca","status":"publish","type":"post","link":"https:\/\/www.psib-psoe.org\/mallorca\/els-socialistes-exigeixen-la-millora-del-clima-democratic-la-imparcialitat-i-el-respecte-al-consell-de-mallorca\/","title":{"rendered":"Els Socialistes exigeixen la millora del clima democr\u00e0tic, la imparcialitat i el respecte al Consell de Mallorca.\u00a0\u00a0 \u00a0"},"content":{"rendered":"<div class=\"wpb-content-wrapper\">\n<figure class=\"wp-block-image size-full is-resized is-style-default\"><img loading=\"lazy\" decoding=\"async\" width=\"2560\" height=\"1949\" src=\"https:\/\/www.psib-psoe.org\/mallorca\/wp-content\/uploads\/Rdp-080125.jpeg\" alt=\"\" class=\"wp-image-29342\" style=\"width:788px;height:auto\" srcset=\"https:\/\/www.psib-psoe.org\/mallorca\/wp-content\/uploads\/Rdp-080125.jpeg 2560w, https:\/\/www.psib-psoe.org\/mallorca\/wp-content\/uploads\/Rdp-080125-300x228.jpeg 300w, https:\/\/www.psib-psoe.org\/mallorca\/wp-content\/uploads\/Rdp-080125-1024x780.jpeg 1024w, https:\/\/www.psib-psoe.org\/mallorca\/wp-content\/uploads\/Rdp-080125-768x585.jpeg 768w, https:\/\/www.psib-psoe.org\/mallorca\/wp-content\/uploads\/Rdp-080125-1536x1169.jpeg 1536w, https:\/\/www.psib-psoe.org\/mallorca\/wp-content\/uploads\/Rdp-080125-2048x1559.jpeg 2048w, https:\/\/www.psib-psoe.org\/mallorca\/wp-content\/uploads\/Rdp-080125-150x114.jpeg 150w, https:\/\/www.psib-psoe.org\/mallorca\/wp-content\/uploads\/Rdp-080125-600x457.jpeg 600w, https:\/\/www.psib-psoe.org\/mallorca\/wp-content\/uploads\/Rdp-080125-900x685.jpeg 900w, https:\/\/www.psib-psoe.org\/mallorca\/wp-content\/uploads\/Rdp-080125-20x16.jpeg 20w\" sizes=\"(max-width: 2560px) 100vw, 2560px\" \/><\/figure>\n\n\n[vc_row][vc_column][vc_column_text]\n<p><em><u>La portaveu del Grup Socialista al Consell de Mallorca, Catalina Cladera, ha instat a la modificaci\u00f3 del Reglament Org\u00e0nic del Consell (ROC) per evitar manifestacions d\u2019odi, menyspreu o befa cap a membres de la instituci\u00f3, ciutadans, institucions o determinats col\u00b7lectius durant les sessions del ple. Cladera atribueix la situaci\u00f3 creada per la irrupci\u00f3 de l\u2019extrema dreta, responsabilitza Galm\u00e9s de no controlar les manifestacions dels seus socis de govern, i l\u2019insta a aplicar millores per garantir la imparcialitat del president durant els debats.  <\/p>\n<p>La millora de la transpar\u00e8ncia i la rendici\u00f3 de comptes de l\u2019equip de govern tamb\u00e9 s\u2019emmarca en la millora del clima democr\u00e0tic del Consell, A aquest respecte, Cladera s\u2019ha queixat de l\u2019abs\u00e8ncia del conseller Bestard en el ple de dem\u00e0, i ha exigit que es detallin els costos del seu despla\u00e7ament a Ar\u00e0bia Saudita per presenciar la participaci\u00f3 del Real Mallorca en la Supercopa d\u2019Espanya.  <\/p>\n<p>El Grup Socialista presenta altres dues mocions en el ple de dem\u00e0 dijous, per posar en valor el paper de la migraci\u00f3 dins l\u2019economia i la societat de Mallorca, i per exigir la millora del servei del SAID a tota Mallorca, i en especial en els municipis de la Mancomunitat del Pla, aix\u00ed com preguntes per con\u00e8ixer les l\u00ednies vermelles de Vox al PP per mantenir el pacte de govern, i per aclarir les informacions period\u00edstiques que apunten a la p\u00e8rdua del servei d\u2019atenci\u00f3 a v\u00edctimes de viol\u00e8ncia de g\u00e8nere a Mallorca per prop de 200 dones ateses.   <\/u><\/em><\/p>\n[\/vc_column_text][\/vc_column][\/vc_row]\n\n\n[vc_row][vc_column][vc_column_text]\n<p>El Grup Socialista al Consell ha alertat del perill que suposa la proliferaci\u00f3 de discursos d\u2019odi, menyspreu i befa als adversaris pol\u00edtics, institucions i a determinats col\u00b7lectius com l\u2019OCB o el Fons Mallorqu\u00ed de Solidaritat, al Consell de Mallorca. Una actitud causada per l\u2019extrema dreta amb el consentiment de Galm\u00e9s, qui per Catalina Cladera, \u201cno ha fet cap esfor\u00e7 per aturar o corregir aquesta forma barroera de fer pol\u00edtica\u201d. <\/p>\n<p>Per aquest motiu el Grup Socialista presenta una moci\u00f3 en el ple de dem\u00e0 dijous per instar a la modificaci\u00f3 del reglament del Consell, per aclarir i facilitar la direcci\u00f3 dels debats al president del Consell. \u201cEn el ple hem sentit com s\u2019ha criminalitzat immigrants s\u2019ha insultat la mem\u00f2ria de les v\u00edctimes de la repressi\u00f3 franquista, s\u2019ha fet enaltiment Cop d\u2019Estat del 36, s\u2019ha fet befa de la feina del Fons Mallorqu\u00ed de Solidaritat, de l\u2019Obra Cultural Balear&#8230;,s\u2019han sentit desqualificacions personals i pol\u00edtiques de membres de la corporaci\u00f3\u201d, ha recordat Cladera que ha reclamat suport al PP per la moci\u00f3 que pret\u00e9n \u201cgarantir el respecte , la imparcialitat i la defensa dels principis democr\u00e0tics dins del Consell de Mallorca, i evitar aquesta degradaci\u00f3 i els atacs personals i pol\u00edtics que es profereixen ple rere ple des dels bancs de la ultradreta\u201d.    <\/p>\n<p>Cladera tamb\u00e9 ha reclamat \u201cm\u00e9s transpar\u00e8ncia a l\u2019equip de Govern\u201d, en la comunicaci\u00f3 de despeses per viatges, campanyes publicit\u00e0ries tant del Consell com de la Fundaci\u00f3 Mallorca Turisme. \u201cA les p\u00e0gines de transpar\u00e8ncia no s\u2019actualitzen les dades\u201d, ha dit la portaveu socialista. El darrer exemple d\u2019aquesta pr\u00e0ctica obscurantista es troba en el despla\u00e7ament del conseller Bestard a Ar\u00e0bia per presenciar un partit del Reial Mallorca. Cladera ja ha sol\u00b7licitat el cost del viatge, a banda de criticar l\u2019abs\u00e8ncia del vicepresident del Consell en el ple de dem\u00e0, \u201cque \u00e9s la seva obligaci\u00f3\u201d.  <\/p>\n<p>Cladera ha instat Galm\u00e9s a que ell mateix pugui respondre a la q\u00fcesti\u00f3 de les \u201cl\u00ednies vermelles de Vox que el PP respecta per mantenir el pacte de Govern\u201d, a les quals el portaveu de la ultradreta al Consell es va referir durant el darrer ple extraordinari celebrat. \u201cSeria bo que Galm\u00e9s no s\u2019amagui i respongui en primera persona sobre aquestes l\u00ednies vermelles, i les pugui explicar a tots els ciutadans\u201d, ha afirmat Cladera.  <\/p>\n<p>Mocions socialistes per posar en valor el paper de la migraci\u00f3 a Mallorca, i per garantir la millora de l\u2019assist\u00e8ncia del SAID als municipis del Pla. <\/p>\n<p>La regeneraci\u00f3 de la vida democr\u00e0tica al Consell suposa tamb\u00e9 que el PP deixi d\u2019usar la immigraci\u00f3 com a una moneda de canvi per acontentar Vox.  En el ple de dem\u00e0 tamb\u00e9 es presenta una iniciativa per posar en valor el pes de la immigraci\u00f3 dins de la nostra economia, a trav\u00e9s d\u2019una campanya de sensibilitzaci\u00f3 i d\u2019iniciatives per permetre la integraci\u00f3 laboral dels migrants,  i incentivar les empreses que els contractin.   <\/p>\n<p>Una tercera moci\u00f3 del Grup Socialista al Consell es dirigeix a la millora de la cobertura del Servei d\u2019Atenci\u00f3 Integral Domiciliaria per les persones majors en situaci\u00f3 de depend\u00e8ncia. Es reclama m\u00e9s pressupost pel SAID, m\u00e9s hores d\u2019atenci\u00f3 per a les persones, i treballar activament per reduir les llistes d\u2019espera. Una situaci\u00f3 que \u00e9s especialment complicada als municipis integrats dins la Mancomunitat del Pla. \u201c\u00c9s necessari que el Govern, com a gestor del SAID a la Mancomunitat del Pla, i l\u2019IMAS de manera subsidi\u00e0ria, facin enrere totes les retallades que ha provocat al servei des que se n\u2019ha fet c\u00e0rrec, sobretot pel que fa al servei durant els caps de setmana.  <\/p>\n<p>Cladera ha lamentat el doble discurs del PP en mat\u00e8ria social, que afirma ampliar serveis quan en realitat es retallen. Aquest \u00e9s el cas que motiva una pregunta a ple sobre una recent informaci\u00f3 period\u00edstica que alerta que el Consell deixar\u00e0 de prestar assist\u00e8ncia enguany a prop de 200 dones de Mallorca per temes de viol\u00e8ncia masclista. Un fet que es contraposa a les fotografies recents difoses pel Consell per l\u2019obertura d\u2019un centre de crisi a un pol\u00edgon industrial de Palma.   <\/p>\n<p>D\u2019altra banda, Cladera tamb\u00e9 ha destacat la manca de comprom\u00eds del Govern i Consell pel sosteniment del sector local de l\u2019aviram, una problem\u00e0tica al sector primari de Mallorca que se suma a la pol\u00e8mica pels projectes de macro-granges als quals el PP no s\u2019hi ha manifestat gens en contra. La pol\u00edtica del Consell en temes de m\u00f3n rural ser\u00e0 tamb\u00e9 objecte d\u2019una interpel\u00b7laci\u00f3 del Grup Socialista al ple de dem\u00e0. \u201cVeiem manca d\u2019inter\u00e8s per part del Consell en defensar el nostre producte local. Ja pot fer campanyes de producte local si despr\u00e9s no se sap seure amb els productors locals de pollastre ecol\u00f2gic, ni amb agricultura per trobar una soluci\u00f3 i col\u00b7laborar amb l\u2019Ajuntament d\u2019Inca i Agricultura, per trobar una soluci\u00f3 a la gesti\u00f3 de l\u2019escorxador i procurar que els nostres productors locals disposin d\u2019una sortida per a la seva activitat\u201d.   <\/p>\n[\/vc_column_text][\/vc_column][\/vc_row]\n\n\n\n<figure class=\"wp-block-audio\"><audio controls src=\"https:\/\/www.psib-psoe.org\/mallorca\/wp-content\/uploads\/080125_CATALINA-CLADERA-RDP.mp3\"><\/audio><\/figure>\n<\/div>","protected":false},"excerpt":{"rendered":"[vc_row][vc_column][vc_column_text] La portaveu del Grup Socialista al Consell de Mallorca, Catalina Cladera, ha instat a la modificaci\u00f3 del Reglament Org\u00e0nic del Consell (ROC) per evitar manifestacions d\u2019odi, menyspreu o befa cap a membres de la instituci\u00f3, ciutadans, institucions o determinats col\u00b7lectius durant les sessions del ple. Cladera atribueix la situaci\u00f3 creada per la irrupci\u00f3 de&hellip;","protected":false},"author":3,"featured_media":29342,"comment_status":"closed","ping_status":"closed","sticky":false,"template":"","format":"standard","meta":{"footnotes":""},"categories":[2,1,90,92],"tags":[105,77,226,504,84,296],"class_list":["post-29341","post","type-post","status-publish","format-standard","has-post-thumbnail","hentry","category-federacio-de-mallorca","category-federacio-de-mallorca-portada","category-municipis","category-portada","tag-catalina-cladera","tag-federacio-socialista-de-mallorca","tag-javier-de-juan","tag-juana-m-adrover","tag-psib-psoe","tag-sofia-alonso"],"_links":{"self":[{"href":"https:\/\/www.psib-psoe.org\/mallorca\/wp-json\/wp\/v2\/posts\/29341"}],"collection":[{"href":"https:\/\/www.psib-psoe.org\/mallorca\/wp-json\/wp\/v2\/posts"}],"about":[{"href":"https:\/\/www.psib-psoe.org\/mallorca\/wp-json\/wp\/v2\/types\/post"}],"author":[{"embeddable":true,"href":"https:\/\/www.psib-psoe.org\/mallorca\/wp-json\/wp\/v2\/users\/3"}],"replies":[{"embeddable":true,"href":"https:\/\/www.psib-psoe.org\/mallorca\/wp-json\/wp\/v2\/comments?post=29341"}],"version-history":[{"count":1,"href":"https:\/\/www.psib-psoe.org\/mallorca\/wp-json\/wp\/v2\/posts\/29341\/revisions"}],"predecessor-version":[{"id":29344,"href":"https:\/\/www.psib-psoe.org\/mallorca\/wp-json\/wp\/v2\/posts\/29341\/revisions\/29344"}],"wp:featuredmedia":[{"embeddable":true,"href":"https:\/\/www.psib-psoe.org\/mallorca\/wp-json\/wp\/v2\/media\/29342"}],"wp:attachment":[{"href":"https:\/\/www.psib-psoe.org\/mallorca\/wp-json\/wp\/v2\/media?parent=29341"}],"wp:term":[{"taxonomy":"category","embeddable":true,"href":"https:\/\/www.psib-psoe.org\/mallorca\/wp-json\/wp\/v2\/categories?post=29341"},{"taxonomy":"post_tag","embeddable":true,"href":"https:\/\/www.psib-psoe.org\/mallorca\/wp-json\/wp\/v2\/tags?post=29341"}],"curies":[{"name":"wp","href":"https:\/\/api.w.org\/{rel}","templated":true}]}}