{"id":29345,"date":"2025-01-09T19:21:53","date_gmt":"2025-01-09T17:21:53","guid":{"rendered":"https:\/\/www.psib-psoe.org\/mallorca\/?p=29345"},"modified":"2025-01-09T19:21:54","modified_gmt":"2025-01-09T17:21:54","slug":"els-socialistes-exigeixen-saber-el-cost-del-viatge-del-vicepresident-del-consell-pedro-bestard-a-larabia-que-ha-provocat-la-seva-absencia-del-ple-davui","status":"publish","type":"post","link":"https:\/\/www.psib-psoe.org\/mallorca\/els-socialistes-exigeixen-saber-el-cost-del-viatge-del-vicepresident-del-consell-pedro-bestard-a-larabia-que-ha-provocat-la-seva-absencia-del-ple-davui\/","title":{"rendered":"Els Socialistes exigeixen saber el cost del viatge del vicepresident del Consell, Pedro Bestard, a l\u2019Ar\u00e0bia que ha provocat la seva abs\u00e8ncia del ple d\u2019avui.\u00a0\u00a0 \u00a0"},"content":{"rendered":"<div class=\"wpb-content-wrapper\">\n<figure class=\"wp-block-image size-full is-resized is-style-default\"><img loading=\"lazy\" decoding=\"async\" width=\"2560\" height=\"1920\" src=\"https:\/\/www.psib-psoe.org\/mallorca\/wp-content\/uploads\/ple-090125-scaled.jpeg\" alt=\"\" class=\"wp-image-29346\" style=\"width:788px;height:auto\" srcset=\"https:\/\/www.psib-psoe.org\/mallorca\/wp-content\/uploads\/ple-090125-scaled.jpeg 2560w, https:\/\/www.psib-psoe.org\/mallorca\/wp-content\/uploads\/ple-090125-300x225.jpeg 300w, https:\/\/www.psib-psoe.org\/mallorca\/wp-content\/uploads\/ple-090125-1024x768.jpeg 1024w, https:\/\/www.psib-psoe.org\/mallorca\/wp-content\/uploads\/ple-090125-768x576.jpeg 768w, https:\/\/www.psib-psoe.org\/mallorca\/wp-content\/uploads\/ple-090125-1536x1152.jpeg 1536w, https:\/\/www.psib-psoe.org\/mallorca\/wp-content\/uploads\/ple-090125-2048x1536.jpeg 2048w, https:\/\/www.psib-psoe.org\/mallorca\/wp-content\/uploads\/ple-090125-150x113.jpeg 150w, https:\/\/www.psib-psoe.org\/mallorca\/wp-content\/uploads\/ple-090125-600x450.jpeg 600w, https:\/\/www.psib-psoe.org\/mallorca\/wp-content\/uploads\/ple-090125-900x675.jpeg 900w, https:\/\/www.psib-psoe.org\/mallorca\/wp-content\/uploads\/ple-090125-20x16.jpeg 20w\" sizes=\"(max-width: 2560px) 100vw, 2560px\" \/><\/figure>\n\n\n[vc_row][vc_column][vc_column_text]\n<p><em><u>La portaveu socialista, Catalina Cladera, ha reclamat que s\u2019aporti tota la informaci\u00f3 per saber el cost per les arques p\u00fabliques del viatge de Bestard per assistir al partit d\u2019avui de semifinals de la Supercopa d\u2019Espanya que disputen Reial Mallorca i Reial Madrid.<br \/>\nEn la sessi\u00f3 del ple el PP ha evitat posicionar-se en favor de la regeneraci\u00f3 pol\u00edtica del Consell de Mallorca per eliminar missatges d\u2019odi, insults i desqualificacions de l\u2019extrema dreta. Tamb\u00e9 ha tancat la porta a recuperar l\u2019atenci\u00f3 de cap de setmana a les persones majors dependents dels municipis del Pla de Mallorca, i tampoc han reconegut la cabdal aportaci\u00f3 de la migraci\u00f3 arribada a Mallorca en la millora col\u00b7lectiva, i en el sosteniment de l\u2019economia.<br \/>\n   <\/u><\/em><\/p>\n[\/vc_column_text][\/vc_column][\/vc_row]\n\n\n[vc_row][vc_column][vc_column_text]\n<p>La trona del vicepresident del Consell de Mallorca, Pedro Bestard, ha quedat buida durant tota la sessi\u00f3 del ple celebrada avui. El motiu no ha estat altre que el de preferir viatjar amb l\u2019expedici\u00f3 del Reial Mallorca, des del passat dimarts a l\u2019Ar\u00e0bia Saudita, per assistir al partit que disputa aquest dijous, conjuntament amb el director insular d\u2019Esports, Antoni Prats. <\/p>\n<p>Bestard ha deixat en mans de la consellera executiva del seu mateix partit, Pilar Amate, la defensa dels punts de l\u2019ordre del dia que ha deixat pendents de fer. La portaveu socialista, Catalina Cladera ha reclamat a l\u2019equip de govern que expliqui com \u00e9s possible que l\u2019assist\u00e8ncia a un partit de futbol pugui justificar l\u2019abs\u00e8ncia d\u2019un conseller en un ple del Consell. Acte seguit, Cladera ha exigit que es coneguin totes les despeses causades per Bestard i el seu seguici en un despla\u00e7ament de m\u00e9s de 12.000 kil\u00f2metres, i quin \u00e9s el cost que ha generat a les arques p\u00fabliques. <\/p>\n<p>La sessi\u00f3 d\u2019avui ha tingut el protagonisme dissortat d\u2019un PP que s\u2019ha mostrat contrari a la regeneraci\u00f3 democr\u00e0tica, a recon\u00e8ixer el paper cabdal de les persones migrants en l\u2019economia de Mallorca, i que tampoc ha volgut posar soluci\u00f3 als problemes de les persones majors dependents del Pla de Mallorca que es queden sense atenci\u00f3 domicili\u00e0ria des del passat mes de novembre. <\/p>\n<p>Aix\u00ed, la formaci\u00f3 de Galm\u00e9s ha votat no a una moci\u00f3 socialista que pretenia introduir algunes reformes en el Reglament Org\u00e0nic del Consell per a millorar el control dels plens, i evitar que s\u2019hi puguin vessar missatges d\u2019odi, insults o desqualificacions grolleres cap a membres de la corporaci\u00f3, institucions o col\u00b7lectius que no s\u00f3n del gust de la formaci\u00f3 de l\u2019extrema dreta que forma pacte de govern, precisament amb el PP.<br \/>\nLa consellera socialista Juana M. Adrover ha afirmat que la proposta \u201cno \u00e9s ideol\u00f2gica sin\u00f3 per defensar els principis del Consell de Mallorca, com a espai de representaci\u00f3 democr\u00e0tica\u201d. Per Adrover \u201cdir no a la moci\u00f3 suposa un si a la crispaci\u00f3, a les formes totalit\u00e0ries, a les manques de respecte, a l\u2019ab\u00fas de poder per a fer menyspreu\u201d. Un vot negatiu del PP que ha estat la constant avui en la sessi\u00f3 del ple del Consell, davant de les propostes del Grup Socialista. <\/p>\n<p>Aix\u00ed tamb\u00e9 s\u2019ha debatut la moci\u00f3, defensada pel portaveu adjunt de la formaci\u00f3 socialista, Javier de Juan, en la que es proposava enaltir la figura dels migrants establerts a Mallorca tamb\u00e9 a partir de la seva aportaci\u00f3 a l\u2019economia local. \u201cTotes les dades apunten a que els migrants ajuden a la nostra comunitat, a que sigui m\u00e9s justa i pr\u00f2spera; necessitem humanitzar aquestes persones, compartir les seves hist\u00f2ries, i contar els beneficis que aporten a la nostra societat\u201d. <\/p>\n<p>De Juan ha revelat la inconsist\u00e8ncia del relat classista i xen\u00f2fob de l\u2019extrema dreta quan ha apuntat que \u201cno fan difer\u00e8ncies entre legals o il\u00b7legals, sin\u00f3 entre rics i pobres, per que avui tenen al seu vicepresident a l\u2019Ar\u00e0bia entre \u00e0rabs rics, mentre que aqu\u00ed vost\u00e8s el que no volen s\u00f3n als pobres\u201d. <\/p>\n<p>D\u2019altra banda, les persones majors del Pla de Mallorca no podran recuperar el servei del SAID durant el cap de setmana. Despr\u00e9s que el Govern n\u2019hagi assumit la gesti\u00f3, el passat mes de novembre, ja no s\u2019accepten noves sol\u00b7licituds d\u2019atenci\u00f3 a domicili durant el cap de setmana a tots els municipis del Pla, ja que tampoc el Consell accepta fer-se c\u00e0rrec subsidi\u00e0riament d\u2019aquesta cobertura que si funcionava fins fa dos mesos. La consellera socialista, Sofia Alonso, ha demanat \u201cuna aposta clara per a que tots els ciutadans de Mallorca puguin tenir els mateixos drets, visquin a on visquin\u201d, en relaci\u00f3 a aquelles persones d\u2019altres indrets que si poden entrar dins del programa d\u2019atenci\u00f3 a domicili del SAID. Alonso ha palesat que darrere dels anuncis de l\u2019equip de govern de l\u2019increment de pressupost i recursos per a la pol\u00edtica social de la instituci\u00f3 \u201cno hi ha res, per que no s\u00f3n capa\u00e7os de destinar els recursos all\u00e0 on toca\u201d. <\/p>\n[\/vc_column_text][\/vc_column][\/vc_row]\n<\/div>","protected":false},"excerpt":{"rendered":"[vc_row][vc_column][vc_column_text] La portaveu socialista, Catalina Cladera, ha reclamat que s\u2019aporti tota la informaci\u00f3 per saber el cost per les arques p\u00fabliques del viatge de Bestard per assistir al partit d\u2019avui de semifinals de la Supercopa d\u2019Espanya que disputen Reial Mallorca i Reial Madrid. En la sessi\u00f3 del ple el PP ha evitat posicionar-se en favor&hellip;","protected":false},"author":3,"featured_media":29346,"comment_status":"closed","ping_status":"closed","sticky":false,"template":"","format":"standard","meta":{"footnotes":""},"categories":[2,1,90,92],"tags":[343,447,105,77,226,483,504,532,84,296],"class_list":["post-29345","post","type-post","status-publish","format-standard","has-post-thumbnail","hentry","category-federacio-de-mallorca","category-federacio-de-mallorca-portada","category-municipis","category-portada","tag-andreu-serra","tag-bea-gamundi","tag-catalina-cladera","tag-federacio-socialista-de-mallorca","tag-javier-de-juan","tag-joan-ferrer","tag-juana-m-adrover","tag-maria-antonia-truyols","tag-psib-psoe","tag-sofia-alonso"],"_links":{"self":[{"href":"https:\/\/www.psib-psoe.org\/mallorca\/wp-json\/wp\/v2\/posts\/29345"}],"collection":[{"href":"https:\/\/www.psib-psoe.org\/mallorca\/wp-json\/wp\/v2\/posts"}],"about":[{"href":"https:\/\/www.psib-psoe.org\/mallorca\/wp-json\/wp\/v2\/types\/post"}],"author":[{"embeddable":true,"href":"https:\/\/www.psib-psoe.org\/mallorca\/wp-json\/wp\/v2\/users\/3"}],"replies":[{"embeddable":true,"href":"https:\/\/www.psib-psoe.org\/mallorca\/wp-json\/wp\/v2\/comments?post=29345"}],"version-history":[{"count":2,"href":"https:\/\/www.psib-psoe.org\/mallorca\/wp-json\/wp\/v2\/posts\/29345\/revisions"}],"predecessor-version":[{"id":29348,"href":"https:\/\/www.psib-psoe.org\/mallorca\/wp-json\/wp\/v2\/posts\/29345\/revisions\/29348"}],"wp:featuredmedia":[{"embeddable":true,"href":"https:\/\/www.psib-psoe.org\/mallorca\/wp-json\/wp\/v2\/media\/29346"}],"wp:attachment":[{"href":"https:\/\/www.psib-psoe.org\/mallorca\/wp-json\/wp\/v2\/media?parent=29345"}],"wp:term":[{"taxonomy":"category","embeddable":true,"href":"https:\/\/www.psib-psoe.org\/mallorca\/wp-json\/wp\/v2\/categories?post=29345"},{"taxonomy":"post_tag","embeddable":true,"href":"https:\/\/www.psib-psoe.org\/mallorca\/wp-json\/wp\/v2\/tags?post=29345"}],"curies":[{"name":"wp","href":"https:\/\/api.w.org\/{rel}","templated":true}]}}