{"id":29349,"date":"2025-01-10T14:14:20","date_gmt":"2025-01-10T12:14:20","guid":{"rendered":"https:\/\/www.psib-psoe.org\/mallorca\/?p=29349"},"modified":"2025-01-10T14:14:22","modified_gmt":"2025-01-10T12:14:22","slug":"el-grup-socialista-al-consell-exigeix-galmes-el-cessament-del-conseller-de-turisme-jose-marcial-rodriguez","status":"publish","type":"post","link":"https:\/\/www.psib-psoe.org\/mallorca\/el-grup-socialista-al-consell-exigeix-galmes-el-cessament-del-conseller-de-turisme-jose-marcial-rodriguez\/","title":{"rendered":"El Grup Socialista al Consell exigeix Galm\u00e9s el cessament del conseller de Turisme, Jos\u00e9 Marcial Rodr\u00edguez. \u00a0"},"content":{"rendered":"<div class=\"wpb-content-wrapper\">\n<figure class=\"wp-block-image size-full is-resized is-style-default\"><img loading=\"lazy\" decoding=\"async\" width=\"1536\" height=\"2048\" src=\"https:\/\/www.psib-psoe.org\/mallorca\/wp-content\/uploads\/Cladera-Cas-Marcial-1.jpeg\" alt=\"\" class=\"wp-image-29350\" style=\"width:788px;height:auto\" srcset=\"https:\/\/www.psib-psoe.org\/mallorca\/wp-content\/uploads\/Cladera-Cas-Marcial-1.jpeg 1536w, https:\/\/www.psib-psoe.org\/mallorca\/wp-content\/uploads\/Cladera-Cas-Marcial-1-225x300.jpeg 225w, https:\/\/www.psib-psoe.org\/mallorca\/wp-content\/uploads\/Cladera-Cas-Marcial-1-768x1024.jpeg 768w, https:\/\/www.psib-psoe.org\/mallorca\/wp-content\/uploads\/Cladera-Cas-Marcial-1-1152x1536.jpeg 1152w, https:\/\/www.psib-psoe.org\/mallorca\/wp-content\/uploads\/Cladera-Cas-Marcial-1-300x400.jpeg 300w, https:\/\/www.psib-psoe.org\/mallorca\/wp-content\/uploads\/Cladera-Cas-Marcial-1-150x200.jpeg 150w, https:\/\/www.psib-psoe.org\/mallorca\/wp-content\/uploads\/Cladera-Cas-Marcial-1-600x800.jpeg 600w, https:\/\/www.psib-psoe.org\/mallorca\/wp-content\/uploads\/Cladera-Cas-Marcial-1-900x1200.jpeg 900w, https:\/\/www.psib-psoe.org\/mallorca\/wp-content\/uploads\/Cladera-Cas-Marcial-1-20x27.jpeg 20w\" sizes=\"(max-width: 1536px) 100vw, 1536px\" \/><\/figure>\n\n\n[vc_row][vc_column][vc_column_text]\n<p><em><u>Avui s\u2019ha conegut la den\u00fancia d\u2019un grup de funcionaris del departament de Turisme del Consell que, de manera an\u00f2nima, han acusat al conseller Jos\u00e9 Marcial Rodr\u00edguez per suposada coacci\u00f3, maltractament i inger\u00e8ncia pol\u00edtica dins d\u2019expedients en tr\u00e0mit. La portaveu del Grup Socialista, Catalina Cladera s\u2019ha mostrat \u201cmolt preocupada\u201d davant les informacions publicades, i ha exigit a Galm\u00e9s \u201cel cessament de Marcial Rodr\u00edguez com a conseller i que doni explicacions dels fets en un ple extraordinari del Consell\u201d.<br \/>\n   <\/u><\/em><\/p>\n[\/vc_column_text][\/vc_column][\/vc_row]\n\n\n[vc_row][vc_column][vc_column_text]\n<p>La portaveu socialista al Consell, Catalina Cladera, ha demanat que Lloren\u00e7 Galm\u00e9s \u201ccessi immediatament el seu conseller de Turisme, Jos\u00e9 Marcial Rodr\u00edguez\u201d, despr\u00e9s de fer-se p\u00fablica la den\u00fancia d\u2019un grup de funcionaris del departament de Turisme, en la qual es relaten episodis de suposats maltractes i amenaces, inger\u00e8ncies pol\u00edtiques en les tramitacions d\u2019alguns expedients i mal clima laboral.<br \/>\n\u201cS\u00f3n fets molt preocupants\u201d ha dit Cladera, per que \u201cno es pot permetre que un alt c\u00e0rrec sobre el que pesen aquestes acusacions segueixi com a conseller de Turisme\u201d. El Grup Socialista tamb\u00e9 ha enregistrat una petici\u00f3 de convocat\u00f2ria d\u2019un ple extraordinari per a qu\u00e8 Galm\u00e9s pugui explicar els fets. \u201cEns ha d\u2019explicar si ell ja coneixia aquests fets, que es remunten a fa m\u00e9s d\u2019un any, com \u00e9s que els ha perm\u00e8s\u201d.<br \/>\nUn altre dels aspectes preocupants de la den\u00fancia p\u00fablica \u00e9s els suposats !\u201dtractes de favor en la tramitaci\u00f3 de determinats expedients\u201d, com el cas dels agroturismes Sa Vinya d\u2019Andratx o sa Talaia Blanca. Sobre aquest darrer establiment pesa una ordre de tancament per sent\u00e8ncia judicial ferma que no s\u2019ha fet complir. O casos de falsejament de dades de la inspecci\u00f3 tur\u00edstica. \u201cNecessitam saber tot aix\u00f2, que el sr. Galm\u00e9s doni la cara\u201d.<br \/>\nCladera ha reclamat tamb\u00e9 una auditoria interna per avaluar la gesti\u00f3 del departament de Turisme durant tota la legislatura, per comprovar aquests indicis d\u2019inger\u00e8ncia pol\u00edtica dins de la tramitaci\u00f3 dels expedients. \u201cEn funci\u00f3 de tot el que es pugui saber, tamb\u00e9 demanem al Consell Insular i al sr. Galm\u00e9s que ho denunci\u00ef davant la Fiscalia, davant de la gravetat dels fets.<br \/>\nCladera, en nom del Grup Socialista, ha llen\u00e7at un missatge de suport als funcionaris del Consell de Mallorca, i n\u2019ha demanat \u201cprotecci\u00f3\u201d. Hi ha mostres \u201cm\u00e9s que suficients\u201d de les inger\u00e8ncies que han patit els funcionaris de Turisme; tampoc s\u2019han ofert dades concloents de la feina de la inspecci\u00f3 tur\u00edstica, malgrat les comunicacions confuses al respecte que ha fet el conseller Marcial Rodr\u00edguez, i en quant a la reducci\u00f3 de places tur\u00edstiques, Cladera ha destacat que \u201cen cap moment ha semblat que els anuncis de Galm\u00e9s s\u2019han arribat a dur a terme per part del departament\u201d.  <\/p>\n[\/vc_column_text][\/vc_column][\/vc_row]\n\n\n\n<figure class=\"wp-block-audio\"><audio controls src=\"https:\/\/www.psib-psoe.org\/mallorca\/wp-content\/uploads\/Declaracions-Cladera-Cas-Marcial-100125-mp3cut.net_.mp3\"><\/audio><\/figure>\n<\/div>","protected":false},"excerpt":{"rendered":"[vc_row][vc_column][vc_column_text] Avui s\u2019ha conegut la den\u00fancia d\u2019un grup de funcionaris del departament de Turisme del Consell que, de manera an\u00f2nima, han acusat al conseller Jos\u00e9 Marcial Rodr\u00edguez per suposada coacci\u00f3, maltractament i inger\u00e8ncia pol\u00edtica dins d\u2019expedients en tr\u00e0mit. La portaveu del Grup Socialista, Catalina Cladera s\u2019ha mostrat \u201cmolt preocupada\u201d davant les informacions publicades, i ha&hellip;","protected":false},"author":3,"featured_media":29352,"comment_status":"closed","ping_status":"closed","sticky":false,"template":"","format":"standard","meta":{"footnotes":""},"categories":[2,1,90,92],"tags":[343,105,77,226,483,84],"class_list":["post-29349","post","type-post","status-publish","format-standard","has-post-thumbnail","hentry","category-federacio-de-mallorca","category-federacio-de-mallorca-portada","category-municipis","category-portada","tag-andreu-serra","tag-catalina-cladera","tag-federacio-socialista-de-mallorca","tag-javier-de-juan","tag-joan-ferrer","tag-psib-psoe"],"_links":{"self":[{"href":"https:\/\/www.psib-psoe.org\/mallorca\/wp-json\/wp\/v2\/posts\/29349"}],"collection":[{"href":"https:\/\/www.psib-psoe.org\/mallorca\/wp-json\/wp\/v2\/posts"}],"about":[{"href":"https:\/\/www.psib-psoe.org\/mallorca\/wp-json\/wp\/v2\/types\/post"}],"author":[{"embeddable":true,"href":"https:\/\/www.psib-psoe.org\/mallorca\/wp-json\/wp\/v2\/users\/3"}],"replies":[{"embeddable":true,"href":"https:\/\/www.psib-psoe.org\/mallorca\/wp-json\/wp\/v2\/comments?post=29349"}],"version-history":[{"count":1,"href":"https:\/\/www.psib-psoe.org\/mallorca\/wp-json\/wp\/v2\/posts\/29349\/revisions"}],"predecessor-version":[{"id":29353,"href":"https:\/\/www.psib-psoe.org\/mallorca\/wp-json\/wp\/v2\/posts\/29349\/revisions\/29353"}],"wp:featuredmedia":[{"embeddable":true,"href":"https:\/\/www.psib-psoe.org\/mallorca\/wp-json\/wp\/v2\/media\/29352"}],"wp:attachment":[{"href":"https:\/\/www.psib-psoe.org\/mallorca\/wp-json\/wp\/v2\/media?parent=29349"}],"wp:term":[{"taxonomy":"category","embeddable":true,"href":"https:\/\/www.psib-psoe.org\/mallorca\/wp-json\/wp\/v2\/categories?post=29349"},{"taxonomy":"post_tag","embeddable":true,"href":"https:\/\/www.psib-psoe.org\/mallorca\/wp-json\/wp\/v2\/tags?post=29349"}],"curies":[{"name":"wp","href":"https:\/\/api.w.org\/{rel}","templated":true}]}}