{"id":29360,"date":"2025-01-14T15:48:51","date_gmt":"2025-01-14T13:48:51","guid":{"rendered":"https:\/\/www.psib-psoe.org\/mallorca\/?p=29360"},"modified":"2025-01-14T15:48:53","modified_gmt":"2025-01-14T13:48:53","slug":"cladera-un-conseller-que-rep-denuncies-per-amenacar-funcionaris-no-pot-seguir-ni-un-minut-mes-en-el-carrec-galmes-ha-de-cessar-marcial-rodriguez","status":"publish","type":"post","link":"https:\/\/www.psib-psoe.org\/mallorca\/cladera-un-conseller-que-rep-denuncies-per-amenacar-funcionaris-no-pot-seguir-ni-un-minut-mes-en-el-carrec-galmes-ha-de-cessar-marcial-rodriguez\/","title":{"rendered":"Cladera: \u201cun conseller que rep den\u00fancies per amena\u00e7ar funcionaris no pot seguir ni un minut m\u00e9s en el c\u00e0rrec; Galm\u00e9s ha de cessar Marcial Rodr\u00edguez\u201d."},"content":{"rendered":"<div class=\"wpb-content-wrapper\">\n<figure class=\"wp-block-image size-full is-resized is-style-default\"><img loading=\"lazy\" decoding=\"async\" width=\"2560\" height=\"1920\" src=\"https:\/\/www.psib-psoe.org\/mallorca\/wp-content\/uploads\/Rdp-140125.jpeg\" alt=\"\" class=\"wp-image-29361\" style=\"width:788px;height:auto\" srcset=\"https:\/\/www.psib-psoe.org\/mallorca\/wp-content\/uploads\/Rdp-140125.jpeg 2560w, https:\/\/www.psib-psoe.org\/mallorca\/wp-content\/uploads\/Rdp-140125-300x225.jpeg 300w, https:\/\/www.psib-psoe.org\/mallorca\/wp-content\/uploads\/Rdp-140125-1024x768.jpeg 1024w, https:\/\/www.psib-psoe.org\/mallorca\/wp-content\/uploads\/Rdp-140125-768x576.jpeg 768w, https:\/\/www.psib-psoe.org\/mallorca\/wp-content\/uploads\/Rdp-140125-1536x1152.jpeg 1536w, https:\/\/www.psib-psoe.org\/mallorca\/wp-content\/uploads\/Rdp-140125-2048x1536.jpeg 2048w, https:\/\/www.psib-psoe.org\/mallorca\/wp-content\/uploads\/Rdp-140125-150x113.jpeg 150w, https:\/\/www.psib-psoe.org\/mallorca\/wp-content\/uploads\/Rdp-140125-600x450.jpeg 600w, https:\/\/www.psib-psoe.org\/mallorca\/wp-content\/uploads\/Rdp-140125-900x675.jpeg 900w, https:\/\/www.psib-psoe.org\/mallorca\/wp-content\/uploads\/Rdp-140125-20x16.jpeg 20w\" sizes=\"(max-width: 2560px) 100vw, 2560px\" \/><\/figure>\n\n\n[vc_row][vc_column][vc_column_text]\n<p><em><u>Aquest pr\u00f2xim dijous s\u2019han fixat les compareixences de Marcial Rodr\u00edguez i de Galm\u00e9s en un ple extraordinari del Consell de Mallorca convocat a petici\u00f3 del Grup Socialista i de Mes per Mallorca, en relaci\u00f3 la den\u00fancia interposada per funcionaris del departament de Turisme, que posa de manifest greus acusacions sobre comportament agressiu i suposades inger\u00e8ncies del conseller i el seu equip sobre la tramitaci\u00f3 dels expedients. La portaveu socialista al Consell, Catalina Cladera, ha insistit en la responsabilitat de Galm\u00e9s en uns actes que haurien de suposar \u201cel cessament immediat de Marcial Rodr\u00edquez\u201d Per la socialista, \u201csi la den\u00fancia \u00e9s prou expl\u00edcita, les declaracions de Marcial del passat divendres encara el posen en pitjor situaci\u00f3\u201d.<br \/>\n   <\/u><\/em><\/p>\n[\/vc_column_text][\/vc_column][\/vc_row]\n\n\n[vc_row][vc_column][vc_column_text]\n<p>Aquest dijous el Consell de Mallorca celebra un ple extraordinari a petici\u00f3 dels grups Socialista i de Mes per Mallorca, que inclour\u00e0 les compareixences de Lloren\u00e7 Galm\u00e9s, i de Jos\u00e9 Marcial Rodr\u00edguez, en relaci\u00f3 amb el coneixement d\u2019una den\u00fancia an\u00f2nima tramitada per un grup de funcionaris del departament de Turisme de la instituci\u00f3, que posa de manifest actituds agressives i amena\u00e7adores del conseller cap a membres del seu equip i inger\u00e8ncies pol\u00edtiques en la tramitaci\u00f3 de determinats expedients d\u2019ordenaci\u00f3 tur\u00edstica, com en el cas de l\u2019agroturisme de Muro sa Talaia Blanca i el de sa Vinya d\u2019Andratx.<br \/>\nPer Catalina Cladera, la den\u00fancia dels funcionaris posa de manifest \u201cfets molt greus\u201d, i demostra que Marcial Rodr\u00edguez es comporta de manera agressiva y autorit\u00e0ria i \u201chan intentat influir en el treball de la inspecci\u00f3\u201d. La socialista insisteix en el fet que la gesti\u00f3 de Marcial Rodr\u00edguez \u00e9s fluixa i que ell i el seu equip han manipulat dades per acomodar el seu relat pol\u00edtic. Cladera ha mostrat el suport als funcionaris afectats per l\u2019actitud del conseller de Turisme, i n\u2019ha demanat la seva protecci\u00f3.<br \/>\nPer aix\u00f2 els socialistes han reiterat avui la petici\u00f3 de cessament immediat de Marcial Rodr\u00edguez, una decisi\u00f3 que ha de prendre el president del Consell en primera persona. D\u2019igual manera, el grup<br \/>\nLes declaracions de divendres s\u00f3n \u201cmolt preocupants\u201d i la mostra m\u00e9s evident que \u201cMarcial Rodr\u00edguez no pot seguir com a c\u00e0rrec p\u00fablic del Consell de Mallorca. Galm\u00e9s no te m\u00e9s remei que fer-lo cessar del c\u00e0rrec\u201d.  Es queixa de que les den\u00fancies s\u00f3n an\u00f2nimes i al\u00b7lega indefensi\u00f3. firma que tot el que s\u2019ha publicat \u00e9s fals, quan precisament el Sistema Intern d\u2019Informaci\u00f3 del Consell \u00e9s el mecanisme que permet fer aquesta classe de den\u00fancies an\u00f2nimes per a garantir la seguretat del denunciant d\u2019abusos de poder, com \u00e9s el cas. Cladera ha demanat \u201cque es deixi fer feina\u201d a la comissi\u00f3 del Consell de Mallorca que ha de tramitar la den\u00fancia.<br \/>\nDurant tots aquests dies no hem vist ni una declaraci\u00f3, ni un tuit de Galm\u00e9s ni del PP en defensa de Marcial\u201d, ha constatat Cladera. En conseq\u00fc\u00e8ncia, cal que expliqui quin coneixement ha tingut d\u2019aquesta situaci\u00f3, i per qu\u00e8 no ha actuat. Per Cladera, resulta \u201clamentable que haguem de discutir sobre aquests temes quan tenim reptes com el nou model tur\u00edstic i la conviv\u00e8ncia dels residents amb els visitants, i ens trobem a la setmana pr\u00e8via a la fira FITUR\u201d. <\/p>\n[\/vc_column_text][\/vc_column][\/vc_row]\n\n\n\n<figure class=\"wp-block-audio\"><audio controls src=\"https:\/\/www.psib-psoe.org\/mallorca\/wp-content\/uploads\/140125_RDP-CATALINA-CLADERA.mp3\"><\/audio><\/figure>\n<\/div>","protected":false},"excerpt":{"rendered":"[vc_row][vc_column][vc_column_text] Aquest pr\u00f2xim dijous s\u2019han fixat les compareixences de Marcial Rodr\u00edguez i de Galm\u00e9s en un ple extraordinari del Consell de Mallorca convocat a petici\u00f3 del Grup Socialista i de Mes per Mallorca, en relaci\u00f3 la den\u00fancia interposada per funcionaris del departament de Turisme, que posa de manifest greus acusacions sobre comportament agressiu i suposades&hellip;","protected":false},"author":3,"featured_media":29361,"comment_status":"closed","ping_status":"closed","sticky":false,"template":"","format":"standard","meta":{"footnotes":""},"categories":[2,1,90,92],"tags":[105,77,226,483,84],"class_list":["post-29360","post","type-post","status-publish","format-standard","has-post-thumbnail","hentry","category-federacio-de-mallorca","category-federacio-de-mallorca-portada","category-municipis","category-portada","tag-catalina-cladera","tag-federacio-socialista-de-mallorca","tag-javier-de-juan","tag-joan-ferrer","tag-psib-psoe"],"_links":{"self":[{"href":"https:\/\/www.psib-psoe.org\/mallorca\/wp-json\/wp\/v2\/posts\/29360"}],"collection":[{"href":"https:\/\/www.psib-psoe.org\/mallorca\/wp-json\/wp\/v2\/posts"}],"about":[{"href":"https:\/\/www.psib-psoe.org\/mallorca\/wp-json\/wp\/v2\/types\/post"}],"author":[{"embeddable":true,"href":"https:\/\/www.psib-psoe.org\/mallorca\/wp-json\/wp\/v2\/users\/3"}],"replies":[{"embeddable":true,"href":"https:\/\/www.psib-psoe.org\/mallorca\/wp-json\/wp\/v2\/comments?post=29360"}],"version-history":[{"count":1,"href":"https:\/\/www.psib-psoe.org\/mallorca\/wp-json\/wp\/v2\/posts\/29360\/revisions"}],"predecessor-version":[{"id":29363,"href":"https:\/\/www.psib-psoe.org\/mallorca\/wp-json\/wp\/v2\/posts\/29360\/revisions\/29363"}],"wp:featuredmedia":[{"embeddable":true,"href":"https:\/\/www.psib-psoe.org\/mallorca\/wp-json\/wp\/v2\/media\/29361"}],"wp:attachment":[{"href":"https:\/\/www.psib-psoe.org\/mallorca\/wp-json\/wp\/v2\/media?parent=29360"}],"wp:term":[{"taxonomy":"category","embeddable":true,"href":"https:\/\/www.psib-psoe.org\/mallorca\/wp-json\/wp\/v2\/categories?post=29360"},{"taxonomy":"post_tag","embeddable":true,"href":"https:\/\/www.psib-psoe.org\/mallorca\/wp-json\/wp\/v2\/tags?post=29360"}],"curies":[{"name":"wp","href":"https:\/\/api.w.org\/{rel}","templated":true}]}}