{"id":29379,"date":"2025-01-20T13:03:35","date_gmt":"2025-01-20T11:03:35","guid":{"rendered":"https:\/\/www.psib-psoe.org\/mallorca\/?p=29379"},"modified":"2025-01-20T13:03:36","modified_gmt":"2025-01-20T11:03:36","slug":"el-grup-socialista-exigeix-que-galmes-i-rubio-expliquin-les-obres-fantasma-sexecuten-fa-dos-mesos-a-la-via-de-cintura-i-a-lautopista-de-llucmajor","status":"publish","type":"post","link":"https:\/\/www.psib-psoe.org\/mallorca\/el-grup-socialista-exigeix-que-galmes-i-rubio-expliquin-les-obres-fantasma-sexecuten-fa-dos-mesos-a-la-via-de-cintura-i-a-lautopista-de-llucmajor\/","title":{"rendered":"El Grup Socialista exigeix que Galmes i Rubio expliquin les \u201cobres-fantasma\u201d s\u2019executen fa dos mesos a la Via de Cintura i a l\u2019Autopista de Llucmajor."},"content":{"rendered":"<div class=\"wpb-content-wrapper\">\n<figure class=\"wp-block-image size-full is-resized is-style-default\"><img loading=\"lazy\" decoding=\"async\" width=\"2560\" height=\"1920\" src=\"https:\/\/www.psib-psoe.org\/mallorca\/wp-content\/uploads\/Ple-Marcial-Galmes-160125-scaled.jpeg\" alt=\"\" class=\"wp-image-29369\" style=\"width:788px;height:auto\" srcset=\"https:\/\/www.psib-psoe.org\/mallorca\/wp-content\/uploads\/Ple-Marcial-Galmes-160125-scaled.jpeg 2560w, https:\/\/www.psib-psoe.org\/mallorca\/wp-content\/uploads\/Ple-Marcial-Galmes-160125-300x225.jpeg 300w, https:\/\/www.psib-psoe.org\/mallorca\/wp-content\/uploads\/Ple-Marcial-Galmes-160125-1024x768.jpeg 1024w, https:\/\/www.psib-psoe.org\/mallorca\/wp-content\/uploads\/Ple-Marcial-Galmes-160125-768x576.jpeg 768w, https:\/\/www.psib-psoe.org\/mallorca\/wp-content\/uploads\/Ple-Marcial-Galmes-160125-1536x1152.jpeg 1536w, https:\/\/www.psib-psoe.org\/mallorca\/wp-content\/uploads\/Ple-Marcial-Galmes-160125-2048x1536.jpeg 2048w, https:\/\/www.psib-psoe.org\/mallorca\/wp-content\/uploads\/Ple-Marcial-Galmes-160125-150x113.jpeg 150w, https:\/\/www.psib-psoe.org\/mallorca\/wp-content\/uploads\/Ple-Marcial-Galmes-160125-600x450.jpeg 600w, https:\/\/www.psib-psoe.org\/mallorca\/wp-content\/uploads\/Ple-Marcial-Galmes-160125-900x675.jpeg 900w, https:\/\/www.psib-psoe.org\/mallorca\/wp-content\/uploads\/Ple-Marcial-Galmes-160125-20x16.jpeg 20w\" sizes=\"(max-width: 2560px) 100vw, 2560px\" \/><\/figure>\n\n\n[vc_row][vc_column][vc_column_text]\n<p><em><u>El Grup Socialista al Consell exigeix que l\u2019equip de govern expliqui d\u2019una vegada quin \u00e9s l\u2019abast i l\u2019objectiu de les obres que des de fa dos mesos es duen a terme a la Via de Cintura de Palma i a la l\u2019Autopista de Llucmajor en el tram d\u2019entrada a la Ciutat. L\u2019opacitat total d\u2019informaci\u00f3 p\u00fablica es combina amb l\u2019emissi\u00f3 de missatges de propaganda oficial totalment equ\u00edvoca del Consell, per justificar una situaci\u00f3 de provisionalitat que empitjora les condicions de circulaci\u00f3 per als conductors. Els socialistes tamb\u00e9 han exigit Galm\u00e9s i Rubio que mostrin aquests suposats informes preliminars sobre els que basen judicis de valor absurds sobre la inversemblant millora de la circulaci\u00f3 quan en realitat se circula m\u00e9s lent que mai.<\/p>\n[\/vc_column_text][\/vc_column][\/vc_row]\n\n\n[vc_row][vc_column][vc_column_text]\n<p>El passat 5 de novembre el Consell de Mallorca va informar de l\u2019inici d\u2019unes obres de reordenaci\u00f3 de carrils i que afectaven un tram de l\u2019Autopista de Llucmajor i 6 kil\u00f2metres de la Via de Cintura de Palma que havien de ser re-asfaltats, amb un cost de 16 milions d\u2019euros. Les obres havien d\u2019acabar a l\u2019inici de 2025 i s\u2019havien d\u2019executar de nit. Passats dos mesos i mig d\u2019obres, no existeix cap informaci\u00f3 de l\u2019equip de Govern sobre la finalitzaci\u00f3 de l\u2019obra, i a m\u00e9s es pot observar f\u00e0cilment com el Consell ha iniciat actuacions noves a la Via de Cintura que no va anunciar en el seu moment ni ha explicat posteriorment.<br \/>\n\u201cCertament el Consell est\u00e0 enganyant a la ciutadania amb unes obres-fantasma que provoquen mol\u00e8sties i caos als conductors que no sabem quan acabaran\u201d ha afirmat la portaveu socialista Catalina Cladera. Aprofitant les obres han eliminat provisionalment el carril Bus Vao i han afegit un nou carril en el tram de la Via de Cintura direcci\u00f3 Andratx dessota de la rotonda de Can Blau, un fet que ha provocat que els conductors hagin de davallar la velocitat a 60 per hora per que els carrils s\u00f3n massa estrets. \u201cRubio i Galm\u00e9s han aconseguit que els conductors vagin m\u00e9s a poc a poc que mai per la via de Cintura\u201d ha constatat la portaveu socialista. Per\u00f2 de manera fantasmag\u00f2rica, la propaganda difosa per l\u2019equip de Govern parla d\u2019informes preliminars que apunten tot el contrari. \u201cGalm\u00e9s es va presentar a les eleccions amb la promesa d\u2019incrementar la velocitat de la Via de Cintura a 100 per hora, sense cap informe que ho aval\u00e9s, per\u00f2 ara els vehicles han d\u2019anar a 60 km\/h en un tram d\u2019uns 6 km, un absurd tot plegat\u201d.<br \/>\nEl Grup Socialista exigeix a l\u2019equip de Govern que expliqui p\u00fablicament quines s\u00f3n les actuacions que executa en les obres als accessos a Palma, i quan pensa acabar-les, ja que tot sembla indicar que el Consell vol allargar la provisionalitat de les obres per mantenir fora de servei el carril Bus Vao, encara que sigui a costa de fer circular els vehicles a 60 per hora.<br \/>\nDarrerament es pot observar com s\u2019ha arrabassat tota la vegetaci\u00f3 i les antigues tanques de protecci\u00f3 de la mitjana de la Via de Cintura entre el pont de la carretera de Valldemossa i la incorporaci\u00f3 a l\u2019Autopista d\u2019Inca, amb la intenci\u00f3 prou evident d\u2019ampliar la plataforma de circulaci\u00f3. Una acci\u00f3 que no ha estat anunciada ni explicada per l\u2019equip de Govern .<br \/>\nEn canvi Galm\u00e9s i Rubio si que es refereixen a informes t\u00e8cnics preliminars del mateix departament per justificar una suposada davallada dels embossos als trams en obres. El Grup Socialista tamb\u00e9 exigeix con\u00e8ixer l\u2019abast d\u2019aquests informes, i els estudis que s\u2019han dut a terme, precisament en una \u00e8poca de l\u2019any on hi ha menys tr\u00e0nsit.<br \/>\n\u201c\u00c9s realment curi\u00f3s comprovar com el mateix equip de Govern que encarrega i presenta un Estudi de C\u00e0rrega de la xarxa vi\u00e0ria de Mallorca, que aporta 13 solucions per a la millora de la  mobilitat, \u00e9s el que afirma que no pensa aplicar la majoria d\u2019aquestes propostes, i en canvi executa obres que incrementen la capacitat de c\u00e0rrega de les vies, amb m\u00e9s asfalt i m\u00e9s carrils\u201d, ha apuntat Cladera.  <\/p>\n[\/vc_column_text][\/vc_column][\/vc_row]\n<\/div>","protected":false},"excerpt":{"rendered":"[vc_row][vc_column][vc_column_text] El Grup Socialista al Consell exigeix que l\u2019equip de govern expliqui d\u2019una vegada quin \u00e9s l\u2019abast i l\u2019objectiu de les obres que des de fa dos mesos es duen a terme a la Via de Cintura de Palma i a la l\u2019Autopista de Llucmajor en el tram d\u2019entrada a la Ciutat. L\u2019opacitat total d\u2019informaci\u00f3&hellip;","protected":false},"author":3,"featured_media":29369,"comment_status":"closed","ping_status":"closed","sticky":false,"template":"","format":"standard","meta":{"footnotes":""},"categories":[2,1,90,92],"tags":[343,447,546,105,77,226,483,504,532,296],"class_list":["post-29379","post","type-post","status-publish","format-standard","has-post-thumbnail","hentry","category-federacio-de-mallorca","category-federacio-de-mallorca-portada","category-municipis","category-portada","tag-andreu-serra","tag-bea-gamundi","tag-biel-alomar","tag-catalina-cladera","tag-federacio-socialista-de-mallorca","tag-javier-de-juan","tag-joan-ferrer","tag-juana-m-adrover","tag-maria-antonia-truyols","tag-sofia-alonso"],"_links":{"self":[{"href":"https:\/\/www.psib-psoe.org\/mallorca\/wp-json\/wp\/v2\/posts\/29379"}],"collection":[{"href":"https:\/\/www.psib-psoe.org\/mallorca\/wp-json\/wp\/v2\/posts"}],"about":[{"href":"https:\/\/www.psib-psoe.org\/mallorca\/wp-json\/wp\/v2\/types\/post"}],"author":[{"embeddable":true,"href":"https:\/\/www.psib-psoe.org\/mallorca\/wp-json\/wp\/v2\/users\/3"}],"replies":[{"embeddable":true,"href":"https:\/\/www.psib-psoe.org\/mallorca\/wp-json\/wp\/v2\/comments?post=29379"}],"version-history":[{"count":2,"href":"https:\/\/www.psib-psoe.org\/mallorca\/wp-json\/wp\/v2\/posts\/29379\/revisions"}],"predecessor-version":[{"id":29381,"href":"https:\/\/www.psib-psoe.org\/mallorca\/wp-json\/wp\/v2\/posts\/29379\/revisions\/29381"}],"wp:featuredmedia":[{"embeddable":true,"href":"https:\/\/www.psib-psoe.org\/mallorca\/wp-json\/wp\/v2\/media\/29369"}],"wp:attachment":[{"href":"https:\/\/www.psib-psoe.org\/mallorca\/wp-json\/wp\/v2\/media?parent=29379"}],"wp:term":[{"taxonomy":"category","embeddable":true,"href":"https:\/\/www.psib-psoe.org\/mallorca\/wp-json\/wp\/v2\/categories?post=29379"},{"taxonomy":"post_tag","embeddable":true,"href":"https:\/\/www.psib-psoe.org\/mallorca\/wp-json\/wp\/v2\/tags?post=29379"}],"curies":[{"name":"wp","href":"https:\/\/api.w.org\/{rel}","templated":true}]}}