{"id":29382,"date":"2025-01-22T11:19:09","date_gmt":"2025-01-22T09:19:09","guid":{"rendered":"https:\/\/www.psib-psoe.org\/mallorca\/?p=29382"},"modified":"2025-01-22T11:19:12","modified_gmt":"2025-01-22T09:19:12","slug":"el-grup-socialista-reclama-la-intervencio-del-servei-de-prevencio-de-riscos-laborals-del-consell-de-mallorca-per-protegir-els-funcionaris-que-han-denunciat-el-conseller-de-turisme","status":"publish","type":"post","link":"https:\/\/www.psib-psoe.org\/mallorca\/el-grup-socialista-reclama-la-intervencio-del-servei-de-prevencio-de-riscos-laborals-del-consell-de-mallorca-per-protegir-els-funcionaris-que-han-denunciat-el-conseller-de-turisme\/","title":{"rendered":"El Grup Socialista reclama la intervenci\u00f3 del Servei de Prevenci\u00f3 de Riscos Laborals del Consell de Mallorca per protegir els funcionaris que han denunciat el conseller de Turisme."},"content":{"rendered":"<div class=\"wpb-content-wrapper\">\n<figure class=\"wp-block-image size-full is-resized is-style-default\"><img loading=\"lazy\" decoding=\"async\" width=\"2560\" height=\"1920\" src=\"http:\/\/www.psib-psoe.org\/mallorca\/wp-content\/uploads\/ple-090125-scaled.jpeg\" alt=\"\" class=\"wp-image-29346\" style=\"width:788px;height:auto\" srcset=\"https:\/\/www.psib-psoe.org\/mallorca\/wp-content\/uploads\/ple-090125-scaled.jpeg 2560w, https:\/\/www.psib-psoe.org\/mallorca\/wp-content\/uploads\/ple-090125-300x225.jpeg 300w, https:\/\/www.psib-psoe.org\/mallorca\/wp-content\/uploads\/ple-090125-1024x768.jpeg 1024w, https:\/\/www.psib-psoe.org\/mallorca\/wp-content\/uploads\/ple-090125-768x576.jpeg 768w, https:\/\/www.psib-psoe.org\/mallorca\/wp-content\/uploads\/ple-090125-1536x1152.jpeg 1536w, https:\/\/www.psib-psoe.org\/mallorca\/wp-content\/uploads\/ple-090125-2048x1536.jpeg 2048w, https:\/\/www.psib-psoe.org\/mallorca\/wp-content\/uploads\/ple-090125-150x113.jpeg 150w, https:\/\/www.psib-psoe.org\/mallorca\/wp-content\/uploads\/ple-090125-600x450.jpeg 600w, https:\/\/www.psib-psoe.org\/mallorca\/wp-content\/uploads\/ple-090125-900x675.jpeg 900w, https:\/\/www.psib-psoe.org\/mallorca\/wp-content\/uploads\/ple-090125-20x16.jpeg 20w\" sizes=\"(max-width: 2560px) 100vw, 2560px\" \/><\/figure>\n\n\n[vc_row][vc_column][vc_column_text]\n<p><em><u>La sol\u00b7licitud dels Socialistes es produeix davant la sospita de desprotecci\u00f3 dels funcionaris del departament de Turisme que han acudit al Servei d\u2019Informaci\u00f3 Interna del Consell per denunciar amenaces i coaccions de Jos\u00e9 Marcial Rodr\u00edguez. El Grup Socialista tamb\u00e9 ha exigit la compareixen\u00e7a del conseller de Turisme en el si de la Comissi\u00f3 de Transpar\u00e8ncia i Bon Govern, per aclarir els fets denunciats pels funcionaris del seu departament, que Marcial Rodr\u00edguez no va aclarir en el decurs de la seva compareixen\u00e7a de dijous passat davant del ple del Consell. \u00a8Marcial va acusar de mentiders els denunciants i els testimonis que avalen els fets, per\u00f2 no va contestar cap de les preguntes que li v\u00e0rem formular, i per aix\u00f2 creiem que el Consell ha d\u2019activar tots els recursos de qu\u00e8 disposa per garantir l\u2019honorabilitat dels funcionaris i per seguir tractant d\u2019aclarir els grav\u00edssims fets\u201d, ha dit la portaveu socialista, Catalina Cladera. <\/p>\n[\/vc_column_text][\/vc_column][\/vc_row]\n\n\n[vc_row][vc_column][vc_column_text]\n<p>El Grup Socialista ha registrat aquest mati dues sol\u00b7licituds a conseq\u00fc\u00e8ncia de la confusa i poc aclaridora compareixen\u00e7a en ple extraordinari de Galm\u00e9s i Rodr\u00edguez, en relaci\u00f3 a la den\u00fancia de funcionaris del departament de Turisme del Consell de Mallorca per suposades amenaces, coaccions i actuacions fraudulentes en la gesti\u00f3 dels expedients que hauria encap\u00e7alat el mateix conseller de Turisme i algunes persones del seu equip durant la present legislatura.<br \/>\nEn primer terme es reclama la intervenci\u00f3 d\u2019ofici del Servei de Prevenci\u00f3 de Riscos Laborals del Consell, per iniciar actuacions en mat\u00e8ria de seguretat i salut laboral per a tots els funcionaris i treballadors del departament de Turisme que hagin resultat afectats pels fets denunciats que s\u2019han conegut a trav\u00e9s dels mitjans de comunicaci\u00f3. \u201cDijous v\u00e0rem comprovar com l\u2019\u00fanica l\u00ednia argumental de Marcial, que Galm\u00e9s va avalar, va ser la d\u2019acusar de mentiders als funcionaris que han presentat den\u00fancia davant del Servei d\u2019Informaci\u00f3 Interna del Consell, sense aportar cap prova ni contestar cap de les preguntes que va formular el Grup Socialista\u201d. Aquest abandonament en la defensa de la integritat dels funcionaris del departament de Turisme per part del l\u2019equip de Govern ha de ser pal\u00b7liada amb els mecanismes que disposa la instituci\u00f3.<br \/>\nAmb aquesta finalitat, el Grup Socialista vol que el Servei de Prevenci\u00f3 de Riscos Laborals pugui atendre les necessitats dels funcionaris del departament de Turisme que ho precisin, i especialment aquells que es poden sentir re-victimitzats per les acusacions de Jos\u00e9 Marcial Rodr\u00edguez i la passivitat de Galm\u00e9s, \u201cque prefereix defensar al seu conseller que als funcionaris que denuncien la mala praxi de Marcial Rodr\u00edguez, ell sabr\u00e0 el perqu\u00e8\u201d.<br \/>\nPrecisament la manca total d\u2019arguments de Rodr\u00edguez i Galm\u00e9s en les seves respectives compareixences -la del president del Consell va ser especialment visible en negar el segon torn d\u2019intervencions als portaveus de l\u2019oposici\u00f3-, ha motivat que el Grup Socialista tamb\u00e9 hagi demanat una sessi\u00f3 extraordin\u00e0ria de la Comissi\u00f3 de Transpar\u00e8ncia i Bon Govern del Consell de Mallorca per un m\u00e9s que probable incompliment del codi \u00e8tic del conseller de Turisme. Rodr\u00edguez es va negar a respondre cap de les preguntes que van formular els portaveus de l\u2019oposici\u00f3 durant la seva compareixen\u00e7a al ple, \u201cuna actitud intolerable per a qualsevol responsable p\u00fablic\u201d, segons Cladera, que justifica que Rodr\u00edguez torni a ser citat per compar\u00e8ixer en el si de l\u2019esmentada Comissi\u00f3 del Consell.<br \/>\n\u201c\u00c9s realment trista i lamentable la situaci\u00f3 creada al departament de Turisme, i ni Rodr\u00edguez ni Galm\u00e9s han explicat res ni han mogut un dit per a resoldre la situaci\u00f3\u201d, ha dit Cladera, que atribueix al \u201cfrac\u00e0s personal de Galm\u00e9s el fet que avui Marcial Rodr\u00edguez es presenti a Madrid, a la inauguraci\u00f3 de FITUR essent el m\u00e0xim responsable del Turisme de Mallorca; si Marcial s\u2019ha proposat resistir al c\u00e0rrec, Galm\u00e9s l\u2019hauria d\u2019haver cessat, per que si no ho ha fet, es converteix en c\u00f2mplice de les greus acusacions que han denunciat els funcionaris\u201d. <\/p>\n[\/vc_column_text][\/vc_column][\/vc_row]\n<\/div>","protected":false},"excerpt":{"rendered":"[vc_row][vc_column][vc_column_text] La sol\u00b7licitud dels Socialistes es produeix davant la sospita de desprotecci\u00f3 dels funcionaris del departament de Turisme que han acudit al Servei d\u2019Informaci\u00f3 Interna del Consell per denunciar amenaces i coaccions de Jos\u00e9 Marcial Rodr\u00edguez. El Grup Socialista tamb\u00e9 ha exigit la compareixen\u00e7a del conseller de Turisme en el si de la Comissi\u00f3 de&hellip;","protected":false},"author":3,"featured_media":29346,"comment_status":"closed","ping_status":"closed","sticky":false,"template":"","format":"standard","meta":{"footnotes":""},"categories":[2,1,90,92],"tags":[343,447,546,105,77,226,483,504,532,296],"class_list":["post-29382","post","type-post","status-publish","format-standard","has-post-thumbnail","hentry","category-federacio-de-mallorca","category-federacio-de-mallorca-portada","category-municipis","category-portada","tag-andreu-serra","tag-bea-gamundi","tag-biel-alomar","tag-catalina-cladera","tag-federacio-socialista-de-mallorca","tag-javier-de-juan","tag-joan-ferrer","tag-juana-m-adrover","tag-maria-antonia-truyols","tag-sofia-alonso"],"_links":{"self":[{"href":"https:\/\/www.psib-psoe.org\/mallorca\/wp-json\/wp\/v2\/posts\/29382"}],"collection":[{"href":"https:\/\/www.psib-psoe.org\/mallorca\/wp-json\/wp\/v2\/posts"}],"about":[{"href":"https:\/\/www.psib-psoe.org\/mallorca\/wp-json\/wp\/v2\/types\/post"}],"author":[{"embeddable":true,"href":"https:\/\/www.psib-psoe.org\/mallorca\/wp-json\/wp\/v2\/users\/3"}],"replies":[{"embeddable":true,"href":"https:\/\/www.psib-psoe.org\/mallorca\/wp-json\/wp\/v2\/comments?post=29382"}],"version-history":[{"count":1,"href":"https:\/\/www.psib-psoe.org\/mallorca\/wp-json\/wp\/v2\/posts\/29382\/revisions"}],"predecessor-version":[{"id":29383,"href":"https:\/\/www.psib-psoe.org\/mallorca\/wp-json\/wp\/v2\/posts\/29382\/revisions\/29383"}],"wp:featuredmedia":[{"embeddable":true,"href":"https:\/\/www.psib-psoe.org\/mallorca\/wp-json\/wp\/v2\/media\/29346"}],"wp:attachment":[{"href":"https:\/\/www.psib-psoe.org\/mallorca\/wp-json\/wp\/v2\/media?parent=29382"}],"wp:term":[{"taxonomy":"category","embeddable":true,"href":"https:\/\/www.psib-psoe.org\/mallorca\/wp-json\/wp\/v2\/categories?post=29382"},{"taxonomy":"post_tag","embeddable":true,"href":"https:\/\/www.psib-psoe.org\/mallorca\/wp-json\/wp\/v2\/tags?post=29382"}],"curies":[{"name":"wp","href":"https:\/\/api.w.org\/{rel}","templated":true}]}}