{"id":29437,"date":"2025-02-07T13:41:24","date_gmt":"2025-02-07T11:41:24","guid":{"rendered":"https:\/\/www.psib-psoe.org\/mallorca\/?p=29437"},"modified":"2025-02-07T13:41:27","modified_gmt":"2025-02-07T11:41:27","slug":"els-consells-insulars-no-han-de-convalidar-la-llei-que-permet-la-regularitzacio-de-construccions-en-rustic-per-que-genera-inseguretat-juridica-beneficia-als-infractors-i-abandona-als-ajunta","status":"publish","type":"post","link":"https:\/\/www.psib-psoe.org\/mallorca\/els-consells-insulars-no-han-de-convalidar-la-llei-que-permet-la-regularitzacio-de-construccions-en-rustic-per-que-genera-inseguretat-juridica-beneficia-als-infractors-i-abandona-als-ajunta\/","title":{"rendered":"Els Consells Insulars no han de convalidar la Llei que permet la regularitzaci\u00f3 de construccions en r\u00fastic, per que genera \u201cinseguretat jur\u00eddica, beneficia als infractors i abandona als ajuntaments.\u201d"},"content":{"rendered":"<div class=\"wpb-content-wrapper\">\n<figure class=\"wp-block-image size-full is-resized is-style-default\"><img loading=\"lazy\" decoding=\"async\" width=\"2560\" height=\"2211\" src=\"https:\/\/www.psib-psoe.org\/mallorca\/wp-content\/uploads\/Rdp-regularitzacio-070225.jpeg\" alt=\"\" class=\"wp-image-29438\" style=\"width:788px;height:auto\" srcset=\"https:\/\/www.psib-psoe.org\/mallorca\/wp-content\/uploads\/Rdp-regularitzacio-070225.jpeg 2560w, https:\/\/www.psib-psoe.org\/mallorca\/wp-content\/uploads\/Rdp-regularitzacio-070225-300x259.jpeg 300w, https:\/\/www.psib-psoe.org\/mallorca\/wp-content\/uploads\/Rdp-regularitzacio-070225-1024x884.jpeg 1024w, https:\/\/www.psib-psoe.org\/mallorca\/wp-content\/uploads\/Rdp-regularitzacio-070225-768x663.jpeg 768w, https:\/\/www.psib-psoe.org\/mallorca\/wp-content\/uploads\/Rdp-regularitzacio-070225-1536x1327.jpeg 1536w, https:\/\/www.psib-psoe.org\/mallorca\/wp-content\/uploads\/Rdp-regularitzacio-070225-2048x1769.jpeg 2048w, https:\/\/www.psib-psoe.org\/mallorca\/wp-content\/uploads\/Rdp-regularitzacio-070225-140x120.jpeg 140w, https:\/\/www.psib-psoe.org\/mallorca\/wp-content\/uploads\/Rdp-regularitzacio-070225-70x60.jpeg 70w, https:\/\/www.psib-psoe.org\/mallorca\/wp-content\/uploads\/Rdp-regularitzacio-070225-210x180.jpeg 210w, https:\/\/www.psib-psoe.org\/mallorca\/wp-content\/uploads\/Rdp-regularitzacio-070225-20x16.jpeg 20w, https:\/\/www.psib-psoe.org\/mallorca\/wp-content\/uploads\/Rdp-regularitzacio-070225-150x130.jpeg 150w, https:\/\/www.psib-psoe.org\/mallorca\/wp-content\/uploads\/Rdp-regularitzacio-070225-600x518.jpeg 600w, https:\/\/www.psib-psoe.org\/mallorca\/wp-content\/uploads\/Rdp-regularitzacio-070225-900x777.jpeg 900w\" sizes=\"(max-width: 2560px) 100vw, 2560px\" \/><\/figure>\n\n\n[vc_row][vc_column][vc_column_text]\n<p><em><u> El PSIB-PSOE ha demanat als Consells Insulars que no convalidin la normativa que permet la regularitzaci\u00f3 de les construccions en sol r\u00fastic a Balears, que s\u2019inclou dins de la Llei de Simplificaci\u00f3 Administrativa aprovada al Parlament el passat desembre. Una normativa que \u201ccausar\u00e0 un gran perjudici al sol r\u00fastic, per les legalitzacions d\u2019edificacions irregulars que comportar\u00e0\u201d, segons ha afirmat Mercedes Garrido. La portaveu al Consell, Catalina Cladera, ha anunciat que el Grup interposar\u00e0 recurs al contenci\u00f3 en contra de la nova convalidaci\u00f3 de la llei en el ple del Consell, com ja es va fer en el moment de la convalidaci\u00f3 del Decret Llei fa 8 mesos.<\/p>\n<p>   <\/u><\/em><\/p>\n[\/vc_column_text][\/vc_column][\/vc_row]\n\n\n[vc_row][vc_column][vc_column_text]\n<p>La diputada socialista ha assenyalat que amb l\u2019entrada en vigor de la norma \u201ces beneficiar\u00e0 als infractors, que podran treure un rendiment econ\u00f2mic i urban\u00edstic despr\u00e9s d\u2019haver fet les coses malament\u201d, i ha incidit en el fet que la llei aprovada al Parlament permetr\u00e0 fer obres a les construccions fora d\u2019ordenaci\u00f3 sense que aquestes s\u2019hagin de legalitzar. <\/p>\n<p>Garrido ha atacat d\u2019arrel la normativa aprovada, que ha qualificat de \u201cnyap del conseller Costa\u201d. Ha criticat la disposici\u00f3 que torna a habilitar tres anys com a termini per a dur a terme els tr\u00e0mits de la regularitzaci\u00f3 dels habitatges fora d\u2019ordenaci\u00f3, sense tenir en compte els vuit mesos que ja han passat des que va entrar en vigor el decret llei original. \u201cSi els Consells convaliden la llei, han de mantenir el mateix horitz\u00f3 temporal que van obrir l\u2019estiu passar, i no pot ser que es regalin nou mesos m\u00e9s als infractors per poder legalitzar. \u00c9s l\u2019estafa del PP al nostre territori\u201d.<\/p>\n<p>La diputada socialista ha posat de relleu que el fet que els Consells Insulars hagin de tornar a votar la convalidaci\u00f3 de la llei (abans ho havien fet sobre el Decret llei de Simplificaci\u00f3 Administrativa), encara obre m\u00e9s dubtes sobre la aplicabilitat de la norma. Garrido s\u2019ha preguntat la validesa de les tramitacions que s\u2019hagin pogut iniciar des del dia de l\u2019aprovaci\u00f3 de la Llei , el passat 14 de desembre, i del decret Llei, el passat mes de maig. En el primer cas no existeix cap trasllat a les illes de la norma del Parlament, com haur\u00e0 de ser preceptiu en una compet\u00e8ncia territorial que li \u00e9s inherent a cada Consell. La mateixa circumst\u00e0ncia d\u2019invalidesa es dona en els tr\u00e0mits iniciats a la llum del decret Llei, que ara ja resta derogat des del moment de l\u2019aprovaci\u00f3 de la llei. \u201cQu\u00e8 passa amb els expedients que han entrat als ajuntaments des de maig de 2023 fins al moment que s\u2019aprova la llei al mes de desembre\u201d, s\u2019ha q\u00fcestionat la diputada. <\/p>\n<p>Si el decret Llei de Simplificaci\u00f3 Administrativa tenia per objecte eliminar tr\u00e0mits als ciutadans, i aix\u00ed es va explicar de part dels seus promotors, la realitat de la norma ja convertida en llei provoca tot el contrari, \u201cel pitjor bucle burocr\u00e0tic que s\u2019ha vist mai als ajuntaments de les illes\u201d. <\/p>\n<p>Per la portaveu al Consell de Mallorca, Catalina Cladera, l\u2019aplicaci\u00f3 de la norma que recau en els ajuntaments no ha estat suficientment explicada, i els t\u00e8cnics municipals que reben les tramitacions urban\u00edstiques per a la regularitzaci\u00f3 no tenen cap suport del Consell per a saber com ho han de fer. <\/p>\n<p>\u201cGalm\u00e9s ha tornat a abandonar als municipis\u201d, ha dit la socialista, que s\u2019ha queixat de la manca d\u2019implicaci\u00f3 del Consell de Mallorca en establir una regulaci\u00f3 b\u00e0sica de la Llei que ve del Parlament, als efectes que no es produeixin grans difer\u00e8ncies en els criteris de compliment de la norma a cada municipi. \u201cEl Consell ha renunciat a establir uns criteris homogenis, per la qual cosa cada ajuntament regular\u00e0 a la seva manera, i es crear\u00e0 encara major confusi\u00f3. <\/p>\n<p>Un \u201ccaos i una aberraci\u00f3\u201d que es magnificaran amb l\u2019establiment del silenci administratiu positiu en la tramitaci\u00f3 dels expedients municipals de regularitzaci\u00f3, per la qual la manca de contestaci\u00f3 de l\u2019Administraci\u00f3 validar\u00e0 autom\u00e0ticament la petici\u00f3 de regularitzaci\u00f3 feta, nom\u00e9s 6 mesos despr\u00e9s de l\u2019inici del tr\u00e0mit. \u201cNo \u00e9s possible que el PP a Mallorca torni a imposar la pol\u00edtica del \u2018tot val\u2019\u201d ha dit Cladera, que tamb\u00e9 ha plantejat que normes com aquesta q\u00fcestionen l\u2019exist\u00e8ncia de l\u2019Ag\u00e8ncia de Defensa del Territori.   <\/p>\n<p>Cladera ha anunciat que el Grup Socialista tornar\u00e0 a interposar recurs al Contenci\u00f3s-administratiu per denunciar la Llei de Simplificaci\u00f3 Administrativa, un recurs que hores d\u2019ara est\u00e0 plantejat sobre el Decret Llei aprovat el juny passat. \u201cNo podem admetre aquest nyap, ni l\u2019atac que suposa contra la sostenibilitat del nostre sol r\u00fastic\u201d.<\/p>\n[\/vc_column_text][\/vc_column][\/vc_row]\n\n\n\n<figure class=\"wp-block-audio\"><audio controls src=\"https:\/\/www.psib-psoe.org\/mallorca\/wp-content\/uploads\/070225_CATALINA-CLADERA-REGULARITZACIO-CONSTRUCCIONS-IL\u00b7LEGALS.mp3\"><\/audio><\/figure>\n\n\n\n<figure class=\"wp-block-audio\"><audio controls src=\"https:\/\/www.psib-psoe.org\/mallorca\/wp-content\/uploads\/070225_MERCEDES-GARRIDO-REGULARITZACIO-CONSTRUCCIONS-IL\u00b7LEGALS.mp3\"><\/audio><\/figure>\n<\/div>","protected":false},"excerpt":{"rendered":"[vc_row][vc_column][vc_column_text] El PSIB-PSOE ha demanat als Consells Insulars que no convalidin la normativa que permet la regularitzaci\u00f3 de les construccions en sol r\u00fastic a Balears, que s\u2019inclou dins de la Llei de Simplificaci\u00f3 Administrativa aprovada al Parlament el passat desembre. Una normativa que \u201ccausar\u00e0 un gran perjudici al sol r\u00fastic, per les legalitzacions d\u2019edificacions irregulars&hellip;","protected":false},"author":3,"featured_media":29438,"comment_status":"closed","ping_status":"closed","sticky":false,"template":"","format":"standard","meta":{"footnotes":""},"categories":[89,2,1,92],"tags":[105,104,84],"class_list":["post-29437","post","type-post","status-publish","format-standard","has-post-thumbnail","hentry","category-consell-de-mallorca","category-federacio-de-mallorca","category-federacio-de-mallorca-portada","category-portada","tag-catalina-cladera","tag-mercedes-garrido","tag-psib-psoe"],"_links":{"self":[{"href":"https:\/\/www.psib-psoe.org\/mallorca\/wp-json\/wp\/v2\/posts\/29437"}],"collection":[{"href":"https:\/\/www.psib-psoe.org\/mallorca\/wp-json\/wp\/v2\/posts"}],"about":[{"href":"https:\/\/www.psib-psoe.org\/mallorca\/wp-json\/wp\/v2\/types\/post"}],"author":[{"embeddable":true,"href":"https:\/\/www.psib-psoe.org\/mallorca\/wp-json\/wp\/v2\/users\/3"}],"replies":[{"embeddable":true,"href":"https:\/\/www.psib-psoe.org\/mallorca\/wp-json\/wp\/v2\/comments?post=29437"}],"version-history":[{"count":2,"href":"https:\/\/www.psib-psoe.org\/mallorca\/wp-json\/wp\/v2\/posts\/29437\/revisions"}],"predecessor-version":[{"id":29442,"href":"https:\/\/www.psib-psoe.org\/mallorca\/wp-json\/wp\/v2\/posts\/29437\/revisions\/29442"}],"wp:featuredmedia":[{"embeddable":true,"href":"https:\/\/www.psib-psoe.org\/mallorca\/wp-json\/wp\/v2\/media\/29438"}],"wp:attachment":[{"href":"https:\/\/www.psib-psoe.org\/mallorca\/wp-json\/wp\/v2\/media?parent=29437"}],"wp:term":[{"taxonomy":"category","embeddable":true,"href":"https:\/\/www.psib-psoe.org\/mallorca\/wp-json\/wp\/v2\/categories?post=29437"},{"taxonomy":"post_tag","embeddable":true,"href":"https:\/\/www.psib-psoe.org\/mallorca\/wp-json\/wp\/v2\/tags?post=29437"}],"curies":[{"name":"wp","href":"https:\/\/api.w.org\/{rel}","templated":true}]}}