{"id":29445,"date":"2025-02-10T12:02:30","date_gmt":"2025-02-10T10:02:30","guid":{"rendered":"https:\/\/www.psib-psoe.org\/mallorca\/?p=29445"},"modified":"2025-02-10T12:02:32","modified_gmt":"2025-02-10T10:02:32","slug":"lequip-de-govern-de-lajuntament-de-llucmajor-abandona-als-veins-afectats-per-la-macro-granja-que-opera-al-municipi-i-omet-la-seva-obligacio-de-controlar-lexplotacio-avicola","status":"publish","type":"post","link":"https:\/\/www.psib-psoe.org\/mallorca\/lequip-de-govern-de-lajuntament-de-llucmajor-abandona-als-veins-afectats-per-la-macro-granja-que-opera-al-municipi-i-omet-la-seva-obligacio-de-controlar-lexplotacio-avicola\/","title":{"rendered":"L\u2019equip de govern de l\u2019Ajuntament de Llucmajor abandona als ve\u00efns afectats per la macro-granja que opera al municipi, i omet la seva obligaci\u00f3 de controlar l\u2019explotaci\u00f3 av\u00edcola."},"content":{"rendered":"<div class=\"wp-block-columns is-layout-flex wp-container-core-columns-is-layout-1 wp-block-columns-is-layout-flex\">\n<div class=\"wp-block-column is-layout-flow wp-block-column-is-layout-flow\" style=\"flex-basis: 50%;\">\n<figure class=\"wp-block-image size-large is-resized\"><img loading=\"lazy\" decoding=\"async\" class=\"aligncenter wp-image-29388 size-full\" src=\"http:\/\/www.psib-psoe.org\/mallorca\/wp-content\/uploads\/240125-Socialistes-Llucmajor.jpeg\" alt=\"\" width=\"1200\" height=\"1600\" srcset=\"https:\/\/www.psib-psoe.org\/mallorca\/wp-content\/uploads\/240125-Socialistes-Llucmajor.jpeg 1200w, https:\/\/www.psib-psoe.org\/mallorca\/wp-content\/uploads\/240125-Socialistes-Llucmajor-225x300.jpeg 225w, https:\/\/www.psib-psoe.org\/mallorca\/wp-content\/uploads\/240125-Socialistes-Llucmajor-768x1024.jpeg 768w, https:\/\/www.psib-psoe.org\/mallorca\/wp-content\/uploads\/240125-Socialistes-Llucmajor-1152x1536.jpeg 1152w, https:\/\/www.psib-psoe.org\/mallorca\/wp-content\/uploads\/240125-Socialistes-Llucmajor-300x400.jpeg 300w, https:\/\/www.psib-psoe.org\/mallorca\/wp-content\/uploads\/240125-Socialistes-Llucmajor-150x200.jpeg 150w, https:\/\/www.psib-psoe.org\/mallorca\/wp-content\/uploads\/240125-Socialistes-Llucmajor-600x800.jpeg 600w, https:\/\/www.psib-psoe.org\/mallorca\/wp-content\/uploads\/240125-Socialistes-Llucmajor-900x1200.jpeg 900w, https:\/\/www.psib-psoe.org\/mallorca\/wp-content\/uploads\/240125-Socialistes-Llucmajor-20x27.jpeg 20w\" sizes=\"(max-width: 1200px) 100vw, 1200px\" \/><\/figure>\n<\/div>\n<div class=\"wp-block-column is-layout-flow wp-block-column-is-layout-flow\" style=\"flex-basis: 50%;\"><\/div>\n<\/div>\n<p><em><u>El portaveu socialista a Llucmajor, Jaume J. Oliver reclama que s\u2019atenguin les queixes dels ciutadans afectats per l\u2019activitat de la macro-granja de Llucmajor, i que es compleixi el mandat municipal aprovat per una moci\u00f3 del PSIB en el passat ple del mes de setembre, que instava a l\u2019Ajuntament a<\/u><\/em><em><u> auditar i revisar tota l&#8217;activitat de la macro-granja av\u00edcola Son Perot que opera al municipi, verificant que s\u2019adequa a la llic\u00e8ncia d\u2019activitat, que no excedeix la quantitat d\u2019animals autoritzats i que gestiona correctament els residus. I en cas d\u2019incompliments, aplicar les sancions corresponents.<\/u><\/em><em><u> \u201cLa batlessa Xisca Lascolas ha preferit amagar el cap sota l\u2019ala en el tema del control municipal de la macro-granja\u201d, ha dit Oliver. <\/u><\/em><\/p>\n<p>Ja han passat 5 mesos des que el ple de l\u2019Ajuntament de Llucmajor va aprovar per unanimitat una moci\u00f3 presentada pel Grup Socialista en la qual s\u2019instava al mateix Ajuntament a exercir la seva compet\u00e8ncia d\u2019inspecci\u00f3 i control de la llic\u00e8ncia municipal d\u2019activitat per comprovar el compliment dels par\u00e0metres legals de funcionament de l\u2019explotaci\u00f3 av\u00edcola. Durant aquest temps l\u2019equip de la batlessa Xisca Lascolas no ha fet res, incomplint un cop m\u00e9s un acord del ple. \u201cUna inacci\u00f3 total que ens indigna\u201d, ha afirmat el portaveu socialista al municipi, Jaume J. Oliver, sobretot tenint en compte el creixent malestar per les mol\u00e8sties que reben els prop de 7.000 llucmajorers que viuen en el redol de l\u2019explotaci\u00f3.<\/p>\n<p>\u201cLa indignaci\u00f3 que hem recollit entre els ve\u00efnats \u00e9s enorme, i sabem que estant fent les gestions per\u00a0 constituir-se\u00a0 en plataforma, com han fet a Sineu per combatre els projectes de macro-granja que pretenen criar gallines o porcs en una finca a un kil\u00f2metre del nucli urb\u00e0. Els ve\u00efnats de Llucmajor afectats per les males olors, els renous i la contaminaci\u00f3 que provoca l\u2019explotaci\u00f3 de Son Perot \u201ctenen tot el nostre suport\u201d, ha dit el socialista.<\/p>\n<p>Vista la par\u00e0lisi total de l\u2019equip de govern de Llucmajor, el Grup Socialista Municipal ha sol\u00b7licitat tota la informaci\u00f3, expedient d\u2019activitats o qualsevol altra documentaci\u00f3 que es refereixi a la macro-granja de Llucmajor. \u201cNo podem admetre que les queixes dels ciutadans es topin amb el silenci total de l\u2019Ajuntament\u201d. Per Oliver, \u201cla passivitat de Lascolas en aquest tema \u00e9s molt preocupant, per que les persones afectades s\u00f3n ciutadans de primera, no de segona, i tenen tot el dret de ser atesos en les seves demandes, que s\u00f3n justes\u201d, ha valorat Oliver.<\/p>\n<p>Davant d\u2019aquest \u201catropellament als drets dels ciutadans de Llucmajor que pateixen les mol\u00e8sties di\u00e0ries de Son Perot\u201d, el comprom\u00eds dels socialistes \u00e9s lluitar en tot moment per evitar aquestes explotacions av\u00edcoles intensives, tant al municipi, com a la resta de l\u2019illa, un fet que el Grup Parlamentari Socialista defensa aquest dimarts en el debat previst per a la convalidaci\u00f3 del Decret Llei del Govern fet a mida per al projecte de macro-granja av\u00edcola de Sineu, per\u00f2 que deixa les portes obertes a seguir presentant projectes av\u00edcoles o de qualsevol altra tipus de bestiar a Mallorca de fins a 160.000 animals en cada explotaci\u00f3, que els socialistes segueixen considerant com a inassumibles a Balears.<\/p>\n","protected":false},"excerpt":{"rendered":"<p>El portaveu socialista a Llucmajor, Jaume J. Oliver reclama que s\u2019atenguin les queixes dels ciutadans afectats per l\u2019activitat de la macro-granja de Llucmajor, i que es compleixi el mandat municipal aprovat per una moci\u00f3 del PSIB en el passat ple del mes de setembre, que instava a l\u2019Ajuntament a auditar i revisar tota l&#8217;activitat de&hellip;<\/p>\n","protected":false},"author":3,"featured_media":29389,"comment_status":"false","ping_status":"closed","sticky":false,"template":"","format":"standard","meta":{"footnotes":""},"categories":[2,90,92],"tags":[130,77,497,98,84],"class_list":["post-29445","post","type-post","status-publish","format-standard","has-post-thumbnail","hentry","category-federacio-de-mallorca","category-municipis","category-portada","tag-agrupacio-socialista-de-llucmajor","tag-federacio-socialista-de-mallorca","tag-jaume-j-oliver","tag-llucmajor","tag-psib-psoe"],"_links":{"self":[{"href":"https:\/\/www.psib-psoe.org\/mallorca\/wp-json\/wp\/v2\/posts\/29445"}],"collection":[{"href":"https:\/\/www.psib-psoe.org\/mallorca\/wp-json\/wp\/v2\/posts"}],"about":[{"href":"https:\/\/www.psib-psoe.org\/mallorca\/wp-json\/wp\/v2\/types\/post"}],"author":[{"embeddable":true,"href":"https:\/\/www.psib-psoe.org\/mallorca\/wp-json\/wp\/v2\/users\/3"}],"replies":[{"embeddable":true,"href":"https:\/\/www.psib-psoe.org\/mallorca\/wp-json\/wp\/v2\/comments?post=29445"}],"version-history":[{"count":1,"href":"https:\/\/www.psib-psoe.org\/mallorca\/wp-json\/wp\/v2\/posts\/29445\/revisions"}],"predecessor-version":[{"id":29446,"href":"https:\/\/www.psib-psoe.org\/mallorca\/wp-json\/wp\/v2\/posts\/29445\/revisions\/29446"}],"wp:featuredmedia":[{"embeddable":true,"href":"https:\/\/www.psib-psoe.org\/mallorca\/wp-json\/wp\/v2\/media\/29389"}],"wp:attachment":[{"href":"https:\/\/www.psib-psoe.org\/mallorca\/wp-json\/wp\/v2\/media?parent=29445"}],"wp:term":[{"taxonomy":"category","embeddable":true,"href":"https:\/\/www.psib-psoe.org\/mallorca\/wp-json\/wp\/v2\/categories?post=29445"},{"taxonomy":"post_tag","embeddable":true,"href":"https:\/\/www.psib-psoe.org\/mallorca\/wp-json\/wp\/v2\/tags?post=29445"}],"curies":[{"name":"wp","href":"https:\/\/api.w.org\/{rel}","templated":true}]}}