{"id":29447,"date":"2025-02-10T12:12:54","date_gmt":"2025-02-10T10:12:54","guid":{"rendered":"https:\/\/www.psib-psoe.org\/mallorca\/?p=29447"},"modified":"2025-02-10T12:12:56","modified_gmt":"2025-02-10T10:12:56","slug":"ni-amb-el-canvi-dempresa-concessionaria-del-servei-es-capac-galmes-de-gestionar-decentment-la-itv-de-mallorca","status":"publish","type":"post","link":"https:\/\/www.psib-psoe.org\/mallorca\/ni-amb-el-canvi-dempresa-concessionaria-del-servei-es-capac-galmes-de-gestionar-decentment-la-itv-de-mallorca\/","title":{"rendered":"Ni amb el canvi d\u2019empresa concession\u00e0ria del servei, \u00e9s capa\u00e7 Galm\u00e9s de gestionar decentment la ITV de Mallorca."},"content":{"rendered":"<div class=\"wpb-content-wrapper\">\n<figure class=\"wp-block-image size-full is-resized is-style-default\"><img loading=\"lazy\" decoding=\"async\" width=\"1536\" height=\"2048\" src=\"https:\/\/www.psib-psoe.org\/mallorca\/wp-content\/uploads\/Cladera-Cas-Marcial-1-2.jpeg\" alt=\"\" class=\"wp-image-29448\" style=\"width:788px;height:auto\" srcset=\"https:\/\/www.psib-psoe.org\/mallorca\/wp-content\/uploads\/Cladera-Cas-Marcial-1-2.jpeg 1536w, https:\/\/www.psib-psoe.org\/mallorca\/wp-content\/uploads\/Cladera-Cas-Marcial-1-2-225x300.jpeg 225w, https:\/\/www.psib-psoe.org\/mallorca\/wp-content\/uploads\/Cladera-Cas-Marcial-1-2-768x1024.jpeg 768w, https:\/\/www.psib-psoe.org\/mallorca\/wp-content\/uploads\/Cladera-Cas-Marcial-1-2-1152x1536.jpeg 1152w, https:\/\/www.psib-psoe.org\/mallorca\/wp-content\/uploads\/Cladera-Cas-Marcial-1-2-300x400.jpeg 300w, https:\/\/www.psib-psoe.org\/mallorca\/wp-content\/uploads\/Cladera-Cas-Marcial-1-2-150x200.jpeg 150w, https:\/\/www.psib-psoe.org\/mallorca\/wp-content\/uploads\/Cladera-Cas-Marcial-1-2-600x800.jpeg 600w, https:\/\/www.psib-psoe.org\/mallorca\/wp-content\/uploads\/Cladera-Cas-Marcial-1-2-900x1200.jpeg 900w, https:\/\/www.psib-psoe.org\/mallorca\/wp-content\/uploads\/Cladera-Cas-Marcial-1-2-20x27.jpeg 20w\" sizes=\"(max-width: 1536px) 100vw, 1536px\" \/><\/figure>\n\n\n[vc_row][vc_column][vc_column_text]\n<p><em><u>El coneixement p\u00fablic del malestar de treballadors de l\u2019empresa contractista del Consell de Mallorca per a la gesti\u00f3 del servei de la Inspecci\u00f3 T\u00e8cnica de Vehicles, torna a posar al descobert la incapacitat manifesta de Galm\u00e9s, Rubio i tot el seu equip pol\u00edtic per a poder dirigir correctament la ITV a Mallorca. Les queixes dels treballadors, per haver de patir explotaci\u00f3 laboral per l\u2019increment exponencial de vehicles que han de revisar di\u00e0riament , se suma a les esperes interminables de ciutadans de fins a 3 hores, i unes llistes d\u2019espera que no es reduiexen, malgrat els repetits anuncis de l\u2019equip de govern de PPVox al Consell.<br \/>\n   <\/u><\/em><\/p>\n[\/vc_column_text][\/vc_column][\/vc_row]\n\n\n[vc_row][vc_column][vc_column_text]\n<p>No ha passat ni un mes des de la nova adjudicaci\u00f3 que ja hi ha problemes de gesti\u00f3 que no afecten sols als treballadors, tamb\u00e9 als usuaris que han de suportar interminables cues per poder passar la revisi\u00f3. Segons les informacions publicades, la nova planificaci\u00f3 laboral no t\u00e9 en compte les baixes de treballadors o les incid\u00e8ncies que se puguin produir en el servei. I s\u2019han incrementat el nombre de revisions que s\u2019han de fer, sense que hi hagi m\u00e9s personal a les l\u00ednies de revisi\u00f3 i a les oficines, amb la sobrec\u00e0rrega que aix\u00f2 suposa. <\/p>\n<p>\u201cAl sr. Galm\u00e9s se li acumulen els problemes de personal i els problemes de gesti\u00f3 a la ITV. S\u2019hi ha de dedicar molt m\u00e9s\u201d, ha afirmat la portaveu socialista, Catalina Cladera, que ha recordat que les queixes dels treballadors de la ITV se sumen a les recents protestes dels treballadors de l\u2019IMAS que no cobren el plus de nocturnitat que els pertoca des del passat mes de setembre; o la den\u00fancia formal presentada per funcionaris del departament de Turisme contra el seu responsable pol\u00edtic, Jos\u00e9 Marcial Rodr\u00edguez, per intent d\u2019agressi\u00f3, coaccions i inger\u00e8ncies en la tramitaci\u00f3 de determinats expedients. <\/p>\n<p>Precisament com en aquest cas de la den\u00fancia dins departament de Turisme, novament \u00e9s el testimoni an\u00f2nim de treballadors d&#8217;un servei del Consell de Mallorca que dona l&#8217;alarma del maltractament que pateixen per part de la direcci\u00f3 pol\u00edtica del govern de Galm\u00e9s.<br \/>\n\u201cEns preocupa molt\u00edssim que no es tracti be als treballadors, que no es tracti be als ciutadans per que no hi ha una atenci\u00f3 com toca, i hi ha una llista d\u2019espera enorme\u201d ha dit Cladera al voltant de la situaci\u00f3 a les ITV de Mallorca, amb un personal que ha estat assumit per la nova empresa concession\u00e0ria. <\/p>\n<p>Cladera ha alertat que darrera de tota aquesta mala gesti\u00f3 de la inspecci\u00f3 de vehicles a Mallorca es pugui amagar la voluntat de Galm\u00e9s per privatitzar el servei, opci\u00f3 a la qual ja s0hi ha mostrat favorable temps enrere: \u201cno sabem si tot aix\u00f2 segueix el cam\u00ed per privatitzar el servei de la ITV, la qual cosa encara ens preocupa m\u00e9s, per que si ara a una concessi\u00f3 no se li fa complir el contracte, amb una privatitzaci\u00f3 encara podria ser molt pitjor\u201d. <\/p>\n[\/vc_column_text][\/vc_column][\/vc_row]\n\n\n\n<figure class=\"wp-block-audio\"><audio controls src=\"https:\/\/www.psib-psoe.org\/mallorca\/wp-content\/uploads\/100225-Cladera-ITV.mp3\"><\/audio><\/figure>\n<\/div>","protected":false},"excerpt":{"rendered":"[vc_row][vc_column][vc_column_text] El coneixement p\u00fablic del malestar de treballadors de l\u2019empresa contractista del Consell de Mallorca per a la gesti\u00f3 del servei de la Inspecci\u00f3 T\u00e8cnica de Vehicles, torna a posar al descobert la incapacitat manifesta de Galm\u00e9s, Rubio i tot el seu equip pol\u00edtic per a poder dirigir correctament la ITV a Mallorca. Les queixes&hellip;","protected":false},"author":3,"featured_media":29448,"comment_status":"closed","ping_status":"closed","sticky":false,"template":"","format":"standard","meta":{"footnotes":""},"categories":[2,1,90,92],"tags":[105,77,226,483,84],"class_list":["post-29447","post","type-post","status-publish","format-standard","has-post-thumbnail","hentry","category-federacio-de-mallorca","category-federacio-de-mallorca-portada","category-municipis","category-portada","tag-catalina-cladera","tag-federacio-socialista-de-mallorca","tag-javier-de-juan","tag-joan-ferrer","tag-psib-psoe"],"_links":{"self":[{"href":"https:\/\/www.psib-psoe.org\/mallorca\/wp-json\/wp\/v2\/posts\/29447"}],"collection":[{"href":"https:\/\/www.psib-psoe.org\/mallorca\/wp-json\/wp\/v2\/posts"}],"about":[{"href":"https:\/\/www.psib-psoe.org\/mallorca\/wp-json\/wp\/v2\/types\/post"}],"author":[{"embeddable":true,"href":"https:\/\/www.psib-psoe.org\/mallorca\/wp-json\/wp\/v2\/users\/3"}],"replies":[{"embeddable":true,"href":"https:\/\/www.psib-psoe.org\/mallorca\/wp-json\/wp\/v2\/comments?post=29447"}],"version-history":[{"count":1,"href":"https:\/\/www.psib-psoe.org\/mallorca\/wp-json\/wp\/v2\/posts\/29447\/revisions"}],"predecessor-version":[{"id":29450,"href":"https:\/\/www.psib-psoe.org\/mallorca\/wp-json\/wp\/v2\/posts\/29447\/revisions\/29450"}],"wp:featuredmedia":[{"embeddable":true,"href":"https:\/\/www.psib-psoe.org\/mallorca\/wp-json\/wp\/v2\/media\/29448"}],"wp:attachment":[{"href":"https:\/\/www.psib-psoe.org\/mallorca\/wp-json\/wp\/v2\/media?parent=29447"}],"wp:term":[{"taxonomy":"category","embeddable":true,"href":"https:\/\/www.psib-psoe.org\/mallorca\/wp-json\/wp\/v2\/categories?post=29447"},{"taxonomy":"post_tag","embeddable":true,"href":"https:\/\/www.psib-psoe.org\/mallorca\/wp-json\/wp\/v2\/tags?post=29447"}],"curies":[{"name":"wp","href":"https:\/\/api.w.org\/{rel}","templated":true}]}}