{"id":29459,"date":"2025-02-11T13:16:22","date_gmt":"2025-02-11T11:16:22","guid":{"rendered":"https:\/\/www.psib-psoe.org\/mallorca\/?p=29459"},"modified":"2025-02-11T13:16:24","modified_gmt":"2025-02-11T11:16:24","slug":"marc-bonet-i-maria-gracia-gonzalez-prenen-possessio-com-a-nous-regidors-socialistes-a-lajuntament-de-felanitx","status":"publish","type":"post","link":"https:\/\/www.psib-psoe.org\/mallorca\/marc-bonet-i-maria-gracia-gonzalez-prenen-possessio-com-a-nous-regidors-socialistes-a-lajuntament-de-felanitx\/","title":{"rendered":"Marc Bonet i Mar\u00eda Gracia Gonz\u00e1lez prenen possessi\u00f3 com a nous regidors socialistes a l\u2019Ajuntament de Felanitx.\u00a0\u00a0\u00a0\u00a0 \u00a0\u00a0\u00a0 \u00a0"},"content":{"rendered":"<div class=\"wpb-content-wrapper\">\n<figure class=\"wp-block-image size-full is-resized is-style-default\"><img loading=\"lazy\" decoding=\"async\" width=\"2048\" height=\"1536\" src=\"https:\/\/www.psib-psoe.org\/mallorca\/wp-content\/uploads\/Regidors-Felanitx-1.jpeg\" alt=\"\" class=\"wp-image-29460\" style=\"width:712px;height:auto\" srcset=\"https:\/\/www.psib-psoe.org\/mallorca\/wp-content\/uploads\/Regidors-Felanitx-1.jpeg 2048w, https:\/\/www.psib-psoe.org\/mallorca\/wp-content\/uploads\/Regidors-Felanitx-1-300x225.jpeg 300w, https:\/\/www.psib-psoe.org\/mallorca\/wp-content\/uploads\/Regidors-Felanitx-1-1024x768.jpeg 1024w, https:\/\/www.psib-psoe.org\/mallorca\/wp-content\/uploads\/Regidors-Felanitx-1-768x576.jpeg 768w, https:\/\/www.psib-psoe.org\/mallorca\/wp-content\/uploads\/Regidors-Felanitx-1-1536x1152.jpeg 1536w, https:\/\/www.psib-psoe.org\/mallorca\/wp-content\/uploads\/Regidors-Felanitx-1-150x113.jpeg 150w, https:\/\/www.psib-psoe.org\/mallorca\/wp-content\/uploads\/Regidors-Felanitx-1-600x450.jpeg 600w, https:\/\/www.psib-psoe.org\/mallorca\/wp-content\/uploads\/Regidors-Felanitx-1-900x675.jpeg 900w, https:\/\/www.psib-psoe.org\/mallorca\/wp-content\/uploads\/Regidors-Felanitx-1-20x16.jpeg 20w\" sizes=\"(max-width: 2048px) 100vw, 2048px\" \/><\/figure>\n\n\n[vc_row][vc_column][vc_column_text]\n<p><em><u> Els nous regidors del PSIB a Felanitx han pres possessi\u00f3 de les seves actes en el ple del consistori celebrat ahir vespre. Bonet i Gonz\u00e1lez prenen el relleu dels regidors sortints, Dami Massut\u00ed i Jos\u00e9 Ignacio Hidalgo<\/u><\/em><\/p>\n[\/vc_column_text][\/vc_column][\/vc_row]\n\n\n[vc_row][vc_column][vc_column_text]\n<p>El Grup Municipal Socialista a l\u2019Ajuntament de Felanitx ha quedat oficialment constitu\u00eft per Marc Bonet i Mar\u00eda Gracia Gonz\u00e1lez, despr\u00e9s que hagin assumit les actes de regidor en el ple del consistori que s\u2019ha celebrat aquest dilluns. Tots dos formaven part de la llista socialista a les eleccions de 2023. En el cas de Gonz\u00e1lez, \u00e9s la segona experi\u00e8ncia com a regidora socialista de Felanitx, ja que form\u00e0 part del Grup Municipal Socialista durant la passada legislatura. Marc Bonet, per contra, s\u2019estrena dins la Sala de Felanitx, i prov\u00e9 de s\u2019Horta.<\/p>\n<p>Les noves incorporacions al Grup Municipal substitueixen els regidors Dami Massut\u00ed i Jos\u00e9 Ignacio Hidalgo, que en el passat ple varen anunciar les seves respectives ren\u00fancies a les actes. <\/p>\n<p>Els diputats auton\u00f2mics Mercedes Garrido, Ares Fern\u00e1ndez i Amanda Fern\u00e1ndez, la secret\u00e0ria d\u2019Organitzaci\u00f3 de la FSM, Ant\u00f2nia Sastre, la consellera insular Juana M. Adrover, i el secretari general de l\u2019Agrupaci\u00f3 de Felanitx, Xisco Duarte, han acompanyat Bonet i Gonz\u00e1lez en el seu primer ple com a regidors a la present legislatura.<\/p>\n[\/vc_column_text][\/vc_column][\/vc_row]\n<\/div>","protected":false},"excerpt":{"rendered":"[vc_row][vc_column][vc_column_text] Els nous regidors del PSIB a Felanitx han pres possessi\u00f3 de les seves actes en el ple del consistori celebrat ahir vespre. Bonet i Gonz\u00e1lez prenen el relleu dels regidors sortints, Dami Massut\u00ed i Jos\u00e9 Ignacio Hidalgo [\/vc_column_text][\/vc_column][\/vc_row] [vc_row][vc_column][vc_column_text] El Grup Municipal Socialista a l\u2019Ajuntament de Felanitx ha quedat oficialment constitu\u00eft per Marc Bonet&hellip;","protected":false},"author":3,"featured_media":29460,"comment_status":"closed","ping_status":"closed","sticky":false,"template":"","format":"standard","meta":{"footnotes":""},"categories":[2,1,90,92],"tags":[218,227,362,105,77,226,585,584,104,84,129],"class_list":["post-29459","post","type-post","status-publish","format-standard","has-post-thumbnail","hentry","category-federacio-de-mallorca","category-federacio-de-mallorca-portada","category-municipis","category-portada","tag-amanda-fernandez","tag-antonia-sastre","tag-ares-fernandez","tag-catalina-cladera","tag-federacio-socialista-de-mallorca","tag-javier-de-juan","tag-marc-bonet","tag-maria-gracia-gonzalez","tag-mercedes-garrido","tag-psib-psoe","tag-xisco-duarte"],"_links":{"self":[{"href":"https:\/\/www.psib-psoe.org\/mallorca\/wp-json\/wp\/v2\/posts\/29459"}],"collection":[{"href":"https:\/\/www.psib-psoe.org\/mallorca\/wp-json\/wp\/v2\/posts"}],"about":[{"href":"https:\/\/www.psib-psoe.org\/mallorca\/wp-json\/wp\/v2\/types\/post"}],"author":[{"embeddable":true,"href":"https:\/\/www.psib-psoe.org\/mallorca\/wp-json\/wp\/v2\/users\/3"}],"replies":[{"embeddable":true,"href":"https:\/\/www.psib-psoe.org\/mallorca\/wp-json\/wp\/v2\/comments?post=29459"}],"version-history":[{"count":1,"href":"https:\/\/www.psib-psoe.org\/mallorca\/wp-json\/wp\/v2\/posts\/29459\/revisions"}],"predecessor-version":[{"id":29461,"href":"https:\/\/www.psib-psoe.org\/mallorca\/wp-json\/wp\/v2\/posts\/29459\/revisions\/29461"}],"wp:featuredmedia":[{"embeddable":true,"href":"https:\/\/www.psib-psoe.org\/mallorca\/wp-json\/wp\/v2\/media\/29460"}],"wp:attachment":[{"href":"https:\/\/www.psib-psoe.org\/mallorca\/wp-json\/wp\/v2\/media?parent=29459"}],"wp:term":[{"taxonomy":"category","embeddable":true,"href":"https:\/\/www.psib-psoe.org\/mallorca\/wp-json\/wp\/v2\/categories?post=29459"},{"taxonomy":"post_tag","embeddable":true,"href":"https:\/\/www.psib-psoe.org\/mallorca\/wp-json\/wp\/v2\/tags?post=29459"}],"curies":[{"name":"wp","href":"https:\/\/api.w.org\/{rel}","templated":true}]}}