{"id":29516,"date":"2025-02-19T18:23:48","date_gmt":"2025-02-19T16:23:48","guid":{"rendered":"https:\/\/www.psib-psoe.org\/mallorca\/?p=29516"},"modified":"2025-02-19T18:23:50","modified_gmt":"2025-02-19T16:23:50","slug":"el-grup-socialista-reclama-informacio-al-consell-rector-sobre-el-cas-dexplotacio-sexual-infantil-a-una-menor-tutelada-per-limas","status":"publish","type":"post","link":"https:\/\/www.psib-psoe.org\/mallorca\/el-grup-socialista-reclama-informacio-al-consell-rector-sobre-el-cas-dexplotacio-sexual-infantil-a-una-menor-tutelada-per-limas\/","title":{"rendered":"El Grup Socialista reclama informaci\u00f3 al Consell Rector sobre el cas d\u2019explotaci\u00f3 sexual infantil a una menor tutelada per l\u2019IMAS."},"content":{"rendered":"<div class=\"wpb-content-wrapper\">\n<figure class=\"wp-block-image size-full is-resized is-style-default\"><img loading=\"lazy\" decoding=\"async\" width=\"2902\" height=\"2480\" src=\"http:\/\/www.psib-psoe.org\/mallorca\/wp-content\/uploads\/040424-Foto-arxiu-Sofia-Alonso.jpg\" alt=\"\" class=\"wp-image-28437\" style=\"width:788px;height:auto\" srcset=\"https:\/\/www.psib-psoe.org\/mallorca\/wp-content\/uploads\/040424-Foto-arxiu-Sofia-Alonso.jpg 2902w, https:\/\/www.psib-psoe.org\/mallorca\/wp-content\/uploads\/040424-Foto-arxiu-Sofia-Alonso-300x256.jpg 300w, https:\/\/www.psib-psoe.org\/mallorca\/wp-content\/uploads\/040424-Foto-arxiu-Sofia-Alonso-768x656.jpg 768w, https:\/\/www.psib-psoe.org\/mallorca\/wp-content\/uploads\/040424-Foto-arxiu-Sofia-Alonso-1024x875.jpg 1024w, https:\/\/www.psib-psoe.org\/mallorca\/wp-content\/uploads\/040424-Foto-arxiu-Sofia-Alonso-140x120.jpg 140w, https:\/\/www.psib-psoe.org\/mallorca\/wp-content\/uploads\/040424-Foto-arxiu-Sofia-Alonso-70x60.jpg 70w, https:\/\/www.psib-psoe.org\/mallorca\/wp-content\/uploads\/040424-Foto-arxiu-Sofia-Alonso-210x180.jpg 210w, https:\/\/www.psib-psoe.org\/mallorca\/wp-content\/uploads\/040424-Foto-arxiu-Sofia-Alonso-20x16.jpg 20w, https:\/\/www.psib-psoe.org\/mallorca\/wp-content\/uploads\/040424-Foto-arxiu-Sofia-Alonso-150x128.jpg 150w, https:\/\/www.psib-psoe.org\/mallorca\/wp-content\/uploads\/040424-Foto-arxiu-Sofia-Alonso-600x513.jpg 600w, https:\/\/www.psib-psoe.org\/mallorca\/wp-content\/uploads\/040424-Foto-arxiu-Sofia-Alonso-900x769.jpg 900w\" sizes=\"(max-width: 2902px) 100vw, 2902px\" \/><\/figure>\n\n\n[vc_row][vc_column][vc_column_text]\n<p><em><u> EEl president de l\u2019IMAS; Guillermo S\u00e1nchez, ha adm\u00e8s que el sistema de protecci\u00f3 de Menors ha aplicat tots els protocols existents que han propiciat la detenci\u00f3 del presumpte explotador. La consellera socialista, Sof\u00eda Alonso, ha destacat que \u201cS\u00e1nchez compleix ara els protocols d\u2019actuaci\u00f3 en casos d\u2019explotaci\u00f3 sexual infantil que v\u00e0rem posar en marxa i aplicar durant la passada legislatura al Consell, i que aleshores Galm\u00e9s va criticar durament, nom\u00e9r per un inter\u00e8s pol\u00edtic\u201d.  <\/u><\/em><\/p>\n[\/vc_column_text][\/vc_column][\/vc_row]\n\n\n[vc_row][vc_column][vc_column_text]\n<p>En el decurs del Consell Rector celebrat aquest dimecres, la consellera socialista Sofia Alonso ha demanat al president de l\u2019IMAS sobre la informaci\u00f3 disponible del cas de presumpta explotaci\u00f3 sexual infantil a una jove amb mesures de protecci\u00f3 dictades i en r\u00e8gim de tutela de l\u2019IMAS, que s\u2019ha conegut a trav\u00e9s dels mitjans de comunicaci\u00f3.<br \/>\nLes respostes de Guillermo S\u00e1nchez han estat que el servei de menors ha aplicat tots els protocols en vigor per a tractar aquest cas, protegir a la menor, i col\u00b7laborar amb la Policia per detenir el presumpte autor dels fets. Alonso s\u2019ha mostrat \u201csorpresa\u201d pel fet que ara l\u2019administraci\u00f3 PPVox \u201cdefensi i apliqui els mateixos protocols que v\u00e0rem crear nosaltres durant la passada legislatura, gr\u00e0cies a la feina de totes les entitats i professionals, forces i cossos de seguretat i de la Comissi\u00f3 d\u2019Experts, que precisament va rebre totes les cr\u00edtiques i entrebancs per part del PP a l\u2019oposici\u00f3\u201d. <\/p>\n<p>Cal recordar que PPVox van arribar a usar la Comissi\u00f3 de Peticions de la Uni\u00f3 Europea, presidida per una eurodiputada del PP, per tractar de desgastar la gesti\u00f3 del servei de menors de l\u2019IMAS i del Consell de Mallorca, amb l\u2019\u00fanic objectiu d\u2019obtenir el poder a les eleccions de 2023. \u201cEs demostra que ara que governen, PPVox ha canviat el punt de vista en refer\u00e8ncia a la gesti\u00f3 del servei de menors, respecte a quan estaven a l\u2019oposici\u00f3\u201d, ha dit Alonso. <\/p>\n<p>La socialista ha instat Guillermo S\u00e1nchez a qu\u00e8 l\u2019IMAS \u201ces personi com acusaci\u00f3 particular en aquest cas d\u2019explotaci\u00f3 sexual infantil, i a tots els que es van tenint coneixement durant la legislatura\u201d.   <\/p>\n[\/vc_column_text][\/vc_column][\/vc_row]\n\n\n\n<p><\/p>\n<\/div>","protected":false},"excerpt":{"rendered":"[vc_row][vc_column][vc_column_text] EEl president de l\u2019IMAS; Guillermo S\u00e1nchez, ha adm\u00e8s que el sistema de protecci\u00f3 de Menors ha aplicat tots els protocols existents que han propiciat la detenci\u00f3 del presumpte explotador. La consellera socialista, Sof\u00eda Alonso, ha destacat que \u201cS\u00e1nchez compleix ara els protocols d\u2019actuaci\u00f3 en casos d\u2019explotaci\u00f3 sexual infantil que v\u00e0rem posar en marxa i&hellip;","protected":false},"author":3,"featured_media":28437,"comment_status":"closed","ping_status":"closed","sticky":false,"template":"","format":"standard","meta":{"footnotes":""},"categories":[2,1,90,92],"tags":[105,77,134,226,84,296],"class_list":["post-29516","post","type-post","status-publish","format-standard","has-post-thumbnail","hentry","category-federacio-de-mallorca","category-federacio-de-mallorca-portada","category-municipis","category-portada","tag-catalina-cladera","tag-federacio-socialista-de-mallorca","tag-imas","tag-javier-de-juan","tag-psib-psoe","tag-sofia-alonso"],"_links":{"self":[{"href":"https:\/\/www.psib-psoe.org\/mallorca\/wp-json\/wp\/v2\/posts\/29516"}],"collection":[{"href":"https:\/\/www.psib-psoe.org\/mallorca\/wp-json\/wp\/v2\/posts"}],"about":[{"href":"https:\/\/www.psib-psoe.org\/mallorca\/wp-json\/wp\/v2\/types\/post"}],"author":[{"embeddable":true,"href":"https:\/\/www.psib-psoe.org\/mallorca\/wp-json\/wp\/v2\/users\/3"}],"replies":[{"embeddable":true,"href":"https:\/\/www.psib-psoe.org\/mallorca\/wp-json\/wp\/v2\/comments?post=29516"}],"version-history":[{"count":1,"href":"https:\/\/www.psib-psoe.org\/mallorca\/wp-json\/wp\/v2\/posts\/29516\/revisions"}],"predecessor-version":[{"id":29517,"href":"https:\/\/www.psib-psoe.org\/mallorca\/wp-json\/wp\/v2\/posts\/29516\/revisions\/29517"}],"wp:featuredmedia":[{"embeddable":true,"href":"https:\/\/www.psib-psoe.org\/mallorca\/wp-json\/wp\/v2\/media\/28437"}],"wp:attachment":[{"href":"https:\/\/www.psib-psoe.org\/mallorca\/wp-json\/wp\/v2\/media?parent=29516"}],"wp:term":[{"taxonomy":"category","embeddable":true,"href":"https:\/\/www.psib-psoe.org\/mallorca\/wp-json\/wp\/v2\/categories?post=29516"},{"taxonomy":"post_tag","embeddable":true,"href":"https:\/\/www.psib-psoe.org\/mallorca\/wp-json\/wp\/v2\/tags?post=29516"}],"curies":[{"name":"wp","href":"https:\/\/api.w.org\/{rel}","templated":true}]}}