{"id":29542,"date":"2025-02-24T19:15:29","date_gmt":"2025-02-24T17:15:29","guid":{"rendered":"https:\/\/www.psib-psoe.org\/mallorca\/?p=29542"},"modified":"2025-02-24T19:15:30","modified_gmt":"2025-02-24T17:15:30","slug":"els-socialistes-de-mallorca-reclamen-consens-i-respecte-a-les-mesures-de-mobilitat-sostenible-davant-de-possibles-reclamacions-dun-nou-conveni-de-carreteres","status":"publish","type":"post","link":"https:\/\/www.psib-psoe.org\/mallorca\/els-socialistes-de-mallorca-reclamen-consens-i-respecte-a-les-mesures-de-mobilitat-sostenible-davant-de-possibles-reclamacions-dun-nou-conveni-de-carreteres\/","title":{"rendered":"Els Socialistes de Mallorca reclamen consens i respecte a les mesures de mobilitat sostenible davant de possibles reclamacions d\u2019un nou conveni de carreteres."},"content":{"rendered":"<div class=\"wpb-content-wrapper\">\n<figure class=\"wp-block-image size-full is-resized is-style-default\"><img loading=\"lazy\" decoding=\"async\" width=\"2048\" height=\"1536\" src=\"https:\/\/www.psib-psoe.org\/mallorca\/wp-content\/uploads\/Cladera-Hila.jpeg\" alt=\"\" class=\"wp-image-29543\" style=\"width:788px;height:auto\" srcset=\"https:\/\/www.psib-psoe.org\/mallorca\/wp-content\/uploads\/Cladera-Hila.jpeg 2048w, https:\/\/www.psib-psoe.org\/mallorca\/wp-content\/uploads\/Cladera-Hila-300x225.jpeg 300w, https:\/\/www.psib-psoe.org\/mallorca\/wp-content\/uploads\/Cladera-Hila-1024x768.jpeg 1024w, https:\/\/www.psib-psoe.org\/mallorca\/wp-content\/uploads\/Cladera-Hila-768x576.jpeg 768w, https:\/\/www.psib-psoe.org\/mallorca\/wp-content\/uploads\/Cladera-Hila-1536x1152.jpeg 1536w, https:\/\/www.psib-psoe.org\/mallorca\/wp-content\/uploads\/Cladera-Hila-150x113.jpeg 150w, https:\/\/www.psib-psoe.org\/mallorca\/wp-content\/uploads\/Cladera-Hila-600x450.jpeg 600w, https:\/\/www.psib-psoe.org\/mallorca\/wp-content\/uploads\/Cladera-Hila-900x675.jpeg 900w, https:\/\/www.psib-psoe.org\/mallorca\/wp-content\/uploads\/Cladera-Hila-20x16.jpeg 20w\" sizes=\"(max-width: 2048px) 100vw, 2048px\" \/><\/figure>\n\n\n[vc_row][vc_column][vc_column_text]\n<p><em><u> El senador auton\u00f2mic Jos\u00e9 Hila ha expressat la voluntat de que qualsevol projecte en temes de mobilitat que es presenti des del Consell de Mallorca per obtenir finan\u00e7ament de l\u2019Estat es faci de manera consensuada amb els Socialistes del Consell de Mallorca, i tingui en compte els par\u00e0metres de sostenibilitat, amb una \u201cvisi\u00f3 molt m\u00e9s \u00e0mplia\u201d que no sigui nom\u00e9s la d\u2019ampliar carreteres per seguir prioritzant els vehicles privats. La portaveu socialista al Consell, Catalina Cladera ha recordat que el PP ha deixat perdre inversions ja pactades per a fer el Tramvia de la Badia de Palma i el Tren del Llevant.  <\/u><\/em><\/p>\n[\/vc_column_text][\/vc_column][\/vc_row]\n\n\n[vc_row][vc_column][vc_column_text]\n<p>Els Socialistes de Mallorca s\u2019han mostrat oberts a la col\u00b7laboraci\u00f3 de cara a l\u2019obtenci\u00f3 de nous recursos per a la millora de la mobilitat a Mallorca. Aix\u00ed ho ha expressat el senador auton\u00f2mic Jos\u00e9 Hila, despr\u00e9s de reunir-se amb el president del Consell de Mallorca aquest mat\u00ed. \u201cDemano que les iniciatives que ens arribin al Congr\u00e9s o al Senat siguin pr\u00e8viament consensuades amb el Grup Socialista al Consell de Mallorca, i que la seva visi\u00f3 sigui m\u00e9s \u00e0mplia que la de la millora de la xarxa vi\u00e0ria, per incloure criteris de mobilitat sostenible\u201d. Hila ha remarcat que aquest suport no es tracta d\u2019un \u201cxec en blanc\u201d per a poder plantejar qualsevol tipus de projecte, sin\u00f3 que aquests han de comptar amb un consens de base per a ser defensats a Madrid. <\/p>\n<p>En aquest mateix sentit s\u2019ha manifestat la portaveu del Grup Socialista al Consell, Catalina Cladera, per instar Galm\u00e9s a que \u201cfaci pol\u00edtiques de mobilitat sostenible, per reduir l\u2019\u00fas del vehicle privat de bon de veres\u201d. Cladera ha recordat que el PP des del Consell de Mallorca i el Govern ha \u201crenunciat a 185 milions d\u2019euros per a iniciar el projecte del Tramvia de la Badia de Palma i a una quantitat similar per al Tren de Llevant\u201d.  <\/p>\n<p>La socialista argumenta que \u201cno \u00e9s de rebut que Galm\u00e9s es queixi per la resoluci\u00f3 d\u2019un conveni de carreteres que es va acabar\u201d, i no destaqui que els recursos de l\u2019Estat segueixen arribant a Mallorca. \u201cEl pressupost del Consell de Mallorca per enguany es finan\u00e7a amb 30 milions d\u2019euros que provenen del fons d\u2019insularitat del REB, via conveni amb el Govern, que es va negociar durant les dues legislatures passades\u201d, ha dit Cladera. <\/p>\n<p>Cladera ha insistit en qu\u00e8 els projectes que es pretenen elevar a Madrid siguin de consens, i vagin en la direcci\u00f3 de fomentar la mobilitat sostenible. Un apartat que aixeca recel entre els socialistes, donat que en la present legislatura \u201cnom\u00e9s hem vist m\u00e9s asfalt, m\u00e9s carrils i m\u00e9s accidents a la Via de Cintura de Palma\u201d, com a \u00fanques propostes del PP en mat\u00e8ria de mobilitat. En aquest sentit de fer anuncis buits que despr\u00e9s no es volen complir, Cladera ha recordat Galm\u00e9s la presentaci\u00f3 de les conclusions d\u2019un estudi de c\u00e0rrega de la xarxa vi\u00e0ria de Mallorca, de les quals nom\u00e9s una, la de la limitaci\u00f3 d\u2019entrada de vehicles, ha tingut algun seguiment per part de l\u2019equip de govern: \u201chi ha altres 12 mesures de l\u2019estudi que Galm\u00e9s no fa comptes aplicar\u201d. <\/p>\n<p>Cladera tamb\u00e9 ha insistit en la necessitat que el Consell de Mallorca reclami i exerceixi les compet\u00e8ncies en mat\u00e8ria de transport terrestre a Mallorca, com ja fan la resta del Consells Insulars, per poder \u201cgestionar integralment\u201d les mesures en mat\u00e8ria de mobilitat sostenible, vinculades al suport al transport p\u00fablic. <\/p>\n[\/vc_column_text][\/vc_column][\/vc_row]\n\n\n\n<p><\/p>\n\n\n\n<figure class=\"wp-block-audio\"><audio controls src=\"https:\/\/www.psib-psoe.org\/mallorca\/wp-content\/uploads\/Cladera-conveni-carreteres-240225.mp3\"><\/audio><\/figure>\n\n\n\n<figure class=\"wp-block-audio\"><audio controls src=\"https:\/\/www.psib-psoe.org\/mallorca\/wp-content\/uploads\/Hila.mp3\"><\/audio><\/figure>\n<\/div>","protected":false},"excerpt":{"rendered":"[vc_row][vc_column][vc_column_text] El senador auton\u00f2mic Jos\u00e9 Hila ha expressat la voluntat de que qualsevol projecte en temes de mobilitat que es presenti des del Consell de Mallorca per obtenir finan\u00e7ament de l\u2019Estat es faci de manera consensuada amb els Socialistes del Consell de Mallorca, i tingui en compte els par\u00e0metres de sostenibilitat, amb una \u201cvisi\u00f3 molt&hellip;","protected":false},"author":3,"featured_media":29543,"comment_status":"closed","ping_status":"closed","sticky":false,"template":"","format":"standard","meta":{"footnotes":""},"categories":[2,1,90,92],"tags":[105,77,226,268,104,84],"class_list":["post-29542","post","type-post","status-publish","format-standard","has-post-thumbnail","hentry","category-federacio-de-mallorca","category-federacio-de-mallorca-portada","category-municipis","category-portada","tag-catalina-cladera","tag-federacio-socialista-de-mallorca","tag-javier-de-juan","tag-jose-hila","tag-mercedes-garrido","tag-psib-psoe"],"_links":{"self":[{"href":"https:\/\/www.psib-psoe.org\/mallorca\/wp-json\/wp\/v2\/posts\/29542"}],"collection":[{"href":"https:\/\/www.psib-psoe.org\/mallorca\/wp-json\/wp\/v2\/posts"}],"about":[{"href":"https:\/\/www.psib-psoe.org\/mallorca\/wp-json\/wp\/v2\/types\/post"}],"author":[{"embeddable":true,"href":"https:\/\/www.psib-psoe.org\/mallorca\/wp-json\/wp\/v2\/users\/3"}],"replies":[{"embeddable":true,"href":"https:\/\/www.psib-psoe.org\/mallorca\/wp-json\/wp\/v2\/comments?post=29542"}],"version-history":[{"count":1,"href":"https:\/\/www.psib-psoe.org\/mallorca\/wp-json\/wp\/v2\/posts\/29542\/revisions"}],"predecessor-version":[{"id":29546,"href":"https:\/\/www.psib-psoe.org\/mallorca\/wp-json\/wp\/v2\/posts\/29542\/revisions\/29546"}],"wp:featuredmedia":[{"embeddable":true,"href":"https:\/\/www.psib-psoe.org\/mallorca\/wp-json\/wp\/v2\/media\/29543"}],"wp:attachment":[{"href":"https:\/\/www.psib-psoe.org\/mallorca\/wp-json\/wp\/v2\/media?parent=29542"}],"wp:term":[{"taxonomy":"category","embeddable":true,"href":"https:\/\/www.psib-psoe.org\/mallorca\/wp-json\/wp\/v2\/categories?post=29542"},{"taxonomy":"post_tag","embeddable":true,"href":"https:\/\/www.psib-psoe.org\/mallorca\/wp-json\/wp\/v2\/tags?post=29542"}],"curies":[{"name":"wp","href":"https:\/\/api.w.org\/{rel}","templated":true}]}}