{"id":29553,"date":"2025-02-26T13:56:03","date_gmt":"2025-02-26T11:56:03","guid":{"rendered":"https:\/\/www.psib-psoe.org\/mallorca\/?p=29553"},"modified":"2025-02-26T13:56:05","modified_gmt":"2025-02-26T11:56:05","slug":"el-grup-socialista-insisteix-en-dur-al-ple-del-consell-la-reprovacio-de-la-portaveu-del-pp-nuria-riera-per-la-incompatibilitat-de-les-seves-funcions-i-labsentisme-laboral","status":"publish","type":"post","link":"https:\/\/www.psib-psoe.org\/mallorca\/el-grup-socialista-insisteix-en-dur-al-ple-del-consell-la-reprovacio-de-la-portaveu-del-pp-nuria-riera-per-la-incompatibilitat-de-les-seves-funcions-i-labsentisme-laboral\/","title":{"rendered":"El Grup Socialista insisteix en dur al ple del Consell la reprovaci\u00f3 de la portaveu del PP, N\u00faria Riera, per la incompatibilitat de les seves funcions i l\u2019absentisme laboral."},"content":{"rendered":"<div class=\"wpb-content-wrapper\">\n<figure class=\"wp-block-image size-full is-resized is-style-default\"><img loading=\"lazy\" decoding=\"async\" width=\"1536\" height=\"2048\" src=\"https:\/\/www.psib-psoe.org\/mallorca\/wp-content\/uploads\/Javier-2.jpeg\" alt=\"\" class=\"wp-image-29555\" style=\"width:788px;height:auto\" srcset=\"https:\/\/www.psib-psoe.org\/mallorca\/wp-content\/uploads\/Javier-2.jpeg 1536w, https:\/\/www.psib-psoe.org\/mallorca\/wp-content\/uploads\/Javier-2-225x300.jpeg 225w, https:\/\/www.psib-psoe.org\/mallorca\/wp-content\/uploads\/Javier-2-768x1024.jpeg 768w, https:\/\/www.psib-psoe.org\/mallorca\/wp-content\/uploads\/Javier-2-1152x1536.jpeg 1152w, https:\/\/www.psib-psoe.org\/mallorca\/wp-content\/uploads\/Javier-2-300x400.jpeg 300w, https:\/\/www.psib-psoe.org\/mallorca\/wp-content\/uploads\/Javier-2-150x200.jpeg 150w, https:\/\/www.psib-psoe.org\/mallorca\/wp-content\/uploads\/Javier-2-600x800.jpeg 600w, https:\/\/www.psib-psoe.org\/mallorca\/wp-content\/uploads\/Javier-2-900x1200.jpeg 900w, https:\/\/www.psib-psoe.org\/mallorca\/wp-content\/uploads\/Javier-2-20x27.jpeg 20w\" sizes=\"(max-width: 1536px) 100vw, 1536px\" \/><\/figure>\n\n\n[vc_row][vc_column][vc_column_text]\n<p><em><u> Galm\u00e9s no ha mogut fitxa respecte la situaci\u00f3 insostenible de la portaveu del PP al Consell N\u00faria Riera. Per aquest motiu el Grup Socialista ha registrat una moci\u00f3 per propiciar el debat sobre la manca de compatibilitat de la feina de Riera com a funcion\u00e0ria de la CAIB a temps complet, amb la de portateu del PP al Consell al 75% de dedicaci\u00f3 i remuneraci\u00f3, jornades que no ha complert, per\u00f2 que li han reportat 130.000 euros anuals de salari p\u00fablic. Es tracta de la mateixa moci\u00f3 que el PP va rebutjar debatre en el darrer ple de la instituci\u00f3, el passat 13 de febrer. El portaveu adjunt del Grup Socialista, Javier de Juan, ha recriminat Galm\u00e9s que s\u2019hagi amagat i que no hagi pres les \u00faniques decisions que pot adoptar: ordenar la destituci\u00f3 de Riera com a portaveu, i instar a la devoluci\u00f3 de les quantitats econ\u00f2miques cobrades de manera irregular.    <\/u><\/em><\/p>\n[\/vc_column_text][\/vc_column][\/vc_row]\n\n\n[vc_row][vc_column][vc_column_text]\n<p>El Grup Socialista responsabilitza Galm\u00e9s de l\u2019actitud de la portaveu del PP al Consell, N\u00faria Riera, i l\u2019ha tornat a instar a \u201cdestituir Riera com  a portaveu, i fer que retorni les quantitats de diner p\u00fablic cobrades de manera irregular durant aquests 20 mesos de legislatura\u201d. Amb aquest motiu el Grup Socialista al Consell ha registrat una moci\u00f3 en refer\u00e8ncia al Cas N\u00faria Riera, precisament la que el PP amb els seus vots al plenari va impedir que es debat\u00e9s en el ple ordinari d\u2019aquest febrer. Aquesta nova iniciativa es debatr\u00e0 en p\u00fablic en el ple previst pel ple del 13 de mar\u00e7. <\/p>\n<p>\u201cHan passat dues setmanes des del ple, i gaireb\u00e9 tres des de la publicaci\u00f3 de la manca de compliment de l\u2019horari de feina de Riera en el seu lloc de funcion\u00e0ria del Govern, i Galm\u00e9s no ha fet res, es tracta d\u2019un silenci escandal\u00f3s\u201d, ha afirmat de Juan, que no concep la abs\u00e8ncia total d\u2019iniciativa de Galm\u00e9s, \u201cquan la mateixa Marga Prohens li ha dit p\u00fablicament que les decisions sobre N\u00faria Riera li pertoquien a ell\u201d. <\/p>\n<p>\u201cSi el PP volia amagar el tema en el darrer ple, el Grup Socialista no ho permetrem\u201d, ha dit el portaveu adjunt dels socialistes al Consell. De Juan ha recordat que dues de principi de legislatura no hem deixat de q\u00fcestionar la situaci\u00f3 de Riera, amb preguntes de documentaci\u00f3 al Consell i al Parlament, la sol\u00b7licitud de compareixen\u00e7a de la consellera de Presid\u00e8ncia del Govern, Ant\u00f2nia Estarellas o una moci\u00f3 del Grup Socialista al ple del setembre de 2024. <\/p>\n<p>De Juan ha apuntat directament a Galm\u00e9s com el gran responsable de la situaci\u00f3 de Riera, per que \u201c\u00e9s ell qui ha incitat a que l\u2019acci\u00f3 pol\u00edtica de la portaveu del PP s\u2019hagi centrat en perseguir als grups de l\u2019oposici\u00f3, convocant rodes de premsa de resposta cada cop que el Grup Socialista i altres partits havien fet una comunicaci\u00f3 p\u00fablica. \u201c\u00c9s clar que aquesta feina de fer tert\u00falies i rodes de premsa en hores que Riera havia d\u2019estar al seu lloc de feina no es pot considerar com a deure inexcusable\u201d. <\/p>\n<p>Curiosament, en aquestes dues setmanes la pres\u00e8ncia de Riera en actes comunicatius del PP al Consell en horari de feina s\u2019ha redu\u00eft a la m\u00ednima expressi\u00f3, per que ara se centra en ocupar f\u00edsicament la seva jornada laboral al Govern. Un fet que per de Juan suposa un \u201creconeixement t\u00e0cit de que l\u2019actitud que ha tingut durant els 20 mesos de legislatura era irregular, poc \u00e8tic i pol\u00edticament rebutjable\u201d. <\/p>\n[\/vc_column_text][\/vc_column][\/vc_row]\n\n\n\n<p><\/p>\n\n\n\n<figure class=\"wp-block-audio\"><audio controls src=\"https:\/\/www.psib-psoe.org\/mallorca\/wp-content\/uploads\/Tall-Javier-de-Juan-mocio-Riera-260225.mp3\"><\/audio><\/figure>\n<\/div>","protected":false},"excerpt":{"rendered":"[vc_row][vc_column][vc_column_text] Galm\u00e9s no ha mogut fitxa respecte la situaci\u00f3 insostenible de la portaveu del PP al Consell N\u00faria Riera. Per aquest motiu el Grup Socialista ha registrat una moci\u00f3 per propiciar el debat sobre la manca de compatibilitat de la feina de Riera com a funcion\u00e0ria de la CAIB a temps complet, amb la de&hellip;","protected":false},"author":3,"featured_media":29372,"comment_status":"closed","ping_status":"closed","sticky":false,"template":"","format":"standard","meta":{"footnotes":""},"categories":[2,1,90,92],"tags":[105,77,226,104,84],"class_list":["post-29553","post","type-post","status-publish","format-standard","has-post-thumbnail","hentry","category-federacio-de-mallorca","category-federacio-de-mallorca-portada","category-municipis","category-portada","tag-catalina-cladera","tag-federacio-socialista-de-mallorca","tag-javier-de-juan","tag-mercedes-garrido","tag-psib-psoe"],"_links":{"self":[{"href":"https:\/\/www.psib-psoe.org\/mallorca\/wp-json\/wp\/v2\/posts\/29553"}],"collection":[{"href":"https:\/\/www.psib-psoe.org\/mallorca\/wp-json\/wp\/v2\/posts"}],"about":[{"href":"https:\/\/www.psib-psoe.org\/mallorca\/wp-json\/wp\/v2\/types\/post"}],"author":[{"embeddable":true,"href":"https:\/\/www.psib-psoe.org\/mallorca\/wp-json\/wp\/v2\/users\/3"}],"replies":[{"embeddable":true,"href":"https:\/\/www.psib-psoe.org\/mallorca\/wp-json\/wp\/v2\/comments?post=29553"}],"version-history":[{"count":1,"href":"https:\/\/www.psib-psoe.org\/mallorca\/wp-json\/wp\/v2\/posts\/29553\/revisions"}],"predecessor-version":[{"id":29556,"href":"https:\/\/www.psib-psoe.org\/mallorca\/wp-json\/wp\/v2\/posts\/29553\/revisions\/29556"}],"wp:featuredmedia":[{"embeddable":true,"href":"https:\/\/www.psib-psoe.org\/mallorca\/wp-json\/wp\/v2\/media\/29372"}],"wp:attachment":[{"href":"https:\/\/www.psib-psoe.org\/mallorca\/wp-json\/wp\/v2\/media?parent=29553"}],"wp:term":[{"taxonomy":"category","embeddable":true,"href":"https:\/\/www.psib-psoe.org\/mallorca\/wp-json\/wp\/v2\/categories?post=29553"},{"taxonomy":"post_tag","embeddable":true,"href":"https:\/\/www.psib-psoe.org\/mallorca\/wp-json\/wp\/v2\/tags?post=29553"}],"curies":[{"name":"wp","href":"https:\/\/api.w.org\/{rel}","templated":true}]}}