{"id":29558,"date":"2025-02-28T14:25:00","date_gmt":"2025-02-28T12:25:00","guid":{"rendered":"https:\/\/www.psib-psoe.org\/mallorca\/?p=29558"},"modified":"2025-02-28T14:25:02","modified_gmt":"2025-02-28T12:25:02","slug":"els-socialistes-dandratx-lamenten-lactitud-de-la-batlessa-al-ple-de-reprovacio-dels-dos-regidors-per-la-destruccio-de-lembarcacio-catalogada-margarita-ii","status":"publish","type":"post","link":"https:\/\/www.psib-psoe.org\/mallorca\/els-socialistes-dandratx-lamenten-lactitud-de-la-batlessa-al-ple-de-reprovacio-dels-dos-regidors-per-la-destruccio-de-lembarcacio-catalogada-margarita-ii\/","title":{"rendered":"Els Socialistes d\u2019Andratx lamenten l\u2019actitud de la batlessa al ple de reprovaci\u00f3 dels dos regidors per la destrucci\u00f3 de l\u2019embarcaci\u00f3 catalogada Margarita II"},"content":{"rendered":"<div class=\"wpb-content-wrapper\">\n<figure class=\"wp-block-image size-full is-resized is-style-default\"><img loading=\"lazy\" decoding=\"async\" width=\"1069\" height=\"1018\" src=\"https:\/\/www.psib-psoe.org\/mallorca\/wp-content\/uploads\/280225_-Grup-Municipal-PSIB-PSOE-Andratx.jpeg\" alt=\"\" class=\"wp-image-29559\" style=\"width:788px;height:auto\" srcset=\"https:\/\/www.psib-psoe.org\/mallorca\/wp-content\/uploads\/280225_-Grup-Municipal-PSIB-PSOE-Andratx.jpeg 1069w, https:\/\/www.psib-psoe.org\/mallorca\/wp-content\/uploads\/280225_-Grup-Municipal-PSIB-PSOE-Andratx-300x286.jpeg 300w, https:\/\/www.psib-psoe.org\/mallorca\/wp-content\/uploads\/280225_-Grup-Municipal-PSIB-PSOE-Andratx-1024x975.jpeg 1024w, https:\/\/www.psib-psoe.org\/mallorca\/wp-content\/uploads\/280225_-Grup-Municipal-PSIB-PSOE-Andratx-768x731.jpeg 768w, https:\/\/www.psib-psoe.org\/mallorca\/wp-content\/uploads\/280225_-Grup-Municipal-PSIB-PSOE-Andratx-150x143.jpeg 150w, https:\/\/www.psib-psoe.org\/mallorca\/wp-content\/uploads\/280225_-Grup-Municipal-PSIB-PSOE-Andratx-600x571.jpeg 600w, https:\/\/www.psib-psoe.org\/mallorca\/wp-content\/uploads\/280225_-Grup-Municipal-PSIB-PSOE-Andratx-900x857.jpeg 900w, https:\/\/www.psib-psoe.org\/mallorca\/wp-content\/uploads\/280225_-Grup-Municipal-PSIB-PSOE-Andratx-20x18.jpeg 20w\" sizes=\"(max-width: 1069px) 100vw, 1069px\" \/><\/figure>\n\n\n[vc_row][vc_column][vc_column_text]\n<p><em><u> Des de l\u2019Agrupaci\u00f3 Socialista critiquen que la batlessa no hagi volgut prendre responsabilitats al ple de reprovaci\u00f3 del regidors de Serveis Generals i de la regidora de Patrimoni (PP)<\/p>\n<p>  <\/u><\/em><\/p>\n[\/vc_column_text][\/vc_column][\/vc_row]\n\n\n[vc_row][vc_column][vc_column_text]\n<p>Els Socialistes d\u2019Andratx han mostrat la seva disconformitat davant l\u2019actitud de la batlessa i tot l\u2019equip de govern al ple de reprovaci\u00f3 del regidor de Serveis Generals (Joan Forteza) i la regidora de Patrimoni (Beatriz Casanova), tots dos del Partit Popular. <\/p>\n<p>Els grups municipals PSIB-PSOE Andratx, el Pi Andratx i M\u00c9S per Andratx van sol\u00b7licitar un ple extraordinari per exigir responsabilitats i la reprovaci\u00f3 dels dos regidors per la destrucci\u00f3 de l\u2019embarcaci\u00f3 catalogada Margarita II.<\/p>\n<p>Els socialistes han lamentat que, ni la batlessa ni cap dels dos regidors, hagin volgut prendre responsabilitats davant uns fets tan greus. El portaveu dels Socialistes d\u2019Andratx a l\u2019Ajuntament, Toni Mir, ha destacat que \u201cno han donat cap explicaci\u00f3 convincent, tan sols han posat excuses i han enfangat el debat\u201d.<\/p>\n<p>Mir ha afegit que \u201cels Socialistes estudiarem totes les vies perqu\u00e8 es faci just\u00edcia davant uns fets tan greus. Han destru\u00eft patrimoni del nostre municipi, tot un s\u00edmbol pel Port d\u2019Andratx i Sa Dragonera\u201d.<\/p>\n<p>El portaveu tamb\u00e9 ha volgut recordar que a l\u2019anterior legislatura amb governs progressistes al Consell de Mallorca i a l\u2019Ajuntament d\u2019Andratx es va fer molta feina per protegir l\u2019embarcaci\u00f3 i, ara, \u201cl\u2019Ajuntament no ha fet res per restaurar-la ni protegir-la, han deixat que una embarcaci\u00f3 protegida  es destrueixi\u201d ha concl\u00f2s Mir.<\/p>\n[\/vc_column_text][\/vc_column][\/vc_row]\n\n\n\n<p><\/p>\n<\/div>","protected":false},"excerpt":{"rendered":"[vc_row][vc_column][vc_column_text] Des de l\u2019Agrupaci\u00f3 Socialista critiquen que la batlessa no hagi volgut prendre responsabilitats al ple de reprovaci\u00f3 del regidors de Serveis Generals i de la regidora de Patrimoni (PP) [\/vc_column_text][\/vc_column][\/vc_row] [vc_row][vc_column][vc_column_text] Els Socialistes d\u2019Andratx han mostrat la seva disconformitat davant l\u2019actitud de la batlessa i tot l\u2019equip de govern al ple de reprovaci\u00f3 del&hellip;","protected":false},"author":3,"featured_media":29559,"comment_status":"closed","ping_status":"closed","sticky":false,"template":"","format":"standard","meta":{"footnotes":""},"categories":[2,1,90,92],"tags":[219,507,77,597,84,221,241,222],"class_list":["post-29558","post","type-post","status-publish","format-standard","has-post-thumbnail","hentry","category-federacio-de-mallorca","category-federacio-de-mallorca-portada","category-municipis","category-portada","tag-andratx","tag-enaitz-inan","tag-federacio-socialista-de-mallorca","tag-margarita-ii","tag-psib-psoe","tag-socialistes-dandratx","tag-toni-bordoy","tag-toni-mir"],"_links":{"self":[{"href":"https:\/\/www.psib-psoe.org\/mallorca\/wp-json\/wp\/v2\/posts\/29558"}],"collection":[{"href":"https:\/\/www.psib-psoe.org\/mallorca\/wp-json\/wp\/v2\/posts"}],"about":[{"href":"https:\/\/www.psib-psoe.org\/mallorca\/wp-json\/wp\/v2\/types\/post"}],"author":[{"embeddable":true,"href":"https:\/\/www.psib-psoe.org\/mallorca\/wp-json\/wp\/v2\/users\/3"}],"replies":[{"embeddable":true,"href":"https:\/\/www.psib-psoe.org\/mallorca\/wp-json\/wp\/v2\/comments?post=29558"}],"version-history":[{"count":1,"href":"https:\/\/www.psib-psoe.org\/mallorca\/wp-json\/wp\/v2\/posts\/29558\/revisions"}],"predecessor-version":[{"id":29560,"href":"https:\/\/www.psib-psoe.org\/mallorca\/wp-json\/wp\/v2\/posts\/29558\/revisions\/29560"}],"wp:featuredmedia":[{"embeddable":true,"href":"https:\/\/www.psib-psoe.org\/mallorca\/wp-json\/wp\/v2\/media\/29559"}],"wp:attachment":[{"href":"https:\/\/www.psib-psoe.org\/mallorca\/wp-json\/wp\/v2\/media?parent=29558"}],"wp:term":[{"taxonomy":"category","embeddable":true,"href":"https:\/\/www.psib-psoe.org\/mallorca\/wp-json\/wp\/v2\/categories?post=29558"},{"taxonomy":"post_tag","embeddable":true,"href":"https:\/\/www.psib-psoe.org\/mallorca\/wp-json\/wp\/v2\/tags?post=29558"}],"curies":[{"name":"wp","href":"https:\/\/api.w.org\/{rel}","templated":true}]}}