{"id":29563,"date":"2025-03-01T12:38:39","date_gmt":"2025-03-01T10:38:39","guid":{"rendered":"https:\/\/www.psib-psoe.org\/mallorca\/?p=29563"},"modified":"2025-03-01T12:38:40","modified_gmt":"2025-03-01T10:38:40","slug":"la-batlessa-dalcudia-eludeix-donar-explicacions-a-loposicio-sobre-la-destitucio-del-regidor-de-turisme-de-lajuntament","status":"publish","type":"post","link":"https:\/\/www.psib-psoe.org\/mallorca\/la-batlessa-dalcudia-eludeix-donar-explicacions-a-loposicio-sobre-la-destitucio-del-regidor-de-turisme-de-lajuntament\/","title":{"rendered":"La batlessa d\u2019Alc\u00fadia eludeix donar explicacions a l\u2019oposici\u00f3 sobre la destituci\u00f3 del regidor de Turisme de l\u2019Ajuntament."},"content":{"rendered":"<div class=\"wpb-content-wrapper\">\n<figure class=\"wp-block-image size-full is-resized is-style-default\"><img loading=\"lazy\" decoding=\"async\" width=\"828\" height=\"1343\" src=\"https:\/\/www.psib-psoe.org\/mallorca\/wp-content\/uploads\/Regidors-Alcudia.jpeg\" alt=\"\" class=\"wp-image-29564\" style=\"width:788px;height:auto\" srcset=\"https:\/\/www.psib-psoe.org\/mallorca\/wp-content\/uploads\/Regidors-Alcudia.jpeg 828w, https:\/\/www.psib-psoe.org\/mallorca\/wp-content\/uploads\/Regidors-Alcudia-185x300.jpeg 185w, https:\/\/www.psib-psoe.org\/mallorca\/wp-content\/uploads\/Regidors-Alcudia-631x1024.jpeg 631w, https:\/\/www.psib-psoe.org\/mallorca\/wp-content\/uploads\/Regidors-Alcudia-768x1246.jpeg 768w, https:\/\/www.psib-psoe.org\/mallorca\/wp-content\/uploads\/Regidors-Alcudia-300x487.jpeg 300w, https:\/\/www.psib-psoe.org\/mallorca\/wp-content\/uploads\/Regidors-Alcudia-150x243.jpeg 150w, https:\/\/www.psib-psoe.org\/mallorca\/wp-content\/uploads\/Regidors-Alcudia-600x973.jpeg 600w, https:\/\/www.psib-psoe.org\/mallorca\/wp-content\/uploads\/Regidors-Alcudia-20x32.jpeg 20w\" sizes=\"(max-width: 828px) 100vw, 828px\" \/><\/figure>\n\n\n[vc_row][vc_column][vc_column_text]\n<p><em><u> 10 dies despr\u00e9s que el Grup Municipal Socialista hagi demanat la convocat\u00f2ria d\u2019una Comissi\u00f3 General d\u2019Assumptes del ple extraordinari per a que la batlessa Fina Linares doni totes les explicacions sobre l\u2019esc\u00e0ndol que s\u2019amaga rere la destituci\u00f3 fulminant del regidor de Turisme de l\u2019equip de Govern, Juan Mateu Gual, la batlessa segueix defugint la seva responsabilitat en el cas.  <\/u><\/em><\/p>\n[\/vc_column_text][\/vc_column][\/vc_row]\n\n\n[vc_row][vc_column][vc_column_text]\n<p>La destituci\u00f3 fulminant del regidor de Turisme de l\u2019Ajuntament d\u2019Alc\u00fadia obre tota una s\u00e8rie d\u2019inc\u00f2gnites que el Grup Municipal Socialista exigeix aclarir. Per\u00f2 10 dies despr\u00e9s de la petici\u00f3, la batlessa no ha fixat la Comissi\u00f3 municipal a on ha d\u2019explicar els fets.  \u201cEl suposat malbaratament de milers d\u2019euros dels pressupostos municipals en despeses impr\u00f2pies des de l\u2019inici de la legislatura \u00e9s un fet suficientment greu com per que la batlessa en persona ens expliqui qu\u00e8 ha passat\u201d, ha afirmat el secretari general de l\u2019Agrupaci\u00f3 Socialista d\u2019Alc\u00fadia, Joan Gaspar Vallori.<\/p>\n<p>Durant aquests 10 dies els grups municipals d\u2019Alc\u00fadia no han estat convocats, i aquest fet suposa \u201cuna desconsideraci\u00f3 cap a tots els alcudiencs, que no han tingut acc\u00e9s ni a les explicacions ni a la documentaci\u00f3 del cas\u201d. Els fets que han motivat la destituci\u00f3 de Juan Mateu Gual s\u00f3n suposadament greus, i no podem tolerar que una batlessa faci fora a un regidor sense que n\u2019aporti les proves\u201d. Vallori s\u2019ha queixat de la \u201cmanca de transpar\u00e8ncia\u201d de Linares, per uns fets que, a m\u00e9s, afecten al bess\u00f3 de la coalici\u00f3 de govern amb els ultradretans de Vox. <\/p>\n<p>Cada dia que passa sense que l\u2019oposici\u00f3 no rebi la informaci\u00f3 demanada es fa m\u00e9s gran la sospita de la implicaci\u00f3 de la batlessa en l\u2019encobriment dels suposats fets que han provocat la destituci\u00f3. \u201cNo ens quedarem plegats de mans\u201d, ha dit el socialista, que ha apuntat a una petici\u00f3 d\u2019un ple extraordinari de la Corporaci\u00f3 municipal cas que la primera vara d\u2019Alc\u00fadia no comparegui davant dels grups de l\u2019oposici\u00f3 i aporti la documentaci\u00f3 del cas.  \u201cDefensem els interessos dels alcudiencs, i si s\u2019ha produ\u00eft un malbaratament de cabals p\u00fablics, demanarem les oportunes responsabilitat i que es retorni fins al darrer euro\u201d. <\/p>\n[\/vc_column_text][\/vc_column][\/vc_row]\n\n\n\n<p><\/p>\n<\/div>","protected":false},"excerpt":{"rendered":"[vc_row][vc_column][vc_column_text] 10 dies despr\u00e9s que el Grup Municipal Socialista hagi demanat la convocat\u00f2ria d\u2019una Comissi\u00f3 General d\u2019Assumptes del ple extraordinari per a que la batlessa Fina Linares doni totes les explicacions sobre l\u2019esc\u00e0ndol que s\u2019amaga rere la destituci\u00f3 fulminant del regidor de Turisme de l\u2019equip de Govern, Juan Mateu Gual, la batlessa segueix defugint la&hellip;","protected":false},"author":3,"featured_media":29564,"comment_status":"closed","ping_status":"closed","sticky":false,"template":"","format":"standard","meta":{"footnotes":""},"categories":[2,1,90,92],"tags":[301,349,77,304,84,588],"class_list":["post-29563","post","type-post","status-publish","format-standard","has-post-thumbnail","hentry","category-federacio-de-mallorca","category-federacio-de-mallorca-portada","category-municipis","category-portada","tag-alcudia","tag-barbara-rebassa","tag-federacio-socialista-de-mallorca","tag-joan-gaspar-vallori","tag-psib-psoe","tag-socialistes-alcudia"],"_links":{"self":[{"href":"https:\/\/www.psib-psoe.org\/mallorca\/wp-json\/wp\/v2\/posts\/29563"}],"collection":[{"href":"https:\/\/www.psib-psoe.org\/mallorca\/wp-json\/wp\/v2\/posts"}],"about":[{"href":"https:\/\/www.psib-psoe.org\/mallorca\/wp-json\/wp\/v2\/types\/post"}],"author":[{"embeddable":true,"href":"https:\/\/www.psib-psoe.org\/mallorca\/wp-json\/wp\/v2\/users\/3"}],"replies":[{"embeddable":true,"href":"https:\/\/www.psib-psoe.org\/mallorca\/wp-json\/wp\/v2\/comments?post=29563"}],"version-history":[{"count":1,"href":"https:\/\/www.psib-psoe.org\/mallorca\/wp-json\/wp\/v2\/posts\/29563\/revisions"}],"predecessor-version":[{"id":29565,"href":"https:\/\/www.psib-psoe.org\/mallorca\/wp-json\/wp\/v2\/posts\/29563\/revisions\/29565"}],"wp:featuredmedia":[{"embeddable":true,"href":"https:\/\/www.psib-psoe.org\/mallorca\/wp-json\/wp\/v2\/media\/29564"}],"wp:attachment":[{"href":"https:\/\/www.psib-psoe.org\/mallorca\/wp-json\/wp\/v2\/media?parent=29563"}],"wp:term":[{"taxonomy":"category","embeddable":true,"href":"https:\/\/www.psib-psoe.org\/mallorca\/wp-json\/wp\/v2\/categories?post=29563"},{"taxonomy":"post_tag","embeddable":true,"href":"https:\/\/www.psib-psoe.org\/mallorca\/wp-json\/wp\/v2\/tags?post=29563"}],"curies":[{"name":"wp","href":"https:\/\/api.w.org\/{rel}","templated":true}]}}