{"id":29591,"date":"2025-03-11T20:56:04","date_gmt":"2025-03-11T18:56:04","guid":{"rendered":"https:\/\/www.psib-psoe.org\/mallorca\/?p=29591"},"modified":"2025-03-11T20:56:16","modified_gmt":"2025-03-11T18:56:16","slug":"la-federacio-socialista-de-mallorca-recull-el-sentir-del-sector-primari-de-mallorca-i-es-compromet-a-fomentar-lo-i-a-potenciar-el-producte-local","status":"publish","type":"post","link":"https:\/\/www.psib-psoe.org\/mallorca\/la-federacio-socialista-de-mallorca-recull-el-sentir-del-sector-primari-de-mallorca-i-es-compromet-a-fomentar-lo-i-a-potenciar-el-producte-local\/","title":{"rendered":"La Federaci\u00f3 Socialista de Mallorca recull el sentir del sector primari de Mallorca i es compromet a fomentar-lo i a potenciar el producte local"},"content":{"rendered":"<div class=\"wpb-content-wrapper\">\n<figure class=\"wp-block-image size-large is-style-default\"><img loading=\"lazy\" decoding=\"async\" width=\"1024\" height=\"768\" src=\"https:\/\/www.psib-psoe.org\/mallorca\/wp-content\/uploads\/IMG_2473-1024x768.jpg\" alt=\"\" class=\"wp-image-29592\" srcset=\"https:\/\/www.psib-psoe.org\/mallorca\/wp-content\/uploads\/IMG_2473-1024x768.jpg 1024w, https:\/\/www.psib-psoe.org\/mallorca\/wp-content\/uploads\/IMG_2473-300x225.jpg 300w, https:\/\/www.psib-psoe.org\/mallorca\/wp-content\/uploads\/IMG_2473-768x576.jpg 768w, https:\/\/www.psib-psoe.org\/mallorca\/wp-content\/uploads\/IMG_2473-1536x1152.jpg 1536w, https:\/\/www.psib-psoe.org\/mallorca\/wp-content\/uploads\/IMG_2473-2048x1536.jpg 2048w, https:\/\/www.psib-psoe.org\/mallorca\/wp-content\/uploads\/IMG_2473-150x113.jpg 150w, https:\/\/www.psib-psoe.org\/mallorca\/wp-content\/uploads\/IMG_2473-600x450.jpg 600w, https:\/\/www.psib-psoe.org\/mallorca\/wp-content\/uploads\/IMG_2473-900x675.jpg 900w, https:\/\/www.psib-psoe.org\/mallorca\/wp-content\/uploads\/IMG_2473-20x16.jpg 20w\" sizes=\"(max-width: 1024px) 100vw, 1024px\" \/><\/figure>\n\n\n[vc_row][vc_column][vc_column_text]\n<p><em><u> Una jornada sobre sector primari celebrada a sa Pobla serveix per a completar l\u2019apartat de la Pon\u00e8ncia marc dels Socialistes de Mallorca de cara al 15\u00e8 Congr\u00e9s de la FSM que se celebra el pr\u00f2xim 5 d\u2019abril, davant de representants de la majoria d\u2019Agrupacions de Mallorca, i amb la participaci\u00f3 de professionals i entitats del camp com APAEMA, Camp Mallorqu\u00ed, i Cooperatives Aliment\u00e0ries. La preservaci\u00f3 del sol r\u00fastic de manera \u00f2ptima per a permetre l\u2019\u00fas agrari i ramader, davant la pressi\u00f3 urban\u00edstica, la manca d\u2019aigua o l\u2019avan\u00e7 de l\u2019implantaci\u00f3 no controlada de parcs fotovoltaics, es constitueixen en alguns dels reptes del sector, que se sumen a la dificultat per trobar relleu generacional per a les explotacions o per promocionar i distribuir els productes locals      <\/u><\/em><\/p>\n[\/vc_column_text][\/vc_column][\/vc_row]\n\n\n[vc_row][vc_column][vc_column_text]\n<p>Sa Pobla ha allotjat una jornada dels i les Socialistes de Mallorca sobre Sector Primari, emmarcada en l\u2019horitz\u00f3 de la celebraci\u00f3 del pr\u00f2xim 15\u00e8 Congres de la Federaci\u00f3 Socialista de Mallorca, el pr\u00f2xim 5 d\u2019abril. Amb aquest motiu, s\u2019ha generat un f\u00f2rum de debat amb la pres\u00e8ncia de representants del sector, com Jer\u00f2nia Bonaf\u00e8 (presidenta de Coop. Agroaliment\u00e0ries), Miquel Coll (president d\u2019APAEMA) i Miquel Gual (president de la Cooperativa Sant Bartomeu de Soller i president de Camp Mallorqu\u00ed). La secret\u00e0ria general de la FSM, Amanda Fern\u00e1ndez, ha posat de manifest que \u201cel camp de Mallorca no \u00e9s nom\u00e9s all\u00f2 que veiem quan recorrem la nostra illa, ni nom\u00e9s el que arriba a les nostres taules. \u00c9s hist\u00f2ria, \u00e9s feina, \u00e9s territori i, sobretot, \u00e9s futur. Per\u00f2 tamb\u00e9 \u00e9s un sector que es troba en un moment delicat. Massa obstacles, massa dificultats, per\u00f2 tamb\u00e9 moltes oportunitats si sabem aprofitar-les i si els hi donam suport\u201d.<\/p>\n<p>La diputada al Parlament pel Grup Socialista, Malena Riudavets s\u2019ha referit a la necessitat de definir l\u2019abast del producte local com a producte de qualitat, amb un mercat que estigui disposat a apreciar aquest cost diferencial de producci\u00f3 respecte altres productes forans. \u201cLa capacitat per a produir i consumir productes de kil\u00f2metre zero, que contribueix a la seguretat i a \u201cla perviv\u00e8ncia de les empreses del sector, agr\u00edcoles, ramaderes, pesqueres\u201d.   <\/p>\n<p>L\u2019acte d\u2019avui s\u2019emmiralla precisament la voluntat de preguntar i escoltar al sector primari, saber quines s\u00f3n les receptes m\u00e9s acurades per aplicar en una pol\u00edtica agr\u00e0ria de car\u00e0cter auton\u00f2mic i insular. Les propostes sorgides de les diferents organitzacions agr\u00e0ries s\u00f3n especialment valuoses en aquest proc\u00e9s previ al Congr\u00e9s que marca l\u2019estrat\u00e8gia dels Socialistes de Mallorca de cara a 2027. \u201cPer aix\u00f2 tamb\u00e9 \u00e9s tant important veure aqu\u00ed tants de companys i companyes d\u2019arreu de Mallorca\u201d, ha dit la consellera del Grup Socialista al Consell de Mallorca, Juana M. Adrover en el torn de conclusions de la jornada, a on ha insistit en el fet de trobar mercats i vies de comercialitzaci\u00f3 estables per als productes de kil\u00f2metre zero de Mallorca.<\/p>\n<p>\u201cLa preservaci\u00f3 del camp mallorqu\u00ed no ha de ser una responsabilitat exclusiva dels pagesos, sin\u00f3 de tota la societat. Les institucions han de garantir les eines necess\u00e0ries per fomentar aquest sector, per\u00f2 tamb\u00e9 els consumidors tenen un paper clau en donar suport als productes locals\u201d.<\/p>\n<p>La pressi\u00f3 urbanitzadora sobre el r\u00fastic ha fet retrocedir hect\u00e0rees de conreu i empreses del sector primari en els darrers anys. \u201cEls missatges que ara arriben del Govern i el Consell Insular PPVox, amb la nova Llei de Simplificaci\u00f3 Administrativa que beneeix l\u2019\u00fas del sol r\u00fastic com a habitable, van en la l\u00ednia contr\u00e0ria a la voluntat del sector primari i abonen la destrucci\u00f3 de teixit empresarial agrari i l\u2019abandonament de terres f\u00e8rtils\u201d.<\/p>\n[\/vc_column_text][\/vc_column][\/vc_row]\n\n\n\n<p><\/p>\n<\/div>","protected":false},"excerpt":{"rendered":"[vc_row][vc_column][vc_column_text] Una jornada sobre sector primari celebrada a sa Pobla serveix per a completar l\u2019apartat de la Pon\u00e8ncia marc dels Socialistes de Mallorca de cara al 15\u00e8 Congr\u00e9s de la FSM que se celebra el pr\u00f2xim 5 d\u2019abril, davant de representants de la majoria d\u2019Agrupacions de Mallorca, i amb la participaci\u00f3 de professionals i entitats&hellip;","protected":false},"author":3,"featured_media":29592,"comment_status":"closed","ping_status":"closed","sticky":false,"template":"","format":"standard","meta":{"footnotes":""},"categories":[595,2,1,92],"tags":[218,105,77,78,84],"class_list":["post-29591","post","type-post","status-publish","format-standard","has-post-thumbnail","hentry","category-15e-congres-fsm","category-federacio-de-mallorca","category-federacio-de-mallorca-portada","category-portada","tag-amanda-fernandez","tag-catalina-cladera","tag-federacio-socialista-de-mallorca","tag-fsm","tag-psib-psoe"],"_links":{"self":[{"href":"https:\/\/www.psib-psoe.org\/mallorca\/wp-json\/wp\/v2\/posts\/29591"}],"collection":[{"href":"https:\/\/www.psib-psoe.org\/mallorca\/wp-json\/wp\/v2\/posts"}],"about":[{"href":"https:\/\/www.psib-psoe.org\/mallorca\/wp-json\/wp\/v2\/types\/post"}],"author":[{"embeddable":true,"href":"https:\/\/www.psib-psoe.org\/mallorca\/wp-json\/wp\/v2\/users\/3"}],"replies":[{"embeddable":true,"href":"https:\/\/www.psib-psoe.org\/mallorca\/wp-json\/wp\/v2\/comments?post=29591"}],"version-history":[{"count":1,"href":"https:\/\/www.psib-psoe.org\/mallorca\/wp-json\/wp\/v2\/posts\/29591\/revisions"}],"predecessor-version":[{"id":29593,"href":"https:\/\/www.psib-psoe.org\/mallorca\/wp-json\/wp\/v2\/posts\/29591\/revisions\/29593"}],"wp:featuredmedia":[{"embeddable":true,"href":"https:\/\/www.psib-psoe.org\/mallorca\/wp-json\/wp\/v2\/media\/29592"}],"wp:attachment":[{"href":"https:\/\/www.psib-psoe.org\/mallorca\/wp-json\/wp\/v2\/media?parent=29591"}],"wp:term":[{"taxonomy":"category","embeddable":true,"href":"https:\/\/www.psib-psoe.org\/mallorca\/wp-json\/wp\/v2\/categories?post=29591"},{"taxonomy":"post_tag","embeddable":true,"href":"https:\/\/www.psib-psoe.org\/mallorca\/wp-json\/wp\/v2\/tags?post=29591"}],"curies":[{"name":"wp","href":"https:\/\/api.w.org\/{rel}","templated":true}]}}