{"id":29600,"date":"2025-03-13T18:12:01","date_gmt":"2025-03-13T16:12:01","guid":{"rendered":"https:\/\/www.psib-psoe.org\/mallorca\/?p=29600"},"modified":"2025-03-13T18:12:13","modified_gmt":"2025-03-13T16:12:13","slug":"el-pp-torna-a-defensar-la-continuitat-de-la-portaveu-nuria-riera-al-consell-malgrat-no-acreditar-la-seva-compatibilitat-per-exercir-el-carrec","status":"publish","type":"post","link":"https:\/\/www.psib-psoe.org\/mallorca\/el-pp-torna-a-defensar-la-continuitat-de-la-portaveu-nuria-riera-al-consell-malgrat-no-acreditar-la-seva-compatibilitat-per-exercir-el-carrec\/","title":{"rendered":"El PP torna a defensar la continu\u00eftat de la portaveu N\u00faria Riera, al Consell, malgrat no acreditar la seva compatibilitat per exercir el c\u00e0rrec.\u00a0\u00a0\u00a0 \u00a0\u00a0\u00a0 \u00a0"},"content":{"rendered":"<div class=\"wpb-content-wrapper\">\n<figure class=\"wp-block-image size-full is-resized is-style-default\"><img loading=\"lazy\" decoding=\"async\" width=\"2560\" height=\"1920\" src=\"https:\/\/www.psib-psoe.org\/mallorca\/wp-content\/uploads\/Grup-ple-1-scaled.jpeg\" alt=\"\" class=\"wp-image-29602\" style=\"width:793px;height:auto\" srcset=\"https:\/\/www.psib-psoe.org\/mallorca\/wp-content\/uploads\/Grup-ple-1-scaled.jpeg 2560w, https:\/\/www.psib-psoe.org\/mallorca\/wp-content\/uploads\/Grup-ple-1-300x225.jpeg 300w, https:\/\/www.psib-psoe.org\/mallorca\/wp-content\/uploads\/Grup-ple-1-1024x768.jpeg 1024w, https:\/\/www.psib-psoe.org\/mallorca\/wp-content\/uploads\/Grup-ple-1-768x576.jpeg 768w, https:\/\/www.psib-psoe.org\/mallorca\/wp-content\/uploads\/Grup-ple-1-1536x1152.jpeg 1536w, https:\/\/www.psib-psoe.org\/mallorca\/wp-content\/uploads\/Grup-ple-1-2048x1536.jpeg 2048w, https:\/\/www.psib-psoe.org\/mallorca\/wp-content\/uploads\/Grup-ple-1-150x113.jpeg 150w, https:\/\/www.psib-psoe.org\/mallorca\/wp-content\/uploads\/Grup-ple-1-600x450.jpeg 600w, https:\/\/www.psib-psoe.org\/mallorca\/wp-content\/uploads\/Grup-ple-1-900x675.jpeg 900w, https:\/\/www.psib-psoe.org\/mallorca\/wp-content\/uploads\/Grup-ple-1-20x16.jpeg 20w\" sizes=\"(max-width: 2560px) 100vw, 2560px\" \/><\/figure>\n\n\n[vc_row][vc_column][vc_column_text]\n<p><em><u><br \/>\nEl portaveu adjunt del Grup Socialista, Javier de Juan, ha responsabilitzat Galm\u00e9s per mantenir Riera en el seu c\u00e0rrec malgrat les evid\u00e8ncies que demostren que ha abandonat injustificadament la seva tasca professional com a funcion\u00e0ria que es remunera amb el 100% de salari per exercir feines de portaveu del PP. \u201cVost\u00e8 coneix que la sra. Riera feia rodes de premsa, assistia a tert\u00falies, feia actes de partit i tot en el seu horari de funcion\u00e0ria, pel qual te una remuneraci\u00f3 del 100%, no se de qu\u00e8 se sorprenen\u201d.<br \/>\nEl ple del Consell tamb\u00e9 ha conegut la intenci\u00f3 de l\u2019equip de govern de valorar processar els fems d\u2019Eivissa a la incineradora de Mallorca, contradient all\u00f2 que havia declarat el vicepresident de la instituci\u00f3, Pedro Bestard. <\/p>\n<p><\/u><\/em><\/p>\n[\/vc_column_text][\/vc_column][\/vc_row]\n\n\n[vc_row][vc_column][vc_column_text]\n<p>El ple del Consell de Mallorca, amb els vots de PP i VOX ha tornat a salvar la portaveu del PP N\u00faria Riera davant la demanda de destituci\u00f3 immediata i devoluci\u00f3 de les quantitats cobrades irregularment aquesta legislatura, en haver meritat salaris p\u00fablics equivalents a una jornada laboral de 175% fins a un total de 130.000 euros anuals, sense comptar amb la compatibilitat concedida i sense acreditar l\u2019assist\u00e8ncia al seu lloc de feina a la funci\u00f3 p\u00fablica de la Comunitat Aut\u00f2noma com a cap de servei.  <\/p>\n<p>El portaveu adjunt del Grup Socialista, Javier de Juan ha responsabilitzat Galm\u00e9s de l\u2019encobriment de Riera: \u201cGalm\u00e9s menteix quan afirma que cal esperar els informes del Govern sobre Riera, per que sap perfectament que la seva portaveu ha fet rodes de premsa, ha assistit a tert\u00falies, ha fet actes de partit i tot aix\u00f2 en hores laborables de la seva feina de funcion\u00e0ria\u201d. De Juan ha acreditat un cop m\u00e9s que Riera no ha sol\u00b7licitat ni obtingut la compatibilitat per a exercir la seva feina com a funcion\u00e0ria, i que els informes que el PP aporta a la causa per defensar la legalitat de Riera, s\u00f3n en realitat per justificar la pujada salarial de 20.000 euros a principi de legislatura.<br \/>\nPel portaveu socialista, la prova m\u00e9s clara de la il\u00b7legalitat de l\u2019actitud de Riera \u00e9s precisament el canvi radical de la seva dedicaci\u00f3 a les tasques de portaveu del PP, ja que en el darrer mes ha deixat de fer rodes de premsa, i actes de partit, i ha intensificat la seva pres\u00e8ncia al despatx de funcion\u00e0ria. <\/p>\n<p>D\u2019altra banda, el Grup Socialista ha posat de manifest la incongru\u00e8ncia de l\u2019equip de govern, a l\u2019entorn del dilema sobre acceptar els fems produ\u00efts a Eivissa, per ser incinerats a Mallorca. Les afirmacions rotundes del titular de la cartera de Medi Ambient, Pedro Bestard, que es va negar en rod\u00f3 a que a Mallorca s\u2019acceptessin els residus d\u2019Eivissa, avui les afirmacions del conseller de Presid\u00e8ncia ja han obert la porta a que la importaci\u00f3 dels residus sigui una realitat. \u201cEn qu\u00e8 quedem, sr. Galm\u00e9s, est\u00e0 negociant amb el sr Mar\u00ed (president del Consell d\u2019Eivissa) o no?\u201d, ha demanat De Juan. <\/p>\n<p>Despr\u00e9s de saber que el Consell admet la mediaci\u00f3 del Govern per trobar una soluci\u00f3 per a la gesti\u00f3 dels fems que no podran ser processats a Eivissa, De Juan ha demanat quina ser\u00e0 la pr\u00f2xima passa, despr\u00e9s d\u2019una traject\u00f2ria \u201cerr\u00e0tica\u201d en la pol\u00edtica de residus del Consell de Mallorca. \u201cVan arribar prometent una baixada del 10% en la tarifa, que no s\u2019ha produ\u00eft, han fet aportaci\u00f3 extraordin\u00e0ria de 62 milions d\u2019euros de romanents, i a mar\u00e7 de 2025 encara no tenen aprovada la tarifa de fems d\u2019enguany\u201d, ha recordat De Juan, com a demostraci\u00f3 del desgavell dins l\u2019equip de govern de Galm\u00e9s. <\/p>\n<p>Mocions socialistes per a la internalitzaci\u00f3 del servei de la ITV i per evitar la solitud no desitjada per a dones majors a Mallorca. <\/p>\n<p>El ple del Consell de Mallorca d\u2019aquest dijous ha aprovat una moci\u00f3 a proposta del Grup Socialista, per dotar de contingut l\u2019abordatge d\u2019una problem\u00e0tica creixent entre les dones majors: la situaci\u00f3 de desprotecci\u00f3 que els suposa la soledat no desitjada. La proposta demana la posada en marxa d\u2019una estrat\u00e8gia des de les administracions, amb programes de detecci\u00f3 i atenci\u00f3 especialitzada, de manera consensuada amb agents socials i l\u2019Observatori de Persones Majors, posat en marxa la passada legislatura. La consellera socialista Beatriu Gamund\u00ed apel\u00b7la a \u201cl\u2019IMAS a evitar aquesta desprotecci\u00f3 extrema de persones que es queden sense xarxa familiar i social en una situaci\u00f3 d\u2019a\u00efllament que condiciona la seva situaci\u00f3 vital\u201d.<\/p>\n<p>El Grup Socialista tamb\u00e9 ha presentat una moci\u00f3, per evitar la privatitzaci\u00f3 total del servei, fet que es presumeix en la intenci\u00f3 de Galm\u00e9s de fer incloure una disposici\u00f3 ad hoc dins del Decret Llei de Simplificaci\u00f3 Administrativa. Els Socialistes defensen precisament tot el contrari \u201cper internalitzar servei i treballadors d\u2019una manera similar a la que s\u2019ha fet en l\u2019\u00e0mbit social amb el personal de les resid\u00e8ncies Miquel Mir i les Germanetes\u201d, segons ha defensat en el ple la portaveu Catalina Cladera, en una iniciativa que ha estat rebutjada pel ple.  <\/p>\n[\/vc_column_text][\/vc_column][\/vc_row]\n<\/div>","protected":false},"excerpt":{"rendered":"[vc_row][vc_column][vc_column_text] El portaveu adjunt del Grup Socialista, Javier de Juan, ha responsabilitzat Galm\u00e9s per mantenir Riera en el seu c\u00e0rrec malgrat les evid\u00e8ncies que demostren que ha abandonat injustificadament la seva tasca professional com a funcion\u00e0ria que es remunera amb el 100% de salari per exercir feines de portaveu del PP. \u201cVost\u00e8 coneix que la&hellip;","protected":false},"author":3,"featured_media":29602,"comment_status":"closed","ping_status":"closed","sticky":false,"template":"","format":"standard","meta":{"footnotes":""},"categories":[89,2,1,92],"tags":[343,447,105,83,77,552,226,483,504,532,84,296],"class_list":["post-29600","post","type-post","status-publish","format-standard","has-post-thumbnail","hentry","category-consell-de-mallorca","category-federacio-de-mallorca","category-federacio-de-mallorca-portada","category-portada","tag-andreu-serra","tag-bea-gamundi","tag-catalina-cladera","tag-consell-de-mallorca","tag-federacio-socialista-de-mallorca","tag-gabriel-alomar","tag-javier-de-juan","tag-joan-ferrer","tag-juana-m-adrover","tag-maria-antonia-truyols","tag-psib-psoe","tag-sofia-alonso"],"_links":{"self":[{"href":"https:\/\/www.psib-psoe.org\/mallorca\/wp-json\/wp\/v2\/posts\/29600"}],"collection":[{"href":"https:\/\/www.psib-psoe.org\/mallorca\/wp-json\/wp\/v2\/posts"}],"about":[{"href":"https:\/\/www.psib-psoe.org\/mallorca\/wp-json\/wp\/v2\/types\/post"}],"author":[{"embeddable":true,"href":"https:\/\/www.psib-psoe.org\/mallorca\/wp-json\/wp\/v2\/users\/3"}],"replies":[{"embeddable":true,"href":"https:\/\/www.psib-psoe.org\/mallorca\/wp-json\/wp\/v2\/comments?post=29600"}],"version-history":[{"count":1,"href":"https:\/\/www.psib-psoe.org\/mallorca\/wp-json\/wp\/v2\/posts\/29600\/revisions"}],"predecessor-version":[{"id":29603,"href":"https:\/\/www.psib-psoe.org\/mallorca\/wp-json\/wp\/v2\/posts\/29600\/revisions\/29603"}],"wp:featuredmedia":[{"embeddable":true,"href":"https:\/\/www.psib-psoe.org\/mallorca\/wp-json\/wp\/v2\/media\/29602"}],"wp:attachment":[{"href":"https:\/\/www.psib-psoe.org\/mallorca\/wp-json\/wp\/v2\/media?parent=29600"}],"wp:term":[{"taxonomy":"category","embeddable":true,"href":"https:\/\/www.psib-psoe.org\/mallorca\/wp-json\/wp\/v2\/categories?post=29600"},{"taxonomy":"post_tag","embeddable":true,"href":"https:\/\/www.psib-psoe.org\/mallorca\/wp-json\/wp\/v2\/tags?post=29600"}],"curies":[{"name":"wp","href":"https:\/\/api.w.org\/{rel}","templated":true}]}}