{"id":29607,"date":"2025-03-17T14:09:49","date_gmt":"2025-03-17T12:09:49","guid":{"rendered":"https:\/\/www.psib-psoe.org\/mallorca\/?p=29607"},"modified":"2025-03-17T14:10:01","modified_gmt":"2025-03-17T12:10:01","slug":"els-socialistes-de-felanitx-denuncien-la-falta-de-transparencia-i-previsio-de-lajuntament-per-solucionar-el-problema-de-laigua-que-te-el-poble-des-de-fa-dies","status":"publish","type":"post","link":"https:\/\/www.psib-psoe.org\/mallorca\/els-socialistes-de-felanitx-denuncien-la-falta-de-transparencia-i-previsio-de-lajuntament-per-solucionar-el-problema-de-laigua-que-te-el-poble-des-de-fa-dies\/","title":{"rendered":"Els Socialistes de Felanitx denuncien la falta de transpar\u00e8ncia i previsi\u00f3 de l\u2019Ajuntament per solucionar el problema de l\u2019aigua que t\u00e9 el poble des de fa dies"},"content":{"rendered":"<div class=\"wpb-content-wrapper\">\n<figure class=\"wp-block-image size-full is-resized is-style-default\"><img loading=\"lazy\" decoding=\"async\" width=\"1600\" height=\"1200\" src=\"https:\/\/www.psib-psoe.org\/mallorca\/wp-content\/uploads\/170325_Regidors-Felanitx.jpeg\" alt=\"\" class=\"wp-image-29608\" style=\"width:712px;height:auto\" srcset=\"https:\/\/www.psib-psoe.org\/mallorca\/wp-content\/uploads\/170325_Regidors-Felanitx.jpeg 1600w, https:\/\/www.psib-psoe.org\/mallorca\/wp-content\/uploads\/170325_Regidors-Felanitx-300x225.jpeg 300w, https:\/\/www.psib-psoe.org\/mallorca\/wp-content\/uploads\/170325_Regidors-Felanitx-1024x768.jpeg 1024w, https:\/\/www.psib-psoe.org\/mallorca\/wp-content\/uploads\/170325_Regidors-Felanitx-768x576.jpeg 768w, https:\/\/www.psib-psoe.org\/mallorca\/wp-content\/uploads\/170325_Regidors-Felanitx-1536x1152.jpeg 1536w, https:\/\/www.psib-psoe.org\/mallorca\/wp-content\/uploads\/170325_Regidors-Felanitx-150x113.jpeg 150w, https:\/\/www.psib-psoe.org\/mallorca\/wp-content\/uploads\/170325_Regidors-Felanitx-600x450.jpeg 600w, https:\/\/www.psib-psoe.org\/mallorca\/wp-content\/uploads\/170325_Regidors-Felanitx-900x675.jpeg 900w, https:\/\/www.psib-psoe.org\/mallorca\/wp-content\/uploads\/170325_Regidors-Felanitx-20x16.jpeg 20w\" sizes=\"(max-width: 1600px) 100vw, 1600px\" \/><\/figure>\n\n\n[vc_row][vc_column][vc_column_text]\n<p><em><u> .<\/u><\/em> Des de l\u2019Agrupaci\u00f3 lamenten que des de divendres el poble no t\u00e9 aigua potable i que l\u2019Ajunament no hagi donat una resposta i una soluci\u00f3 als ve\u00efnats i ve\u00efnades afectats<\/p>\n[\/vc_column_text][\/vc_column][\/vc_row]\n\n\n[vc_row][vc_column][vc_column_text]\n<p>Els Socialistes de la Felanitx han denunciat la \u201cfalta de transpar\u00e8ncia i previsi\u00f3\u201d de l\u2019Ajuntament a l\u2019hora de donar una resposta als ve\u00efnats i ve\u00efnades de Felanitx que duen des de divendres sense aigua potable.<\/p>\n<p>La portaveu dels Socialistes de Felanitx, Gracia Gonz\u00e1lez, ha explicat que \u201cdes de divendres moltes fam\u00edlies de Felanitx no tenen aigua i l\u2019\u00fanica soluci\u00f3 que ha donat l\u2019Ajuntament \u00e9s que aquestes fam\u00edlies es puguin dutxar al Poliesportiu. Els ve\u00efnats i ve\u00efnades del poble no mereixen aquest tracte. Ha quedat demostrada la incapacitat de l\u2019Ajuntament per gestionar aquesta problem\u00e0tica, s\u2019amaguen darrere excuses per no informar a la ciutadania del que realment succeeix\u201d.<\/p>\n<p>Gonz\u00e1lez ha afegit que \u201chem una clara falta de previsi\u00f3 per part de l\u2019Ajuntament, no tenen un pla B per aquestes situacions. Mentre el municipi est\u00e0 sense aigua, la batlessa s\u2019ha dedicat tot el cap de setmana a inaugurar coses, com si la cosa no an\u00e9s amb ella\u201d.<\/p>\n<p>Cal explicar que el municipi t\u00e9 problemes d\u2019aigua des del passat 11 de febrer, quan l\u2019Ajuntament va publicar a les xarxes socialista que les obres en els dip\u00f2sits podrien produir talls d\u2019aigua. \u201cL\u2019Ajuntament ha tingut m\u00e9s d\u2019un mes per preveure aquest problema i no han donat cap soluci\u00f3 real a la ciutadania\u201d ha concl\u00f2s la portaveu socialista.<\/p>\n[\/vc_column_text][\/vc_column][\/vc_row]\n<\/div>","protected":false},"excerpt":{"rendered":"[vc_row][vc_column][vc_column_text] . Des de l\u2019Agrupaci\u00f3 lamenten que des de divendres el poble no t\u00e9 aigua potable i que l\u2019Ajunament no hagi donat una resposta i una soluci\u00f3 als ve\u00efnats i ve\u00efnades afectats [\/vc_column_text][\/vc_column][\/vc_row] [vc_row][vc_column][vc_column_text] Els Socialistes de la Felanitx han denunciat la \u201cfalta de transpar\u00e8ncia i previsi\u00f3\u201d de l\u2019Ajuntament a l\u2019hora de donar una resposta&hellip;","protected":false},"author":3,"featured_media":29608,"comment_status":"closed","ping_status":"closed","sticky":false,"template":"","format":"standard","meta":{"footnotes":""},"categories":[2,1,90,92],"tags":[405,218,227,77,128,584,84],"class_list":["post-29607","post","type-post","status-publish","format-standard","has-post-thumbnail","hentry","category-federacio-de-mallorca","category-federacio-de-mallorca-portada","category-municipis","category-portada","tag-agrupacio-socialista-de-felanitx","tag-amanda-fernandez","tag-antonia-sastre","tag-federacio-socialista-de-mallorca","tag-felanitx","tag-maria-gracia-gonzalez","tag-psib-psoe"],"_links":{"self":[{"href":"https:\/\/www.psib-psoe.org\/mallorca\/wp-json\/wp\/v2\/posts\/29607"}],"collection":[{"href":"https:\/\/www.psib-psoe.org\/mallorca\/wp-json\/wp\/v2\/posts"}],"about":[{"href":"https:\/\/www.psib-psoe.org\/mallorca\/wp-json\/wp\/v2\/types\/post"}],"author":[{"embeddable":true,"href":"https:\/\/www.psib-psoe.org\/mallorca\/wp-json\/wp\/v2\/users\/3"}],"replies":[{"embeddable":true,"href":"https:\/\/www.psib-psoe.org\/mallorca\/wp-json\/wp\/v2\/comments?post=29607"}],"version-history":[{"count":1,"href":"https:\/\/www.psib-psoe.org\/mallorca\/wp-json\/wp\/v2\/posts\/29607\/revisions"}],"predecessor-version":[{"id":29609,"href":"https:\/\/www.psib-psoe.org\/mallorca\/wp-json\/wp\/v2\/posts\/29607\/revisions\/29609"}],"wp:featuredmedia":[{"embeddable":true,"href":"https:\/\/www.psib-psoe.org\/mallorca\/wp-json\/wp\/v2\/media\/29608"}],"wp:attachment":[{"href":"https:\/\/www.psib-psoe.org\/mallorca\/wp-json\/wp\/v2\/media?parent=29607"}],"wp:term":[{"taxonomy":"category","embeddable":true,"href":"https:\/\/www.psib-psoe.org\/mallorca\/wp-json\/wp\/v2\/categories?post=29607"},{"taxonomy":"post_tag","embeddable":true,"href":"https:\/\/www.psib-psoe.org\/mallorca\/wp-json\/wp\/v2\/tags?post=29607"}],"curies":[{"name":"wp","href":"https:\/\/api.w.org\/{rel}","templated":true}]}}