{"id":29618,"date":"2025-03-18T20:28:19","date_gmt":"2025-03-18T18:28:19","guid":{"rendered":"https:\/\/www.psib-psoe.org\/mallorca\/?p=29618"},"modified":"2025-03-18T20:28:31","modified_gmt":"2025-03-18T18:28:31","slug":"els-socialistes-critiquen-la-manca-dhumanitat-del-pp-en-rebutjar-les-mesures-solidaries-per-acollir-menors-migrants-no-acompanyats-i-recorden-que-aquests-criteris-ajudaran-a-balears","status":"publish","type":"post","link":"https:\/\/www.psib-psoe.org\/mallorca\/els-socialistes-critiquen-la-manca-dhumanitat-del-pp-en-rebutjar-les-mesures-solidaries-per-acollir-menors-migrants-no-acompanyats-i-recorden-que-aquests-criteris-ajudaran-a-balears\/","title":{"rendered":"Els Socialistes critiquen la manca d\u2019humanitat del PP en rebutjar les mesures solid\u00e0ries per acollir menors migrants no acompanyats, i recorden que aquests criteris ajudaran a Balears. \u00a0\u00a0\u00a0 \u00a0"},"content":{"rendered":"<div class=\"wpb-content-wrapper\">\n<figure class=\"wp-block-image size-full is-resized is-style-default\"><img loading=\"lazy\" decoding=\"async\" width=\"2560\" height=\"1920\" src=\"http:\/\/www.psib-psoe.org\/mallorca\/wp-content\/uploads\/Roda-premsa-reclamacio-051224.jpeg\" alt=\"\" class=\"wp-image-29272\" style=\"width:793px;height:auto\" srcset=\"https:\/\/www.psib-psoe.org\/mallorca\/wp-content\/uploads\/Roda-premsa-reclamacio-051224.jpeg 2560w, https:\/\/www.psib-psoe.org\/mallorca\/wp-content\/uploads\/Roda-premsa-reclamacio-051224-300x225.jpeg 300w, https:\/\/www.psib-psoe.org\/mallorca\/wp-content\/uploads\/Roda-premsa-reclamacio-051224-1024x768.jpeg 1024w, https:\/\/www.psib-psoe.org\/mallorca\/wp-content\/uploads\/Roda-premsa-reclamacio-051224-768x576.jpeg 768w, https:\/\/www.psib-psoe.org\/mallorca\/wp-content\/uploads\/Roda-premsa-reclamacio-051224-1536x1152.jpeg 1536w, https:\/\/www.psib-psoe.org\/mallorca\/wp-content\/uploads\/Roda-premsa-reclamacio-051224-2048x1536.jpeg 2048w, https:\/\/www.psib-psoe.org\/mallorca\/wp-content\/uploads\/Roda-premsa-reclamacio-051224-150x113.jpeg 150w, https:\/\/www.psib-psoe.org\/mallorca\/wp-content\/uploads\/Roda-premsa-reclamacio-051224-600x450.jpeg 600w, https:\/\/www.psib-psoe.org\/mallorca\/wp-content\/uploads\/Roda-premsa-reclamacio-051224-900x675.jpeg 900w, https:\/\/www.psib-psoe.org\/mallorca\/wp-content\/uploads\/Roda-premsa-reclamacio-051224-20x16.jpeg 20w\" sizes=\"(max-width: 2560px) 100vw, 2560px\" \/><\/figure>\n\n\n[vc_row][vc_column][vc_column_text]\n<p><em><u> <\/p>\n<p>Els Socialistes de Mallorca fan suport a la mesura acordada avui en el Consell de Ministres, per establir uns criteris objectius per facilitar el repartiment racional i solidari de contingents de menors migrants no acompanyats entre les comunitats aut\u00f2nomes. Es tracta d\u2019una mesura que reforma la Llei d\u2019Estrangeria, a trav\u00e9s d\u2019un Reial Decret Llei que modifica l\u2019article 35, que proposa criteris homogenis i equitatius entre comunitats. La portaveu socialista al Consell de Mallorca, Catalina Cladera, ha reclamat que la instituci\u00f3 insular apliqui la norma, que apel\u00b7la a la solidaritat entre territoris i ofereix recursos per afrontar una acollida digna als menors que arriben a les comunitats frontera. I ha criticat que la negativa del PP suposa tancar la porta a la solidaritat amb la resta de l\u2019Estat, amb uns criteris objectius que tamb\u00e9 poden servir per als migrats arribats directament a les Illes.<br \/>\n<\/u><\/em><\/p>\n[\/vc_column][\/vc_row]\n\n\n[vc_row][vc_column][vc_column_ text]\n<p>El Grup Socialista al Consell ha demanat al PP \u201cal\u00e7ada de mires i sentit d\u2019Estat\u201d, per que abandonin el boicot a l es mesures aprovades avui al Consell de Ministres, i que suposen la reforma de la Llei d\u2019Estrangeria, per establir criteris objectius per a qu\u00e8 totes les comunitats puguin acollir menors migrants no acompanyats en situaci\u00f3 de dignitat. <\/p>\n<p>\u00c9s important destacar que les mesures que s\u2019establiran per a l\u2019acollida de joves migrants no acompanyats seran permanents i objectives. En el cas de Balears, les mateixes circumst\u00e0ncies en funci\u00f3 de l\u2019arribada de pasteres a les nostres costes propiciarien que, o be les Illes acollissin, o be aportessin joves arribats cap a altres comunitats sense flux migratori directe.  <\/p>\n<p>Es tracta de donar la millor sortida a una q\u00fcesti\u00f3 que s\u2019ha convertit en un gran problema social a les comunitats-frontera com ara Can\u00e0ries. Per la portaveu socialista al Consell, \u201cel PP hauria d\u2019abandonar la seva postura de desgast al Govern de l\u2019Estat, que denota manca d\u2019humanitat i de solidaritat\u201d ha dit Cladera. La mesura fixa uns criteris que determinaran el nombre de menors que arriben majorit\u00e0riament a Can\u00e0ries, que seran acollits a d\u2019altres comunitats, en funci\u00f3 de variables com la poblaci\u00f3, la renda per c\u00e0pita, la capacitat d\u2019acollida, l\u2019atur o el factor insular. <\/p>\n<p>La socialista ha al\u00b7ludit al \u201cfet hist\u00f2ric\u201d de que un Govern hagi aprovat una soluci\u00f3 estructural per a la situaci\u00f3 que viuen els joves migrants, i ha demanat al PP que \u201cabandoni criteris d\u2019oportunitat pol\u00edtica i faci suport a una mesura de car\u00e0cter humanitari que suposa una sortida digna i solid\u00e0ria per a una q\u00fcesti\u00f3 que ens afecta a tots\u201d. A Mallorca \u00e9s el Consell qui ostenta les compet\u00e8ncies i la gesti\u00f3 de l\u2019acollida per als menors no acompanyats, i tamb\u00e9 per als migrants menors que arriben fins a l\u2019illa. <\/p>\n[\/vc_column][\/vc_row]\n\n\n\n<p><\/p>\n<\/div>","protected":false},"excerpt":{"rendered":"[vc_row][vc_column][vc_column_text] Els Socialistes de Mallorca fan suport a la mesura acordada avui en el Consell de Ministres, per establir uns criteris objectius per facilitar el repartiment racional i solidari de contingents de menors migrants no acompanyats entre les comunitats aut\u00f2nomes. Es tracta d\u2019una mesura que reforma la Llei d\u2019Estrangeria, a trav\u00e9s d\u2019un Reial Decret Llei&hellip;","protected":false},"author":3,"featured_media":29619,"comment_status":"closed","ping_status":"closed","sticky":false,"template":"","format":"standard","meta":{"footnotes":""},"categories":[89,2,1,92],"tags":[105,83,77,226,84],"class_list":["post-29618","post","type-post","status-publish","format-standard","has-post-thumbnail","hentry","category-consell-de-mallorca","category-federacio-de-mallorca","category-federacio-de-mallorca-portada","category-portada","tag-catalina-cladera","tag-consell-de-mallorca","tag-federacio-socialista-de-mallorca","tag-javier-de-juan","tag-psib-psoe"],"_links":{"self":[{"href":"https:\/\/www.psib-psoe.org\/mallorca\/wp-json\/wp\/v2\/posts\/29618"}],"collection":[{"href":"https:\/\/www.psib-psoe.org\/mallorca\/wp-json\/wp\/v2\/posts"}],"about":[{"href":"https:\/\/www.psib-psoe.org\/mallorca\/wp-json\/wp\/v2\/types\/post"}],"author":[{"embeddable":true,"href":"https:\/\/www.psib-psoe.org\/mallorca\/wp-json\/wp\/v2\/users\/3"}],"replies":[{"embeddable":true,"href":"https:\/\/www.psib-psoe.org\/mallorca\/wp-json\/wp\/v2\/comments?post=29618"}],"version-history":[{"count":3,"href":"https:\/\/www.psib-psoe.org\/mallorca\/wp-json\/wp\/v2\/posts\/29618\/revisions"}],"predecessor-version":[{"id":29622,"href":"https:\/\/www.psib-psoe.org\/mallorca\/wp-json\/wp\/v2\/posts\/29618\/revisions\/29622"}],"wp:featuredmedia":[{"embeddable":true,"href":"https:\/\/www.psib-psoe.org\/mallorca\/wp-json\/wp\/v2\/media\/29619"}],"wp:attachment":[{"href":"https:\/\/www.psib-psoe.org\/mallorca\/wp-json\/wp\/v2\/media?parent=29618"}],"wp:term":[{"taxonomy":"category","embeddable":true,"href":"https:\/\/www.psib-psoe.org\/mallorca\/wp-json\/wp\/v2\/categories?post=29618"},{"taxonomy":"post_tag","embeddable":true,"href":"https:\/\/www.psib-psoe.org\/mallorca\/wp-json\/wp\/v2\/tags?post=29618"}],"curies":[{"name":"wp","href":"https:\/\/api.w.org\/{rel}","templated":true}]}}