{"id":29658,"date":"2025-04-03T10:02:15","date_gmt":"2025-04-03T08:02:15","guid":{"rendered":"https:\/\/www.psib-psoe.org\/mallorca\/?p=29658"},"modified":"2025-04-03T10:02:27","modified_gmt":"2025-04-03T08:02:27","slug":"els-socialistes-de-sa-pobla-reclamen-que-lajuntament-rebi-la-compensacio-legal-establerta-pel-proces-de-venda-de-sesplet","status":"publish","type":"post","link":"https:\/\/www.psib-psoe.org\/mallorca\/els-socialistes-de-sa-pobla-reclamen-que-lajuntament-rebi-la-compensacio-legal-establerta-pel-proces-de-venda-de-sesplet\/","title":{"rendered":"Els Socialistes de sa Pobla reclamen que l\u2019Ajuntament rebi la compensaci\u00f3 legal establerta pel proc\u00e9s de venda de s\u2019Esplet. \u00a0"},"content":{"rendered":"<div class=\"wpb-content-wrapper\">\n<figure class=\"wp-block-image size-full is-resized is-style-default\"><img loading=\"lazy\" decoding=\"async\" width=\"1080\" height=\"1080\" src=\"http:\/\/www.psib-psoe.org\/mallorca\/wp-content\/uploads\/Disseny-sense-ti\u0301tol-19.jpg\" alt=\"\" class=\"wp-image-28822\" style=\"width:788px;height:auto\" srcset=\"https:\/\/www.psib-psoe.org\/mallorca\/wp-content\/uploads\/Disseny-sense-ti\u0301tol-19.jpg 1080w, https:\/\/www.psib-psoe.org\/mallorca\/wp-content\/uploads\/Disseny-sense-ti\u0301tol-19-150x150.jpg 150w, https:\/\/www.psib-psoe.org\/mallorca\/wp-content\/uploads\/Disseny-sense-ti\u0301tol-19-300x300.jpg 300w, https:\/\/www.psib-psoe.org\/mallorca\/wp-content\/uploads\/Disseny-sense-ti\u0301tol-19-768x768.jpg 768w, https:\/\/www.psib-psoe.org\/mallorca\/wp-content\/uploads\/Disseny-sense-ti\u0301tol-19-1024x1024.jpg 1024w, https:\/\/www.psib-psoe.org\/mallorca\/wp-content\/uploads\/Disseny-sense-ti\u0301tol-19-600x600.jpg 600w, https:\/\/www.psib-psoe.org\/mallorca\/wp-content\/uploads\/Disseny-sense-ti\u0301tol-19-900x900.jpg 900w, https:\/\/www.psib-psoe.org\/mallorca\/wp-content\/uploads\/Disseny-sense-ti\u0301tol-19-20x20.jpg 20w\" sizes=\"(max-width: 1080px) 100vw, 1080px\" \/><\/figure>\n\n\n[vc_row][vc_column][vc_column_text]\n<p><em><u>Els Socialistes de sa Pobla plantegen ara a l\u2019Ajuntament que es faci efectiva la compensaci\u00f3, davant la dissoluci\u00f3 de la societat. La condici\u00f3, atorgada en el seu moment, d\u2019inter\u00e8s general de la societat agr\u00e0ria de transformaci\u00f3 poblera faculta a l\u2019Ajuntament a obtenir un aprofitament urban\u00edstic d\u2019una part dels terrenys que explota s\u2019Esplet, o una compensaci\u00f3 econ\u00f2mica equivalent.<\/p>\n<p>La venda de la SAT S\u2019Esplet \u00e9s una mala noticia pel patrimoni agrari per que suposa la desaparici\u00f3 d\u2019un s\u00edmbol de sa Pobla, i es produeix despr\u00e9s d\u2019anys de mala gesti\u00f3 que han portat a la progressiva extinci\u00f3 de l\u2019activitat; \u00e9s necessari que la Conselleria d\u2019Agricultura doni totes les explicacions de com s\u2019ha arribat a aquesta situaci\u00f3.  <\/p>\n<p>   <\/u><\/em><\/p>\n[\/vc_column_text][\/vc_column][\/vc_row]\n\n\n[vc_row][vc_column][vc_column_text]\n<p>L\u2019anunci de la venda de la SAT s\u2019Esplet ha de suposar una compensaci\u00f3 per l\u2019Ajuntament de sa Pobla. Aix\u00ed es defensa des de l\u2019Agrupaci\u00f3 Socialista de sa Pobla, que ja ha anunciat que demanar\u00e0 a l\u2019Ajuntament que encarregui els informes corresponents per assegurar que te ple dret de propietat sobre almenys un 10% dels terrenys de s\u2019Esplet.<br \/>\nEls Socialistes lamenten l\u2019anunci de la liquidaci\u00f3 de s\u2019Esplet, per que \u00e9s la mort d\u2019una iniciativa sorgida del teixit agrari de sa Pobla, que conforma una part imprescindible de la localitat. La minva progressiva d\u2019activitat de s\u2019Esplet demostra una gesti\u00f3 deficient de la Societat durant els darrers anys. Cal que la Conselleria d\u2019Agricultura aporti tota la informaci\u00f3 del proc\u00e9s, amb transpar\u00e8ncia, i que pugui explicar com \u00e9s que s\u2019ha arribat a aquesta situaci\u00f3.<\/p>\n<p>La Societat Agr\u00e0ria de Transformaci\u00f3 s\u2019Esplet va ser declarada d\u2019inter\u00e8s general per part del Consell de Mallorca fa m\u00e9s de 15 anys. Aquest fet donava dret a que l\u2019Ajuntament pogu\u00e9s gaudir d\u2019un aprofitament urban\u00edstic d\u2019un 10% dels total dels terrenys de la societat, o be que pogu\u00e9s optar per una compensaci\u00f3 econ\u00f2mica equivalent.<br \/>\nAquest posicionament va comptar, en el seu moment, amb l\u2019aprovaci\u00f3 del ple de l\u2019Ajuntament de sa Pobla i un informe \u201ccontundent\u201d que avalava la legalitat del dret municipal sobre un franja de terreny de s\u2019Esplet. <\/p>\n<p>Com vulgui que en tot aquest temps no s\u2019ha exigit el compliment d\u2019aquesta compensaci\u00f3, ni urban\u00edstica ni econ\u00f2mica, els Socialistes de sa Pobla estimen ara que el dret de l\u2019Ajuntament preval, i que s\u2019ha d\u2019exigir dins del procediment de liquidaci\u00f3 i venda de la societat que ja s\u2019ha anunciat. <\/p>\n<p>Per avalar aquesta postura, els Socialistes insten l\u2019Ajuntament a encarregar els informes jur\u00eddics necessaris que confirmin la prevalen\u00e7a del dret de rescabalament sobre el 10% dels terrenys de s\u2019Esplet.<\/p>\n<p>A m\u00e9s, \u00e9s necessari que la feina dels agricultors de sa Pobla, principalment els productors de patata afectats per l\u2019operaci\u00f3 de liquidaci\u00f3 i venda de s\u2019Esplet, tinguin garantida la continu\u00eftat de les seves explotacions en condicions de rendibilitat. <\/p>\n[\/vc_column_text][\/vc_column][\/vc_row]\n<\/div>","protected":false},"excerpt":{"rendered":"[vc_row][vc_column][vc_column_text] Els Socialistes de sa Pobla plantegen ara a l\u2019Ajuntament que es faci efectiva la compensaci\u00f3, davant la dissoluci\u00f3 de la societat. La condici\u00f3, atorgada en el seu moment, d\u2019inter\u00e8s general de la societat agr\u00e0ria de transformaci\u00f3 poblera faculta a l\u2019Ajuntament a obtenir un aprofitament urban\u00edstic d\u2019una part dels terrenys que explota s\u2019Esplet, o una&hellip;","protected":false},"author":3,"featured_media":28822,"comment_status":"closed","ping_status":"closed","sticky":false,"template":"","format":"standard","meta":{"footnotes":""},"categories":[2,1,90,92],"tags":[401,218,447,105,77,192],"class_list":["post-29658","post","type-post","status-publish","format-standard","has-post-thumbnail","hentry","category-federacio-de-mallorca","category-federacio-de-mallorca-portada","category-municipis","category-portada","tag-agrupacio-socialista-de-sa-pobla","tag-amanda-fernandez","tag-bea-gamundi","tag-catalina-cladera","tag-federacio-socialista-de-mallorca","tag-xesca-mir"],"_links":{"self":[{"href":"https:\/\/www.psib-psoe.org\/mallorca\/wp-json\/wp\/v2\/posts\/29658"}],"collection":[{"href":"https:\/\/www.psib-psoe.org\/mallorca\/wp-json\/wp\/v2\/posts"}],"about":[{"href":"https:\/\/www.psib-psoe.org\/mallorca\/wp-json\/wp\/v2\/types\/post"}],"author":[{"embeddable":true,"href":"https:\/\/www.psib-psoe.org\/mallorca\/wp-json\/wp\/v2\/users\/3"}],"replies":[{"embeddable":true,"href":"https:\/\/www.psib-psoe.org\/mallorca\/wp-json\/wp\/v2\/comments?post=29658"}],"version-history":[{"count":1,"href":"https:\/\/www.psib-psoe.org\/mallorca\/wp-json\/wp\/v2\/posts\/29658\/revisions"}],"predecessor-version":[{"id":29659,"href":"https:\/\/www.psib-psoe.org\/mallorca\/wp-json\/wp\/v2\/posts\/29658\/revisions\/29659"}],"wp:featuredmedia":[{"embeddable":true,"href":"https:\/\/www.psib-psoe.org\/mallorca\/wp-json\/wp\/v2\/media\/28822"}],"wp:attachment":[{"href":"https:\/\/www.psib-psoe.org\/mallorca\/wp-json\/wp\/v2\/media?parent=29658"}],"wp:term":[{"taxonomy":"category","embeddable":true,"href":"https:\/\/www.psib-psoe.org\/mallorca\/wp-json\/wp\/v2\/categories?post=29658"},{"taxonomy":"post_tag","embeddable":true,"href":"https:\/\/www.psib-psoe.org\/mallorca\/wp-json\/wp\/v2\/tags?post=29658"}],"curies":[{"name":"wp","href":"https:\/\/api.w.org\/{rel}","templated":true}]}}