{"id":29662,"date":"2025-04-03T13:25:16","date_gmt":"2025-04-03T11:25:16","guid":{"rendered":"https:\/\/www.psib-psoe.org\/mallorca\/?p=29662"},"modified":"2025-04-03T13:25:29","modified_gmt":"2025-04-03T11:25:29","slug":"triam-lluitar-per-mallorca-sera-el-lema-dels-socialistes-per-al-15e-congres-fsm-que-se-celebra-aquest-dissabte","status":"publish","type":"post","link":"https:\/\/www.psib-psoe.org\/mallorca\/triam-lluitar-per-mallorca-sera-el-lema-dels-socialistes-per-al-15e-congres-fsm-que-se-celebra-aquest-dissabte\/","title":{"rendered":"\u2018Triam lluitar per Mallorca\u2019 ser\u00e0 el lema dels Socialistes per al 15\u00e8 Congr\u00e9s FSM que se celebra aquest dissabte."},"content":{"rendered":"<div class=\"wpb-content-wrapper\">\n<figure class=\"wp-block-image size-large\"><img loading=\"lazy\" decoding=\"async\" width=\"1024\" height=\"768\" src=\"https:\/\/www.psib-psoe.org\/mallorca\/wp-content\/uploads\/De-Juan-Congres-FSM2-1024x768.jpg\" alt=\"\" class=\"wp-image-29663\" srcset=\"https:\/\/www.psib-psoe.org\/mallorca\/wp-content\/uploads\/De-Juan-Congres-FSM2-1024x768.jpg 1024w, https:\/\/www.psib-psoe.org\/mallorca\/wp-content\/uploads\/De-Juan-Congres-FSM2-300x225.jpg 300w, https:\/\/www.psib-psoe.org\/mallorca\/wp-content\/uploads\/De-Juan-Congres-FSM2-768x576.jpg 768w, https:\/\/www.psib-psoe.org\/mallorca\/wp-content\/uploads\/De-Juan-Congres-FSM2-1536x1152.jpg 1536w, https:\/\/www.psib-psoe.org\/mallorca\/wp-content\/uploads\/De-Juan-Congres-FSM2-2048x1536.jpg 2048w, https:\/\/www.psib-psoe.org\/mallorca\/wp-content\/uploads\/De-Juan-Congres-FSM2-150x113.jpg 150w, https:\/\/www.psib-psoe.org\/mallorca\/wp-content\/uploads\/De-Juan-Congres-FSM2-600x450.jpg 600w, https:\/\/www.psib-psoe.org\/mallorca\/wp-content\/uploads\/De-Juan-Congres-FSM2-900x675.jpg 900w, https:\/\/www.psib-psoe.org\/mallorca\/wp-content\/uploads\/De-Juan-Congres-FSM2-20x16.jpg 20w\" sizes=\"(max-width: 1024px) 100vw, 1024px\" \/><\/figure>\n\n\n<p>El conclau servir\u00e0 per renovar la Comissi\u00f3 Executiva i el Consell Pol\u00edtic dels Socialistes de Mallorca, amb Amanda Fern\u00e0ndez com a secret\u00e0ria general. Les diferents Agrupacions de Mallorca han presentat un total de 155 esmenes al document de Pon\u00e8ncia-marc que es debatr\u00e0 en el Congr\u00e9s, que ha coordinat el vicesecretari general FSM, Javier de Juan. En el decurs de la jornada, l\u2019ex-secret\u00e0ria general, Catalina Cladera, presentar\u00e0 l\u2019informe de gesti\u00f3 i la secret\u00e0ria general del PSIB, Francina Armengol intervindr\u00e0 a la sessi\u00f3 de cloenda. <\/p>\n\n\n[vc_row][vc_column][vc_column_text]\n<p>La Federaci\u00f3 Socialista de Mallorca afronta aquest dissabte la celebraci\u00f3 del seu 15\u00e8 Congr\u00e9s que servir\u00e0 per renovar els \u00f2rgans de govern de la formaci\u00f3, sota la direcci\u00f3 d\u2019Amanda Fern\u00e0ndez com a secret\u00e0ria general. \u2018Triam lluitar per Mallorca\u2019 ser\u00e0 el lema de la trobada, que reunir\u00e0 159 delegats i delegades de totes les Agrupacions Socialistes de Mallorca. El vicesecretari general, Javier de Juan ha estat el coordinador de la Pon\u00e8ncia marc que es debatr\u00e0 aquest dissabte, a la qual s\u2019hi ha presentat un total de 155 esmenes. <\/p>\n<p>El document base dels Socialistes es convertir\u00e0 en el \u201cfull de ruta\u201d de les iniciatives que es proposaran en els pr\u00f2xims dos anys, i que nodriran els programes electorals a Mallorca de cara a les eleccions de 2027. De Juan ha explicat els quatre eixos que articulen la Pon\u00e8ncia: Drets de les persones, Territori, mobilitat i drets col\u00b7lectius, economia sostenible i Governan\u00e7a compartida. \u201c\u00c9s una s\u00edntesi d\u2019all\u00f2 que hem apr\u00e8s els darrers anys de govern i tamb\u00e9 a la oposici\u00f3, que articulem com una declaraci\u00f3 d\u2019intencions, des del convenciment de qu\u00e8 una altra forma de governar \u00e9s possible\u201d, ha dit De Juan. <\/p>\n<p>La jornada s\u2019iniciar\u00e0 dissabte amb la lectura i votaci\u00f3 de l\u2019informe de gesti\u00f3 de l\u2019Executiva sortint, per un mandat sorgit del 14\u00e8 Congr\u00e9s FSM celebrat el desembre de 2021 a Lloseta. Un cop escollida la nova executiva i el Consell Pol\u00edtic, ser\u00e0 el torn de les intervencions de la m\u00e0xima responsable del PSIB-PSOE, Francina Armengol, i de la nova secret\u00e0ria general de la Federaci\u00f3 Socialista de Mallorca, Amanda Fern\u00e0ndez.<\/p>\n<p>En refer\u00e8ncia al lema, el portaveu socialista s\u2019ha referit a la \u201cnecessitat de plantar cara als governs de dreta ultra PPVox\u201d, un fet que motiva la renovaci\u00f3 org\u00e0nica i ideol\u00f2gica de la FSM de cara als compromisos electorals de 2027, \u201cper poder recuperar els governs auton\u00f2mic, insular i el m\u00e0xim possible d\u2019ajuntaments a Mallorca\u201d. <\/p>\n<p>De Juan ha fet una crida a \u201clluitar per Mallorca, pels valors socialistes de just\u00edcia social i igualtat d\u2019oportunitats, per la igualtat, i la preservaci\u00f3 de la mem\u00f2ria democr\u00e0tica.<\/p>\n[\/vc_column_text][\/vc_column][\/vc_row]\n\n\n\n<figure class=\"wp-block-audio\"><audio controls src=\"https:\/\/www.psib-psoe.org\/mallorca\/wp-content\/uploads\/030425_RDP-JAVIER-DE-JUAN-15e-Congres-FSM.mp3\"><\/audio><\/figure>\n<\/div>","protected":false},"excerpt":{"rendered":"El conclau servir\u00e0 per renovar la Comissi\u00f3 Executiva i el Consell Pol\u00edtic dels Socialistes de Mallorca, amb Amanda Fern\u00e0ndez com a secret\u00e0ria general. Les diferents Agrupacions de Mallorca han presentat un total de 155 esmenes al document de Pon\u00e8ncia-marc que es debatr\u00e0 en el Congr\u00e9s, que ha coordinat el vicesecretari general FSM, Javier de Juan.&hellip;","protected":false},"author":3,"featured_media":29663,"comment_status":"closed","ping_status":"closed","sticky":false,"template":"","format":"standard","meta":{"footnotes":""},"categories":[595,2,1,92],"tags":[218,105,83,77,315,226],"class_list":["post-29662","post","type-post","status-publish","format-standard","has-post-thumbnail","hentry","category-15e-congres-fsm","category-federacio-de-mallorca","category-federacio-de-mallorca-portada","category-portada","tag-amanda-fernandez","tag-catalina-cladera","tag-consell-de-mallorca","tag-federacio-socialista-de-mallorca","tag-francina-armengol","tag-javier-de-juan"],"_links":{"self":[{"href":"https:\/\/www.psib-psoe.org\/mallorca\/wp-json\/wp\/v2\/posts\/29662"}],"collection":[{"href":"https:\/\/www.psib-psoe.org\/mallorca\/wp-json\/wp\/v2\/posts"}],"about":[{"href":"https:\/\/www.psib-psoe.org\/mallorca\/wp-json\/wp\/v2\/types\/post"}],"author":[{"embeddable":true,"href":"https:\/\/www.psib-psoe.org\/mallorca\/wp-json\/wp\/v2\/users\/3"}],"replies":[{"embeddable":true,"href":"https:\/\/www.psib-psoe.org\/mallorca\/wp-json\/wp\/v2\/comments?post=29662"}],"version-history":[{"count":2,"href":"https:\/\/www.psib-psoe.org\/mallorca\/wp-json\/wp\/v2\/posts\/29662\/revisions"}],"predecessor-version":[{"id":29666,"href":"https:\/\/www.psib-psoe.org\/mallorca\/wp-json\/wp\/v2\/posts\/29662\/revisions\/29666"}],"wp:featuredmedia":[{"embeddable":true,"href":"https:\/\/www.psib-psoe.org\/mallorca\/wp-json\/wp\/v2\/media\/29663"}],"wp:attachment":[{"href":"https:\/\/www.psib-psoe.org\/mallorca\/wp-json\/wp\/v2\/media?parent=29662"}],"wp:term":[{"taxonomy":"category","embeddable":true,"href":"https:\/\/www.psib-psoe.org\/mallorca\/wp-json\/wp\/v2\/categories?post=29662"},{"taxonomy":"post_tag","embeddable":true,"href":"https:\/\/www.psib-psoe.org\/mallorca\/wp-json\/wp\/v2\/tags?post=29662"}],"curies":[{"name":"wp","href":"https:\/\/api.w.org\/{rel}","templated":true}]}}