{"id":29667,"date":"2025-04-05T13:22:37","date_gmt":"2025-04-05T11:22:37","guid":{"rendered":"https:\/\/www.psib-psoe.org\/mallorca\/?p=29667"},"modified":"2025-04-05T13:22:49","modified_gmt":"2025-04-05T11:22:49","slug":"catalina-cladera-destaca-la-fortalesa-de-les-agrupacions-socialistes-de-mallorca-i-fa-una-crida-a-enfortir-el-projecte-socialista-per-guanyar-les-eleccions-de-2027","status":"publish","type":"post","link":"https:\/\/www.psib-psoe.org\/mallorca\/catalina-cladera-destaca-la-fortalesa-de-les-agrupacions-socialistes-de-mallorca-i-fa-una-crida-a-enfortir-el-projecte-socialista-per-guanyar-les-eleccions-de-2027\/","title":{"rendered":"Catalina Cladera destaca la fortalesa de les Agrupacions Socialistes de Mallorca i fa una crida a \u201cenfortir el projecte socialista per guanyar les eleccions de 2027\u201d."},"content":{"rendered":"<div class=\"wpb-content-wrapper\">\n<figure class=\"wp-block-image size-large\"><img loading=\"lazy\" decoding=\"async\" width=\"1024\" height=\"682\" src=\"https:\/\/www.psib-psoe.org\/mallorca\/wp-content\/uploads\/Congres-3-1024x682.jpg\" alt=\"\" class=\"wp-image-29669\" srcset=\"https:\/\/www.psib-psoe.org\/mallorca\/wp-content\/uploads\/Congres-3-1024x682.jpg 1024w, https:\/\/www.psib-psoe.org\/mallorca\/wp-content\/uploads\/Congres-3-300x200.jpg 300w, https:\/\/www.psib-psoe.org\/mallorca\/wp-content\/uploads\/Congres-3-768x512.jpg 768w, https:\/\/www.psib-psoe.org\/mallorca\/wp-content\/uploads\/Congres-3-1536x1023.jpg 1536w, https:\/\/www.psib-psoe.org\/mallorca\/wp-content\/uploads\/Congres-3-150x100.jpg 150w, https:\/\/www.psib-psoe.org\/mallorca\/wp-content\/uploads\/Congres-3-600x400.jpg 600w, https:\/\/www.psib-psoe.org\/mallorca\/wp-content\/uploads\/Congres-3-900x600.jpg 900w, https:\/\/www.psib-psoe.org\/mallorca\/wp-content\/uploads\/Congres-3-20x13.jpg 20w, https:\/\/www.psib-psoe.org\/mallorca\/wp-content\/uploads\/Congres-3.jpg 1600w\" sizes=\"(max-width: 1024px) 100vw, 1024px\" \/><\/figure>\n\n\n<p>El discurs de gesti\u00f3 de l\u2019ex-secret\u00e0ria general FSM, Catalina Cladera, obre la sessi\u00f3 matinal del 15\u00e8 Congr\u00e9s de la Federaci\u00f3 Socialista de Mallorca, en la qual s\u2019ha aprovat l\u2019informe de gesti\u00f3 de l\u2019Executiva sortint. El Congr\u00e9s reuneix m\u00e9s de 150 delegats de totes les Agrupacions Socialistes de Mallorca, que aquest horabaixa escolliran la nova Executiva i el nou Consell Politic de la FSM, sota el mandat de la nova secret\u00e0ria general FSM, Amanda Fern\u00e0ndez. La sessi\u00f3 matinal del 15\u00e8 Congr\u00e9s tamb\u00e9 registra les intervencions de Pep Jaume \u201cGall\u201d, com a secretari general de l\u2019Agrupaci\u00f3 de Sant Lloren\u00e7 que acull l\u2019acte, i de la secret\u00e0ria de les Joventuts Socialistes de Mallorca, Maria Bel Llin\u00e0s. <\/p>\n\n\n[vc_row][vc_column][vc_column_text]\n<p>Inici del 15\u00e8 Congr\u00e9s de la Federaci\u00f3 Socialista de Mallorca, que es duu a terme aquest dissabte a Sant Lloren\u00e7 des Cardassar. En la sessi\u00f3 matinal els delegats i delegades del Congr\u00e9s, procedents de totes les Agrupacions Socialistes de Mallorca han aprovat per unanimitat l\u2019informe de gesti\u00f3 presentat per l\u2019ex-secret\u00e0ria general, Catalina Cladera, acompanyada pels membres de la Comissi\u00f3 Executiva sorgida del 14\u00e8 Congr\u00e9s FSM del 2021, que avui dona el relleu a la que quedar\u00e0 constitu\u00efda aquest horabaixa, sota la direcci\u00f3 d\u2019Amanda Fern\u00e1ndez com a nova secret\u00e0ria general.<br \/>\nEl 14\u00e8 Congr\u00e9s FSM, celebrat a Lloseta el desembre de 2021, va suposar que Catalina Cladera acced\u00eds a la secret\u00e0ria general succeint Mercedes Garrido. Ara el relleu passa a les mans de Fern\u00e1ndez, a qui Cladera ha ofert tota la seva ajuda i suport en aquesta nova etapa.  <\/p>\n<p>En el discurs d\u2019informe de gesti\u00f3 del mandat que ara acaba, Cladera ha refermat el car\u00e0cter municipalista de la Federaci\u00f3 Socialista de Mallorca, i ha apel\u00b7lat  a aquesta pres\u00e8ncia a tot el territori per \u201cenfortir el projecte socialista per aconseguir guanyar les eleccions de 2027\u201d. Cladera s\u2019ha mostrat \u201cemocionada\u201d de ser a Sant Lloren\u00e7, un poble del qual ha destacat la solidaritat i la resili\u00e8ncia per superar l\u2019embat de la torrentada de 2018. <\/p>\n<p>Els Socialistes de Mallorca varen presentar candidatures a 50 municipis a les eleccions municipals de 2023, per obtenir 144 regidors i formar equips de govern municipal a una quinzena de municipis, i tenir 10 batlies, ja siguin compartides durant la legislatura o en solitari. <\/p>\n<p>Cladera ha recollit el pensament de Francesc Antich quan va dir que \u201che fet pol\u00edtica conscient que sense el poble no som ning\u00fa\u201d, per defensar el paper del Partit Socialista \u201ccom a instrument per millorar la vida de la nostra societat, per guanyar drets, per progressar, la feina que hem de fer els socialistes\u201d. L\u2019ex-secret\u00e0ria general FSM s\u2019ha mostrat \u201corgullosa i satisfeta des de la humilitat,\u201d per la feina feta tot i que ha demanat disculpes \u201cper les errades que segur haurem fet, per no poder arribar a tot\u201d. Cladera ha destacat un mandat que \u201cha combinat dues etapes, una en la qual govern\u00e0vem i amb vent a favor pod\u00edem fer pol\u00edtiques actives per Mallorca\u201d, i una altra en qu\u00e8 ha tocar \u201cfer front als governs de la dreta i l\u2019extrema dreta\u201d, als quals \u201cels problemes els tornen grossos i no els saben gestionar\u201d. <\/p>\n<p>\u201cLa Mallorca que volem els socialistes \u00e9s una Mallorca m\u00e9s progressista, igualit\u00e0ria, justa, solid\u00e0ria, moderna, ecologista, feminista, democr\u00e0tica i  no \u00e9s precisament la que estant gestionant o transformant la dreta i l\u2019extrema dreta. Ara vivim malauradament una involuci\u00f3 en tots els aspectes: qualitat democr\u00e0tica, drets, oportunitats, serveis p\u00fablics, benestar&#8230;\u201d, ha precisat Cladera. \u201cAjuden a un pocs, als qui m\u00e9s tenen, i no als que m\u00e9s ho necessiten\u201d, ha destacat la socialista que s\u2019ha referit a la manifestaci\u00f3 convocada avui en defensa de millora de les pol\u00edtiques d\u2019acc\u00e9s a l\u2019habitatge: \u201cels joves no poden accedir a un habitatge, i hi ha gent gran que els fan marxar de ca seva per que els propietaris els apugen el lloguer i no ho poden pagar\u201d. <\/p>\n<p>Cladera tamb\u00e9 s\u2019ha referit a la problem\u00e0tica de l\u2019acollida dels migrants menors no acompanyats, dels quals \u201cel PP no ha deixat de fer pol\u00edtica, per que no \u00e9s cert que no se\u2019n puguin acollir m\u00e9s, el Consell de Mallorca te recursos per fer-ho\u201d.<br \/>\nPer tot aix\u00f2, Cladera ha instat a tota la milit\u00e0ncia socialista a \u201cseguir lluitant per Mallorca\u201d, amb l\u2019empenta que dona la celebraci\u00f3 d\u2019aquest 15\u00e8 Congr\u00e9s. <\/p>\n<p>A les intervencions inicials, el secretari general dels Socialistes de Sant Lloren\u00e7, Pep Jaume \u201cGall\u201d ha destacat els mandats institucionals de Cladera i Armengol, al Consell i al Govern. \u201cAmb bona mar tothom pot ser mariner, per\u00f2 cal navegar tamb\u00e9 quan venen maldades\u201d ha dit, en refer\u00e8ncia a la gesti\u00f3 de la crisi econ\u00f2mica i de la pand\u00e8mia, en contraposici\u00f3 a la gesti\u00f3 actual dels governs de PPVox.<br \/>\nDe la seva banda, Maria Bel Llin\u00e0s ha intervingut en representaci\u00f3 de les Joventuts Socialistes de Mallorca, per destacar la participaci\u00f3 dels joves en la vida org\u00e0nica de la Federaci\u00f3 Socialista (un 20% dels integrants de la llista al Consell de Mallorca eren menors de 30 anys), que permet \u201cseguir defensant els drets dels joves amb determinaci\u00f3\u201d. Llin\u00e0s acaba ara el seu mandat al capdavant dels joves socialistes de Mallorca.  <\/p>\n<p>El 15\u00e8 Congr\u00e9s FSM continua aquest horabaixa, amb l\u2019aprovaci\u00f3 de la Pon\u00e8ncia marc que suposa el full de ruta pol\u00edtic de cara als pr\u00f2xims dos anys, i l\u2019elecci\u00f3 dels nous \u00f2rgans de govern, Comissi\u00f3 Executiva i Consell Pol\u00edtic, del nou mandat per la secret\u00e0ria general Amanda Fern\u00e0ndez, qui tancar\u00e0 l\u2019acte, just despr\u00e9s de la intervenci\u00f3 de la secret\u00e0ria general del PSIB, Francina Armengol. <\/p>\n[\/vc_column_text][\/vc_column][\/vc_row]\n<\/div>","protected":false},"excerpt":{"rendered":"El discurs de gesti\u00f3 de l\u2019ex-secret\u00e0ria general FSM, Catalina Cladera, obre la sessi\u00f3 matinal del 15\u00e8 Congr\u00e9s de la Federaci\u00f3 Socialista de Mallorca, en la qual s\u2019ha aprovat l\u2019informe de gesti\u00f3 de l\u2019Executiva sortint. El Congr\u00e9s reuneix m\u00e9s de 150 delegats de totes les Agrupacions Socialistes de Mallorca, que aquest horabaixa escolliran la nova Executiva&hellip;","protected":false},"author":3,"featured_media":29669,"comment_status":"closed","ping_status":"closed","sticky":false,"template":"","format":"standard","meta":{"footnotes":""},"categories":[595,2,1,92],"tags":[218,105,83,77,315,226,341,416],"class_list":["post-29667","post","type-post","status-publish","format-standard","has-post-thumbnail","hentry","category-15e-congres-fsm","category-federacio-de-mallorca","category-federacio-de-mallorca-portada","category-portada","tag-amanda-fernandez","tag-catalina-cladera","tag-consell-de-mallorca","tag-federacio-socialista-de-mallorca","tag-francina-armengol","tag-javier-de-juan","tag-maria-bel-llinas","tag-pep-gall"],"_links":{"self":[{"href":"https:\/\/www.psib-psoe.org\/mallorca\/wp-json\/wp\/v2\/posts\/29667"}],"collection":[{"href":"https:\/\/www.psib-psoe.org\/mallorca\/wp-json\/wp\/v2\/posts"}],"about":[{"href":"https:\/\/www.psib-psoe.org\/mallorca\/wp-json\/wp\/v2\/types\/post"}],"author":[{"embeddable":true,"href":"https:\/\/www.psib-psoe.org\/mallorca\/wp-json\/wp\/v2\/users\/3"}],"replies":[{"embeddable":true,"href":"https:\/\/www.psib-psoe.org\/mallorca\/wp-json\/wp\/v2\/comments?post=29667"}],"version-history":[{"count":1,"href":"https:\/\/www.psib-psoe.org\/mallorca\/wp-json\/wp\/v2\/posts\/29667\/revisions"}],"predecessor-version":[{"id":29670,"href":"https:\/\/www.psib-psoe.org\/mallorca\/wp-json\/wp\/v2\/posts\/29667\/revisions\/29670"}],"wp:featuredmedia":[{"embeddable":true,"href":"https:\/\/www.psib-psoe.org\/mallorca\/wp-json\/wp\/v2\/media\/29669"}],"wp:attachment":[{"href":"https:\/\/www.psib-psoe.org\/mallorca\/wp-json\/wp\/v2\/media?parent=29667"}],"wp:term":[{"taxonomy":"category","embeddable":true,"href":"https:\/\/www.psib-psoe.org\/mallorca\/wp-json\/wp\/v2\/categories?post=29667"},{"taxonomy":"post_tag","embeddable":true,"href":"https:\/\/www.psib-psoe.org\/mallorca\/wp-json\/wp\/v2\/tags?post=29667"}],"curies":[{"name":"wp","href":"https:\/\/api.w.org\/{rel}","templated":true}]}}