{"id":29671,"date":"2025-04-05T19:42:10","date_gmt":"2025-04-05T17:42:10","guid":{"rendered":"https:\/\/www.psib-psoe.org\/mallorca\/?p=29671"},"modified":"2025-04-05T19:57:24","modified_gmt":"2025-04-05T17:57:24","slug":"amanda-fernandez-el-canvi-a-mallorca-ja-ha-comencat","status":"publish","type":"post","link":"https:\/\/www.psib-psoe.org\/mallorca\/amanda-fernandez-el-canvi-a-mallorca-ja-ha-comencat\/","title":{"rendered":"Amanda Fern\u00e0ndez: \u201cel canvi a Mallorca ja ha comen\u00e7at\u201d."},"content":{"rendered":"<div class=\"wpb-content-wrapper\">\n<figure class=\"wp-block-image size-large\"><img loading=\"lazy\" decoding=\"async\" width=\"1024\" height=\"682\" src=\"https:\/\/www.psib-psoe.org\/mallorca\/wp-content\/uploads\/Congres-final-2-1024x682.jpg\" alt=\"\" class=\"wp-image-29672\" srcset=\"https:\/\/www.psib-psoe.org\/mallorca\/wp-content\/uploads\/Congres-final-2-1024x682.jpg 1024w, https:\/\/www.psib-psoe.org\/mallorca\/wp-content\/uploads\/Congres-final-2-300x200.jpg 300w, https:\/\/www.psib-psoe.org\/mallorca\/wp-content\/uploads\/Congres-final-2-768x512.jpg 768w, https:\/\/www.psib-psoe.org\/mallorca\/wp-content\/uploads\/Congres-final-2-1536x1023.jpg 1536w, https:\/\/www.psib-psoe.org\/mallorca\/wp-content\/uploads\/Congres-final-2-150x100.jpg 150w, https:\/\/www.psib-psoe.org\/mallorca\/wp-content\/uploads\/Congres-final-2-600x400.jpg 600w, https:\/\/www.psib-psoe.org\/mallorca\/wp-content\/uploads\/Congres-final-2-900x600.jpg 900w, https:\/\/www.psib-psoe.org\/mallorca\/wp-content\/uploads\/Congres-final-2-20x13.jpg 20w, https:\/\/www.psib-psoe.org\/mallorca\/wp-content\/uploads\/Congres-final-2.jpg 1600w\" sizes=\"(max-width: 1024px) 100vw, 1024px\" \/><\/figure>\n\n\n<p>La secret\u00e0ria general de la Federaci\u00f3 Socialista de Mallorca tanca el 15\u00e8 Congr\u00e9s de la Federaci\u00f3 Socialista de Mallorca, en qu\u00e8 s\u2019han escollit el nous \u00f2rgans de govern pels pr\u00f2xims quatre anys, reclamant for\u00e7a, feina i unitat per guanyar les eleccions en 2027. \u201cEl futur no est\u00e0 escrit, l\u2019escrivim nosaltres amb la nostra feina del dia a dia i el comprom\u00eds amb unes sigles que formen part de l\u2019amor que sentim per la nostra terra\u201d, ha dit. <\/p>\n<p>La secret\u00e0ria general del PSIB-PSOE, Francina Armengol, ha obert la sessi\u00f3 del clausura del Congr\u00e9s, enaltint la figura de Fern\u00e0ndez som a nova l\u00edder dels Socialistes de Mallorca, els membres de la Comissi\u00f3 Executiva i el Consell Pol\u00edtic de la FSM, i el valor de la feina pol\u00edtica que s\u2019ha plasmat en la Pon\u00e8ncia marc que s\u2019ha aprovat aquest diumenge en l\u2019acte celebrat a l\u2019Espai 36 a Sant Lloren\u00e7 des Cardassar.  <\/p>\n\n\n[vc_row][vc_column][vc_column_text]\n<p>Els Socialistes de Mallorca tanquen el 15\u00e8 Congr\u00e9s de la Federaci\u00f3 Socialista de Mallorca amb nous \u00f2rgans de govern, Comissi\u00f3 Executiva i Consell Pol\u00edtic, i amb un nou full de ruta en forma de Pon\u00e8ncia Marc que suposa el rearmament ideol\u00f2gic de la formaci\u00f3 amb l\u2019objectiu de guanyar les eleccions del 2027 als ajuntaments de Mallorca al Consell i al Govern. La secret\u00e0ria general de la FSM, Amanda Fern\u00e0ndez ha tancat el 15\u00e8 congr\u00e9s \u201camb una rosa al puny i al cor, per que he triat lluitar per Mallorca\u201d, parafrasejant el lema escollit per al conclau socialista. <\/p>\n<p>Fern\u00e0ndez ha reclamat for\u00e7a i comprom\u00eds davant dels estralls dels governs de la dreta i ultradreta. \u201cSi ho fem aix\u00ed, som imparables\u201d, ha dit la dirigent socialista, que ha afirmat que \u201cel canvi per 2027 ja ha comen\u00e7at\u201d. \u201cNo podem fer ni una passa enrere, no podem tornar a la pitjor Espanya, a la pitjor Europa, a un m\u00f3n pitjor\u201d, ha dit, en refer\u00e8ncia a l\u2019onada ultra que pret\u00e9n retrocedir en drets i prestacions socials arreu a on governa. <\/p>\n<p>En front a aix\u00f2, Fern\u00e0ndez ha advocat per que \u201cen 2027 donem solucions a cada poble a on governem, per donar esperan\u00e7a a la gent que ens espera\u201d. Fern\u00e0ndez ha repassat alguns dels fets que palesen aquest retroc\u00e9s a Mallorca, protagonitzat pels governs de PPVox: \u201ctriam lluitar per tots aquells que enalteixen el feixisme i la indignitat del president del Parlament que va esquin\u00e7ar les fotos de els Roges del Molinar\u201d ha afirmat, lamentant que l\u2019actitud del PP sigui la d\u2019usar l\u2019educaci\u00f3, la llengua pr\u00f2pia o els objectius per limitar el canvi clim\u00e0tic \u201ccom a moneda de canvi per a seguir a la cadira\u201d.<\/p>\n<p>La secret\u00e0ria general socialista ha clamat en contra dels discursos d\u2019odi, \u2018lgtbif\u00f2bics\u2019,  o xen\u00f2fobs instats per \u201caquells que volen decidir qui pot entrar o no al nostre pa\u00eds en funci\u00f3 del seu color de pell\u201d. <\/p>\n<p>Fern\u00e0ndez s\u2019ha referit a les dificultats per accedir a un habitatge per cada cop m\u00e9s sectors de la poblaci\u00f3, i ha anunciat que en 2027 a Balears \u201ces limitaran els preus de lloguer i es posaran l\u00edmits als fons voltor i no estora vermella\u201d, com ha est\u00e8s el govern de Prohens amb l\u2019exemple dels 88 pisos del pol\u00edgon de Llevant que han passat de ser habitatge social promocionada per l\u2019anterior govern, a una promoci\u00f3 de luxe privativa pels residents, i dedicada al lucre i l\u2019especulaci\u00f3 immobili\u00e0ria.<br \/>\n\u201cAra els que no poden pagar-se un habitatge, han de sortir de Mallorca. No pot ser que el futur dels nostres fills sigui a fora de Mallorca. No ens poden robar el somni d\u2019una Mallorca meravellosa\u201d.  <\/p>\n<p>En relaci\u00f3 amb la saturaci\u00f3 tur\u00edstica, en comptes de la inacci\u00f3 dels actuals governants, Fern\u00e0ndez ha fet una aposta clara pel decreixement, \u201cper millorar conviv\u00e8ncia entre residents i visitants, els drets dels treballadors, per tenir habitatge digne, per la millora dels nostre recursos naturals, pel nostre futur i tamb\u00e9 el del turisme, per aix\u00f2 hem de decr\u00e9ixer\u201d. <\/p>\n<p>La millora de la qualitat de vida de la gent de Mallorca passa tamb\u00e9 per una mobilitat m\u00e9s sostenible. En aquest punt Amanda Fern\u00e0ndez ha insistit en fer arribar el tren fins a Art\u00e0 i Capdepera \u201cd\u2019una vegada\u201d. Per una Mallorca inclusiva \u201cque no retiri persones de mes de 60 anys. Que promogui la igualtat i la just\u00edcia social. Que no exclogui el 50% de la societat per que les dones volem ser all\u00f2 que nosaltres volem ser\u201d. \u201cSom el partit de treballadors i treballadores, dels pensionistes, dels qui estimen la llengua pr\u00f2pia i arrels i identitat\u201d, ha dit, per demanar reconeixement pels \u201cjoves que s\u00f3n avui l\u2019Acampallengua a Felanitx\u201d. <\/p>\n<p>La nova secret\u00e0ria general de la FSM ha agra\u00eft el llegat dels seus antecessors, en el c\u00e0rrec, Catalina Cladera, Mercedes Garrido, S\u00edlvia Cano, Francina Armengol Francesc Antich i Antoni Garcias. <\/p>\n<p>Precisament Armengol ha obert la sessi\u00f3 de clausura del Congr\u00e9s amb una intervenci\u00f3 en la que ha reclamat \u201cl\u2019orgull de ser socialista per pensar en el futur, no hi ha res m\u00e9s solidari que pensar en el m\u00f3n que deixarem als nostres fills i nets\u201d, com reflecteix el document de Pon\u00e8ncia que s\u2019ha aprovat. \u201cEn aquest moment dif\u00edcil en moment internacional. Necessita for\u00e7a i valentia. No podem badar. Aquesta societat espera molt de nosaltres. Ens hi hem de deixar la pell per la vict\u00f2ria de 2027\u201d, ha dit Armengol.<\/p>\n<p>Armengol ha reclamat valentia i contund\u00e8ncia com quan des del govern de progr\u00e9s, \u201cprengu\u00e9rem mesures de limitaci\u00f3 del turisme, i ens digueren turismof\u00f2bics. La primera \u2018ecotaxa\u2019 fou de Xisco Antich fa m\u00e9s de 20 anys, i ell fou innovador i valent.<br \/>\nLa secret\u00e0ria general del PSIB ha alertat que els canvis que pateix el m\u00f3n obliguen a \u201cdefensar Europa, i els socialistes ho tenim clar. Hem triat lluitar. Ens estem posant les piles, d\u2019una organitzaci\u00f3 de la que ens sentim molt orgullosos, per fer possible la vict\u00f2ria en 2027\u201d.<\/p>\n<p>Armengol tamb\u00e9 s\u2019ha referit als milers de persones que s\u2019han mobilitzat a Balears i a tot l\u2019estat en defensa del dret de l\u2019habitatge, i ha instat el govern de Prohens a prendre mesures concloents i no posar-se de perfil per \u201cdefensant que els empresaris segueixin guanyant molts de doblers\u201d, mentre que la societat no troba habitatge a preu raonable.  <\/p>\n<p>Sant Lloren\u00e7 tamb\u00e9 ha tingut un espai en la intervenci\u00f3 d\u2019Armengol, vinculat a la trag\u00e8dia de la torrentada de 2028, que va motivar \u201cla tendresa i la solidaritat que va demostrat aquest poble. En Pep \u201cGall\u201d i tots els companys de l\u2019Ajuntament s\u2019ho van deixar tot en el moment que poble els necessitava\u201d.<\/p>\n<p>Armengol ha acabat glossant la figura del nou president de la Federaci\u00f3 Socialista de Mallorca, Tolo Aguilar, i la de la secret\u00e0ria general, Amanda Fern\u00e0ndez, de qui ha dit que \u201cte les qualitat necess\u00e0ries per tirar endavant aquesta responsabilitat; n\u2019Amanda \u00e9s \u2018cum laude\u2019 en empatia. Ha viscut la pol\u00edtica des del municipalisme\u201d. <\/p>\n<p>A banda de la pres\u00e8ncia ja referida de Tolo Aguilar, com a president, la nova executiva de la FSM compta amb el diputat al Parlament, Ares Fern\u00e1ndez Lombardo com a secretari d\u2019Organitzaci\u00f3, Miquel Cabot com a vice-secretari general, Paula Ginard a Coordinaci\u00f3 Territorial i Marga Fullana, batlessa d\u2019Algaida com a secret\u00e0ria de Pol\u00edtica Municipal, en una comissi\u00f3 que aplega 44 integrants, que s\u2019adjunten en el document annex.<\/p>\n<p>La Comissi\u00f3 Executiva de la FSM mantindr\u00e0 la seva primera reuni\u00f3 aquest pr\u00f2xim dilluns, i ser\u00e0 la primera en qu\u00e8 Amanda Fern\u00e0ndez exercir\u00e0 com a secret\u00e0ria general de la formaci\u00f3. <\/p>\n[\/vc_column_text][\/vc_column][\/vc_row]\n<\/div>","protected":false},"excerpt":{"rendered":"La secret\u00e0ria general de la Federaci\u00f3 Socialista de Mallorca tanca el 15\u00e8 Congr\u00e9s de la Federaci\u00f3 Socialista de Mallorca, en qu\u00e8 s\u2019han escollit el nous \u00f2rgans de govern pels pr\u00f2xims quatre anys, reclamant for\u00e7a, feina i unitat per guanyar les eleccions en 2027. \u201cEl futur no est\u00e0 escrit, l\u2019escrivim nosaltres amb la nostra feina del&hellip;","protected":false},"author":3,"featured_media":29672,"comment_status":"closed","ping_status":"closed","sticky":false,"template":"","format":"standard","meta":{"footnotes":""},"categories":[595,2,1,92],"tags":[218,105,83,77,315,226,416],"class_list":["post-29671","post","type-post","status-publish","format-standard","has-post-thumbnail","hentry","category-15e-congres-fsm","category-federacio-de-mallorca","category-federacio-de-mallorca-portada","category-portada","tag-amanda-fernandez","tag-catalina-cladera","tag-consell-de-mallorca","tag-federacio-socialista-de-mallorca","tag-francina-armengol","tag-javier-de-juan","tag-pep-gall"],"_links":{"self":[{"href":"https:\/\/www.psib-psoe.org\/mallorca\/wp-json\/wp\/v2\/posts\/29671"}],"collection":[{"href":"https:\/\/www.psib-psoe.org\/mallorca\/wp-json\/wp\/v2\/posts"}],"about":[{"href":"https:\/\/www.psib-psoe.org\/mallorca\/wp-json\/wp\/v2\/types\/post"}],"author":[{"embeddable":true,"href":"https:\/\/www.psib-psoe.org\/mallorca\/wp-json\/wp\/v2\/users\/3"}],"replies":[{"embeddable":true,"href":"https:\/\/www.psib-psoe.org\/mallorca\/wp-json\/wp\/v2\/comments?post=29671"}],"version-history":[{"count":1,"href":"https:\/\/www.psib-psoe.org\/mallorca\/wp-json\/wp\/v2\/posts\/29671\/revisions"}],"predecessor-version":[{"id":29673,"href":"https:\/\/www.psib-psoe.org\/mallorca\/wp-json\/wp\/v2\/posts\/29671\/revisions\/29673"}],"wp:featuredmedia":[{"embeddable":true,"href":"https:\/\/www.psib-psoe.org\/mallorca\/wp-json\/wp\/v2\/media\/29672"}],"wp:attachment":[{"href":"https:\/\/www.psib-psoe.org\/mallorca\/wp-json\/wp\/v2\/media?parent=29671"}],"wp:term":[{"taxonomy":"category","embeddable":true,"href":"https:\/\/www.psib-psoe.org\/mallorca\/wp-json\/wp\/v2\/categories?post=29671"},{"taxonomy":"post_tag","embeddable":true,"href":"https:\/\/www.psib-psoe.org\/mallorca\/wp-json\/wp\/v2\/tags?post=29671"}],"curies":[{"name":"wp","href":"https:\/\/api.w.org\/{rel}","templated":true}]}}