{"id":29687,"date":"2025-04-09T11:43:28","date_gmt":"2025-04-09T09:43:28","guid":{"rendered":"https:\/\/www.psib-psoe.org\/mallorca\/?p=29687"},"modified":"2025-04-09T11:43:40","modified_gmt":"2025-04-09T09:43:40","slug":"cladera-galmes-fa-el-ridicul-en-anunciar-les-compres-de-sa-fabrica-nova-i-de-santa-cirga-amb-carrec-a-romanent-sense-haver-preparat-lexpedient","status":"publish","type":"post","link":"https:\/\/www.psib-psoe.org\/mallorca\/cladera-galmes-fa-el-ridicul-en-anunciar-les-compres-de-sa-fabrica-nova-i-de-santa-cirga-amb-carrec-a-romanent-sense-haver-preparat-lexpedient\/","title":{"rendered":"Cladera: \u201cGalm\u00e9s fa el rid\u00edcul en anunciar les compres de sa F\u00e0brica Nova i de Santa Cirga, amb\u00a0 c\u00e0rrec a romanent, sense haver preparat l\u2019expedient\u201d."},"content":{"rendered":"<div class=\"wpb-content-wrapper\">\n<figure class=\"wp-block-image size-full is-resized is-style-default\"><img loading=\"lazy\" decoding=\"async\" width=\"2560\" height=\"1817\" src=\"https:\/\/www.psib-psoe.org\/mallorca\/wp-content\/uploads\/Cati-rdp-090425.jpg\" alt=\"\" class=\"wp-image-29688\" style=\"width:793px;height:auto\" srcset=\"https:\/\/www.psib-psoe.org\/mallorca\/wp-content\/uploads\/Cati-rdp-090425.jpg 2560w, https:\/\/www.psib-psoe.org\/mallorca\/wp-content\/uploads\/Cati-rdp-090425-300x213.jpg 300w, https:\/\/www.psib-psoe.org\/mallorca\/wp-content\/uploads\/Cati-rdp-090425-1024x727.jpg 1024w, https:\/\/www.psib-psoe.org\/mallorca\/wp-content\/uploads\/Cati-rdp-090425-768x545.jpg 768w, https:\/\/www.psib-psoe.org\/mallorca\/wp-content\/uploads\/Cati-rdp-090425-1536x1090.jpg 1536w, https:\/\/www.psib-psoe.org\/mallorca\/wp-content\/uploads\/Cati-rdp-090425-2048x1454.jpg 2048w, https:\/\/www.psib-psoe.org\/mallorca\/wp-content\/uploads\/Cati-rdp-090425-150x106.jpg 150w, https:\/\/www.psib-psoe.org\/mallorca\/wp-content\/uploads\/Cati-rdp-090425-600x426.jpg 600w, https:\/\/www.psib-psoe.org\/mallorca\/wp-content\/uploads\/Cati-rdp-090425-900x639.jpg 900w, https:\/\/www.psib-psoe.org\/mallorca\/wp-content\/uploads\/Cati-rdp-090425-20x13.jpg 20w\" sizes=\"(max-width: 2560px) 100vw, 2560px\" \/><\/figure>\n\n\n[vc_row][vc_column][vc_column_text]\n<p><em><u> <\/p>\n<p>El Grup Socialista al Consell presenta dem\u00e0 una moci\u00f3 al ple per reclamar a l\u2019equip de govern PPVox sentit i criteri en l\u2019\u00fas dels 124 milions del romanent, i explicacions al conseller Bosch sobre els motius que han provocat la inexecuci\u00f3 del 20% del pressupost del 2024, que ha originat la generaci\u00f3 d\u2019un romanent r\u00e8cord, exemple patent de mala gesti\u00f3. \u201cEl canvi que prometia Galm\u00e9s \u00e9s deixar d\u2019executar el pressupost\u201d, ha afirmat ir\u00f2nicament la portaveu socialista al Consell, Catalina Cladera, que ha demanat que el Consell aprofiti el romanent per a incidir en les \u201cq\u00fcestions que realment preocupen a la ciutadania, com habitatge i serveis socials i tamb\u00e9 per l\u2019acollida humanit\u00e0ria dels menors migrants no acompanyats que venen d\u2019altres llocs de l\u2019Estat, tema que tamb\u00e9 ser\u00e0 objecte d\u2019una moci\u00f3 socialista aquest dijous.<br \/>\n<\/u><\/em><\/p>\n[\/vc_column][\/vc_row]\n\n\n[vc_row][vc_column]\n<p>L\u2019anunci de la compra de la finca de Santa Cirga a Manacor i de sa F\u00e0brica Nova de S\u00f3ller fet dilluns per Galm\u00e9s, amb c\u00e0rrec al romanent de tresoreria 2024 del Consell de Mallorca, suposen un \u201cnou rid\u00edcul del president, que ha sortit a anunciar coses sense haver preparat ni la modificaci\u00f3 de cr\u00e8dit, simplement per que els socialistes hem presentat una moci\u00f3 sobre el romanent\u201d.  Just despr\u00e9s de l\u2019anunci de Galm\u00e9s, s\u2019ha sabut que la propietat de la possessi\u00f3 de Santa Cirga considerava el valor de la propietat en m\u00e9s de 20 milions d\u2019euros, mentre que la quantitat anunciada per Galm\u00e9s per fer front a l\u2019operaci\u00f3 de compra eren 1,5 milions d\u2019euros. <\/p>\n<p>En el cas de sa F\u00e0brica Nova, el power point de Galm\u00e9s indicava una partida de 3 milions d\u2019euros per la compra, per\u00f2 les informacions publicades avui indiquen que el jutjat obliga a l\u2019Ajuntament de S\u00f3ller a executar el rescat de l\u2019antiga f\u00e0brica t\u00e8xtil, a on el president del Consell va dir que hi faria un museu. Aquest fet posa de manifest que els anuncis de Galm\u00e9s \u201cs\u00f3n improvisats, sense cap preparaci\u00f3 ni planificaci\u00f3, i responen \u00fanicament al fet de contrarestar la nostra moci\u00f3 sobre romanents, sense que hi hagi cap feina pr\u00e8via per a la modificaci\u00f3 de cr\u00e8dit\u201d, ha dit Cladera, d\u2019un Galm\u00e9s que pret\u00e9n exercir el govern de Mallorca a cop d\u2019ocurr\u00e8ncia. <\/p>\n<p>La portaveu socialista ha reclamat de nou que l\u2019equip de govern PPVox convoqui un ple extraordinari per exposar les causes que han motivat que s\u2019hagi deixat d\u2019invertir 124 milions d\u2019euros de tots els mallorquins del pressupost 2024. \u201cEs veu que el canvi que pregonava Galm\u00e9s amb el pressupost 2024 era justament, deixar d\u2019executar-lo\u201d, ha dit Cladera. <\/p>\n<p>El Grup Socialista proposa que amb el romanent acumulat es puguin assumir inversions necess\u00e0ries per a la ciutadania, com les pol\u00edtiques d\u2019acc\u00e9s a l\u2019habitatge, l\u2019assist\u00e8ncia a les persones amb depend\u00e8ncia, o per a l\u2019acollida dels menors migrants no acompanyats que provenen d\u2019altres punts de l\u2019Estat, pels quals el Consell de Mallorca i l\u2019IMAS han afirmat que no disposen de recursos.<\/p>\n<p>Precisament aquest punt centra una segona iniciativa del Grup Socialista en el ple de dem\u00e0, en la qual s\u2019insisteix en que el Consell assumeixi i aculli l\u2019arribada de 59 menors migrants a Mallorca, segons marca la recentment acordada Llei d\u2019Estrangeria. \u201cVolem que PPVox deixi d\u2019usar els menors com a mercaderia pol\u00edtica d\u2019una vegada\u201d, ha afirmat Cladera, qui ha afegit que \u201cno \u00e9s cert que no hi hagi recursos per acollir aquests menors, com ha dit Galm\u00e9s repetidament, disposen dels romanents per fer-ho; el que no tenen \u00e9s voluntat pol\u00edtica\u201d, negant el respecte als drets humans m\u00e9s b\u00e0sics. <\/p>\n<p>La moci\u00f3 socialista proposa que es posin damunt la taula 25 milions d\u2019euros dels romanents per la millora de la dotaci\u00f3 humana i material del servei de menors del Consell de Mallorca. Hores d\u2019ara l\u2019IMAS no ha prioritzat la construcci\u00f3 o l\u2019adquisici\u00f3 d\u2019un espai adequat per l\u2019acollida de menors, tot i comptar amb l suport financer dels fons Next Generation.<\/p>\n<p>Cladera ha acusat Galm\u00e9s de fer desapar\u00e8ixer el Consell, renunciant a exercir compet\u00e8ncies que li s\u00f3n inherents, amb un president que est\u00e0 obsessionat amb \u201cles fotos i els viatges\u201d, que ha renunciat a la gesti\u00f3, com demostra la inexecuci\u00f3 del pressupost de 2024, i amb una portaveu desapareguda, N\u00faria Riera, que encara espera un informe intern del Govern sobre el seu absentisme laboral a la pla\u00e7a de funcion\u00e0ria per la que cobra un 175% de salari, conjuntament amb la de portaveu del PP al Consell que de fa dos mesos, pr\u00e0cticament, ha deixat d\u2019exercir.   <\/p>\n[\/vc_column][\/vc_row]\n\n\n\n<figure class=\"wp-block-audio\"><audio controls src=\"https:\/\/www.psib-psoe.org\/mallorca\/wp-content\/uploads\/090425_RDP-Catalina-Cladera-Previa-Ple-CIM.mp3\"><\/audio><\/figure>\n<\/div>","protected":false},"excerpt":{"rendered":"[vc_row][vc_column][vc_column_text] El Grup Socialista al Consell presenta dem\u00e0 una moci\u00f3 al ple per reclamar a l\u2019equip de govern PPVox sentit i criteri en l\u2019\u00fas dels 124 milions del romanent, i explicacions al conseller Bosch sobre els motius que han provocat la inexecuci\u00f3 del 20% del pressupost del 2024, que ha originat la generaci\u00f3 d\u2019un romanent&hellip;","protected":false},"author":3,"featured_media":29688,"comment_status":"closed","ping_status":"closed","sticky":false,"template":"","format":"standard","meta":{"footnotes":""},"categories":[89,2,1,92],"tags":[218,105,83,77,226,84],"class_list":["post-29687","post","type-post","status-publish","format-standard","has-post-thumbnail","hentry","category-consell-de-mallorca","category-federacio-de-mallorca","category-federacio-de-mallorca-portada","category-portada","tag-amanda-fernandez","tag-catalina-cladera","tag-consell-de-mallorca","tag-federacio-socialista-de-mallorca","tag-javier-de-juan","tag-psib-psoe"],"_links":{"self":[{"href":"https:\/\/www.psib-psoe.org\/mallorca\/wp-json\/wp\/v2\/posts\/29687"}],"collection":[{"href":"https:\/\/www.psib-psoe.org\/mallorca\/wp-json\/wp\/v2\/posts"}],"about":[{"href":"https:\/\/www.psib-psoe.org\/mallorca\/wp-json\/wp\/v2\/types\/post"}],"author":[{"embeddable":true,"href":"https:\/\/www.psib-psoe.org\/mallorca\/wp-json\/wp\/v2\/users\/3"}],"replies":[{"embeddable":true,"href":"https:\/\/www.psib-psoe.org\/mallorca\/wp-json\/wp\/v2\/comments?post=29687"}],"version-history":[{"count":1,"href":"https:\/\/www.psib-psoe.org\/mallorca\/wp-json\/wp\/v2\/posts\/29687\/revisions"}],"predecessor-version":[{"id":29690,"href":"https:\/\/www.psib-psoe.org\/mallorca\/wp-json\/wp\/v2\/posts\/29687\/revisions\/29690"}],"wp:featuredmedia":[{"embeddable":true,"href":"https:\/\/www.psib-psoe.org\/mallorca\/wp-json\/wp\/v2\/media\/29688"}],"wp:attachment":[{"href":"https:\/\/www.psib-psoe.org\/mallorca\/wp-json\/wp\/v2\/media?parent=29687"}],"wp:term":[{"taxonomy":"category","embeddable":true,"href":"https:\/\/www.psib-psoe.org\/mallorca\/wp-json\/wp\/v2\/categories?post=29687"},{"taxonomy":"post_tag","embeddable":true,"href":"https:\/\/www.psib-psoe.org\/mallorca\/wp-json\/wp\/v2\/tags?post=29687"}],"curies":[{"name":"wp","href":"https:\/\/api.w.org\/{rel}","templated":true}]}}