{"id":29692,"date":"2025-04-10T12:00:23","date_gmt":"2025-04-10T10:00:23","guid":{"rendered":"https:\/\/www.psib-psoe.org\/mallorca\/?p=29692"},"modified":"2025-04-10T12:00:35","modified_gmt":"2025-04-10T10:00:35","slug":"la-manca-de-capacitat-de-gestio-de-la-consellera-de-cultura-fa-decaure-una-subvencio-per-al-gremi-de-llibreters-de-mallorca-al-ple-del-consell","status":"publish","type":"post","link":"https:\/\/www.psib-psoe.org\/mallorca\/la-manca-de-capacitat-de-gestio-de-la-consellera-de-cultura-fa-decaure-una-subvencio-per-al-gremi-de-llibreters-de-mallorca-al-ple-del-consell\/","title":{"rendered":"La manca de capacitat de gesti\u00f3 de la consellera de Cultura fa decaure una subvenci\u00f3 per al Gremi de Llibreters de Mallorca al ple del Consell."},"content":{"rendered":"<div class=\"wpb-content-wrapper\">\n<figure class=\"wp-block-image size-full is-resized is-style-default\"><img loading=\"lazy\" decoding=\"async\" width=\"1448\" height=\"1224\" src=\"https:\/\/www.psib-psoe.org\/mallorca\/wp-content\/uploads\/Joan-Ferrer-ple.jpg\" alt=\"\" class=\"wp-image-29693\" style=\"width:793px;height:auto\" srcset=\"https:\/\/www.psib-psoe.org\/mallorca\/wp-content\/uploads\/Joan-Ferrer-ple.jpg 1448w, https:\/\/www.psib-psoe.org\/mallorca\/wp-content\/uploads\/Joan-Ferrer-ple-300x254.jpg 300w, https:\/\/www.psib-psoe.org\/mallorca\/wp-content\/uploads\/Joan-Ferrer-ple-1024x866.jpg 1024w, https:\/\/www.psib-psoe.org\/mallorca\/wp-content\/uploads\/Joan-Ferrer-ple-768x649.jpg 768w, https:\/\/www.psib-psoe.org\/mallorca\/wp-content\/uploads\/Joan-Ferrer-ple-70x60.jpg 70w, https:\/\/www.psib-psoe.org\/mallorca\/wp-content\/uploads\/Joan-Ferrer-ple-20x16.jpg 20w, https:\/\/www.psib-psoe.org\/mallorca\/wp-content\/uploads\/Joan-Ferrer-ple-150x127.jpg 150w, https:\/\/www.psib-psoe.org\/mallorca\/wp-content\/uploads\/Joan-Ferrer-ple-600x507.jpg 600w, https:\/\/www.psib-psoe.org\/mallorca\/wp-content\/uploads\/Joan-Ferrer-ple-900x761.jpg 900w\" sizes=\"(max-width: 1448px) 100vw, 1448px\" \/><\/figure>\n\n\n[vc_row][vc_column][vc_column_text]\n<p><em><u> <\/p>\n<p>El Grup Socialista proposa que es dupliqui l\u2019import de la subvenci\u00f3, en favor del Gremi de Llibreters, fins als 190.000 euros (respecte els 95.000\u20ac que se li destinaven avui), i que l\u2019equip de Govern la torni a presentar en el pr\u00f2xim plenari extraordinari previst per a la setmana que ve. El conseller socialista Joan Ferrer ha lamentat l\u2019actitud prepotent de la consellera Roca, que ha evitat \u201cnegociar ni xerrar de les subvencions a entitats que fan suport el catal\u00e0\u201d, malgrat que \u00e9s conscient que per aprovar-les necessita el suport de l\u2019oposici\u00f3, per qu\u00e8 \u201cels seus socis de govern de Vox voten sistem\u00e0ticament en contra de totes les iniciatives de suport al catal\u00e0 i a les entitats que defensen la llengua\u201d.<br \/>\n<\/u><\/em><\/p>\n[\/vc_column][\/vc_row]\n\n\n[vc_row][vc_column]\n<p>La incongru\u00e8ncia de l\u2019equip de govern PPVox al Consell de Mallorca en refer\u00e8ncia a temes que suposin suport a la llengua catalana a Mallorca i a les entitats que la defensen, ha afectat avui al Gremi de Llibreters de Mallorca. El punt de l\u2019ordre del dia que defensava l\u2019atorgament d\u2019una subvenci\u00f3 al Gremi, per a la realitzaci\u00f3 de la Setmana de llibre en catal\u00e0 ha tornat a dividir l\u2019equip de govern de Galm\u00e9s amb els ultres de Vox, Els vots en contra a la iniciativa de l\u2019extrema dreta han fet decaure la iniciativa, davant la manca de capacitat d\u2019entesa amb l\u2019oposici\u00f3 de la consellera de Cultura Ant\u00f2nia Roca, que en la seva intervenci\u00f3 s\u2019ha dedicat a criticar al portaveu del Grup Socialista, Joan Ferrer, quan en realitat n\u2019esperava els vots favorables per a qu\u00e8 la subvenci\u00f3 sort\u00eds endavant.<br \/>\nFerrer ha ofert ma estesa a Roca per a fer suport la iniciativa, per\u00f2 ha lamentat que Roca no hagi intentat el suport del Grup Socialista. No hi ha cap mena d\u2019agra\u00efment a l\u2019oposici\u00f3. Tampoc cap trucada per reunir-nos i mirar de teixir conjuntament pol\u00edtiques culturals. Hi ha altres Departaments que ho fan, possiblement tinguin els seus titulars m\u00e9s cintura pol\u00edtica i menys complexes. Per\u00f2 des de Cultura, menyspreu a l\u2019oposici\u00f3\u201d, ha dit Ferrer.<br \/>\nEl socialista ha deixat clar que \u00e9s l\u2019equip de govern de PPVox qui governa i per tant, l\u2019encarregat de fer aprovar les iniciatives que planteja al ple. L\u2019actitud contr\u00e0ria a la llengua catalana de Vox, es manifesta amb els seus vots en contra, que obliga a cercar nous suports entre els partits de l\u2019oposici\u00f3: \u201cse pensen que a Cultura governen sols, per\u00f2 saben que ens necessiten per aprovar all\u00f2 m\u00e9s ideol\u00f2gic. Hem pogut certificar tots que els de VOX els deixen al descobert\u201d.<br \/>\nEl punt de l\u2019ordre del dia ha quedat rebutjat per la majoria del ple. Com a nova mostra d\u2019aquesta incongru\u00e8ncia de l\u2019equip de govern de PPVox, els ultres han aprofitat l\u2019inici del ple per exhibir imatges de suport al Valle de Cuelgamuros, sense que cap dels consellers del PP hagin fet el m\u00e9s m\u00ednim gest d\u2019incomoditat amb aquesta acci\u00f3 clara d\u2019enaltiment franquista. Ferrer n\u2019ha fet refer\u00e8ncia, recordant que \u201cel nazisme i el franquisme executaren a Europa i Espanya cremes de llibres\u201d i la persecuci\u00f3 de la cultura i la ci\u00e8ncia. El conseller del Grup Socialista ha citat el poeta alemany Heinrich Heine, quan va escriure \u201cAll\u00e0 on s\u2019hi cremen llibres, s\u2019hi acaba cremant tamb\u00e9 persones\u201d.<br \/>\nEl Grup Socialista ha plantejat Roca que \u201cdupliqui la dotaci\u00f3 de la subvenci\u00f3 al Gremi de Llibreters\u201d, fins als 190.000 euros i que s\u2019aprofiti el ple extraordinari previst per la setmana que ve per tornar a elevar la proposta al ple.  A prop\u00f2sit, la partida econ\u00f2mica que es destinava al Gremi de Llibreters era la mateixa que ja havia patit en el pressupost de 2024.<\/p>\n[\/vc_column][\/vc_row]\n<\/div>","protected":false},"excerpt":{"rendered":"[vc_row][vc_column][vc_column_text] El Grup Socialista proposa que es dupliqui l\u2019import de la subvenci\u00f3, en favor del Gremi de Llibreters, fins als 190.000 euros (respecte els 95.000\u20ac que se li destinaven avui), i que l\u2019equip de Govern la torni a presentar en el pr\u00f2xim plenari extraordinari previst per a la setmana que ve. El conseller socialista Joan&hellip;","protected":false},"author":3,"featured_media":29693,"comment_status":"closed","ping_status":"closed","sticky":false,"template":"","format":"standard","meta":{"footnotes":""},"categories":[89,2,1,92],"tags":[218,105,83,77,226,483,84],"class_list":["post-29692","post","type-post","status-publish","format-standard","has-post-thumbnail","hentry","category-consell-de-mallorca","category-federacio-de-mallorca","category-federacio-de-mallorca-portada","category-portada","tag-amanda-fernandez","tag-catalina-cladera","tag-consell-de-mallorca","tag-federacio-socialista-de-mallorca","tag-javier-de-juan","tag-joan-ferrer","tag-psib-psoe"],"_links":{"self":[{"href":"https:\/\/www.psib-psoe.org\/mallorca\/wp-json\/wp\/v2\/posts\/29692"}],"collection":[{"href":"https:\/\/www.psib-psoe.org\/mallorca\/wp-json\/wp\/v2\/posts"}],"about":[{"href":"https:\/\/www.psib-psoe.org\/mallorca\/wp-json\/wp\/v2\/types\/post"}],"author":[{"embeddable":true,"href":"https:\/\/www.psib-psoe.org\/mallorca\/wp-json\/wp\/v2\/users\/3"}],"replies":[{"embeddable":true,"href":"https:\/\/www.psib-psoe.org\/mallorca\/wp-json\/wp\/v2\/comments?post=29692"}],"version-history":[{"count":2,"href":"https:\/\/www.psib-psoe.org\/mallorca\/wp-json\/wp\/v2\/posts\/29692\/revisions"}],"predecessor-version":[{"id":29695,"href":"https:\/\/www.psib-psoe.org\/mallorca\/wp-json\/wp\/v2\/posts\/29692\/revisions\/29695"}],"wp:featuredmedia":[{"embeddable":true,"href":"https:\/\/www.psib-psoe.org\/mallorca\/wp-json\/wp\/v2\/media\/29693"}],"wp:attachment":[{"href":"https:\/\/www.psib-psoe.org\/mallorca\/wp-json\/wp\/v2\/media?parent=29692"}],"wp:term":[{"taxonomy":"category","embeddable":true,"href":"https:\/\/www.psib-psoe.org\/mallorca\/wp-json\/wp\/v2\/categories?post=29692"},{"taxonomy":"post_tag","embeddable":true,"href":"https:\/\/www.psib-psoe.org\/mallorca\/wp-json\/wp\/v2\/tags?post=29692"}],"curies":[{"name":"wp","href":"https:\/\/api.w.org\/{rel}","templated":true}]}}