{"id":29747,"date":"2025-04-30T14:44:34","date_gmt":"2025-04-30T12:44:34","guid":{"rendered":"https:\/\/www.psib-psoe.org\/mallorca\/?p=29747"},"modified":"2025-04-30T14:44:47","modified_gmt":"2025-04-30T12:44:47","slug":"sa-pobla-comptara-amb-nous-espais-verds-i-per-a-vianants-gracies-al-partit-socialista","status":"publish","type":"post","link":"https:\/\/www.psib-psoe.org\/mallorca\/sa-pobla-comptara-amb-nous-espais-verds-i-per-a-vianants-gracies-al-partit-socialista\/","title":{"rendered":"Sa Pobla comptar\u00e0 amb nous espais verds i per a vianants gr\u00e0cies al Partit Socialista"},"content":{"rendered":"<div class=\"wpb-content-wrapper\">\n<figure class=\"wp-block-image size-full is-resized is-style-default\"><img loading=\"lazy\" decoding=\"async\" width=\"1200\" height=\"1600\" src=\"https:\/\/www.psib-psoe.org\/mallorca\/wp-content\/uploads\/300425_Espais-Verds-Sa-Pobla-2.jpeg\" alt=\"\" class=\"wp-image-29748\" style=\"width:793px;height:auto\" srcset=\"https:\/\/www.psib-psoe.org\/mallorca\/wp-content\/uploads\/300425_Espais-Verds-Sa-Pobla-2.jpeg 1200w, https:\/\/www.psib-psoe.org\/mallorca\/wp-content\/uploads\/300425_Espais-Verds-Sa-Pobla-2-225x300.jpeg 225w, https:\/\/www.psib-psoe.org\/mallorca\/wp-content\/uploads\/300425_Espais-Verds-Sa-Pobla-2-768x1024.jpeg 768w, https:\/\/www.psib-psoe.org\/mallorca\/wp-content\/uploads\/300425_Espais-Verds-Sa-Pobla-2-1152x1536.jpeg 1152w, https:\/\/www.psib-psoe.org\/mallorca\/wp-content\/uploads\/300425_Espais-Verds-Sa-Pobla-2-300x400.jpeg 300w, https:\/\/www.psib-psoe.org\/mallorca\/wp-content\/uploads\/300425_Espais-Verds-Sa-Pobla-2-150x200.jpeg 150w, https:\/\/www.psib-psoe.org\/mallorca\/wp-content\/uploads\/300425_Espais-Verds-Sa-Pobla-2-600x800.jpeg 600w, https:\/\/www.psib-psoe.org\/mallorca\/wp-content\/uploads\/300425_Espais-Verds-Sa-Pobla-2-900x1200.jpeg 900w, https:\/\/www.psib-psoe.org\/mallorca\/wp-content\/uploads\/300425_Espais-Verds-Sa-Pobla-2-20x27.jpeg 20w\" sizes=\"(max-width: 1200px) 100vw, 1200px\" \/><\/figure>\n\n\n[vc_row][vc_column][vc_column_text]\n<p><em><u> <\/p>\n<p>Els socialistes de Sa Pobla han mostrat la seva satisfacci\u00f3 davant aquestes actuacions que s\u2019estan fent al municipi<\/p>\n<p><\/u><\/em><\/p>\n[\/vc_column_text][\/vc_column][\/vc_row]\n\n\n[vc_row][vc_column][vc_column_text]\n<p>L\u2019Agrupaci\u00f3 Socialista de Sa Pobla ha celebrat que el municipi compti amb nous espais verds i per a vianants. Aquestes actuacions han estat finan\u00e7ades amb fons \u2018Next Genaration\u2019 i, segons han recordat els socialistes, gr\u00e0cies a la gesti\u00f3 de Pedro S\u00e1nchez, Francina Armengol i Catalina Cladera amb els Fons Europeus.<\/p>\n<p>Les actuacions que s\u2019estan fent a Sa Pobla amb els Fons Europeus s\u00f3n el canvi de paviment, peatonalitzaci\u00f3 i remodelaci\u00f3 dels carrers Comer\u00e7 i Traginers (passeig dels donants de sang).<\/p>\n<p>A m\u00e9s, a l\u2019antic quarter de la Gu\u00e0rdia Civil es far\u00e0 un parking dissuasiu per reduir el nombre de cotxes al centre de Sa Pobla i, aix\u00ed, fomentar que la gent vagi caminant pel centre del poble.<\/p>\n<p>Finalment, es remodelar\u00e0 el passeig del Tren i una nova aula a l\u2019Escoleta Huialf\u00e0s. Amb tot aix\u00f2, la portaveu dels Socialistes de Sa Pobla, Xesca Mir, ha explicat que \u201ctotes aquestes actuacions s\u00f3n una molt bona not\u00edcia pel nostre poble. Unes actuacions amb segell socialista que faran de Sa Pobla un lloc m\u00e9s verd i amb menys cotxes\u201d.<\/p>\n[\/vc_column_text][\/vc_column][\/vc_row]\n<\/div>","protected":false},"excerpt":{"rendered":"[vc_row][vc_column][vc_column_text] Els socialistes de Sa Pobla han mostrat la seva satisfacci\u00f3 davant aquestes actuacions que s\u2019estan fent al municipi [\/vc_column_text][\/vc_column][\/vc_row] [vc_row][vc_column][vc_column_text] L\u2019Agrupaci\u00f3 Socialista de Sa Pobla ha celebrat que el municipi compti amb nous espais verds i per a vianants. Aquestes actuacions han estat finan\u00e7ades amb fons \u2018Next Genaration\u2019 i, segons han recordat els socialistes,&hellip;","protected":false},"author":4,"featured_media":29748,"comment_status":"closed","ping_status":"closed","sticky":false,"template":"","format":"standard","meta":{"footnotes":""},"categories":[2,1,90,92],"tags":[608,218,77,84,146],"class_list":["post-29747","post","type-post","status-publish","format-standard","has-post-thumbnail","hentry","category-federacio-de-mallorca","category-federacio-de-mallorca-portada","category-municipis","category-portada","tag-agrupacio-socialista-sa-pobla","tag-amanda-fernandez","tag-federacio-socialista-de-mallorca","tag-psib-psoe","tag-sa-pobla"],"_links":{"self":[{"href":"https:\/\/www.psib-psoe.org\/mallorca\/wp-json\/wp\/v2\/posts\/29747"}],"collection":[{"href":"https:\/\/www.psib-psoe.org\/mallorca\/wp-json\/wp\/v2\/posts"}],"about":[{"href":"https:\/\/www.psib-psoe.org\/mallorca\/wp-json\/wp\/v2\/types\/post"}],"author":[{"embeddable":true,"href":"https:\/\/www.psib-psoe.org\/mallorca\/wp-json\/wp\/v2\/users\/4"}],"replies":[{"embeddable":true,"href":"https:\/\/www.psib-psoe.org\/mallorca\/wp-json\/wp\/v2\/comments?post=29747"}],"version-history":[{"count":1,"href":"https:\/\/www.psib-psoe.org\/mallorca\/wp-json\/wp\/v2\/posts\/29747\/revisions"}],"predecessor-version":[{"id":29749,"href":"https:\/\/www.psib-psoe.org\/mallorca\/wp-json\/wp\/v2\/posts\/29747\/revisions\/29749"}],"wp:featuredmedia":[{"embeddable":true,"href":"https:\/\/www.psib-psoe.org\/mallorca\/wp-json\/wp\/v2\/media\/29748"}],"wp:attachment":[{"href":"https:\/\/www.psib-psoe.org\/mallorca\/wp-json\/wp\/v2\/media?parent=29747"}],"wp:term":[{"taxonomy":"category","embeddable":true,"href":"https:\/\/www.psib-psoe.org\/mallorca\/wp-json\/wp\/v2\/categories?post=29747"},{"taxonomy":"post_tag","embeddable":true,"href":"https:\/\/www.psib-psoe.org\/mallorca\/wp-json\/wp\/v2\/tags?post=29747"}],"curies":[{"name":"wp","href":"https:\/\/api.w.org\/{rel}","templated":true}]}}