{"id":29755,"date":"2025-05-02T13:41:41","date_gmt":"2025-05-02T11:41:41","guid":{"rendered":"https:\/\/www.psib-psoe.org\/mallorca\/?p=29755"},"modified":"2025-05-02T13:41:52","modified_gmt":"2025-05-02T11:41:52","slug":"els-socialistes-exigeixen-a-limas-que-mantingui-els-llocs-de-feina-dels-treballadors-des-refugi","status":"publish","type":"post","link":"https:\/\/www.psib-psoe.org\/mallorca\/els-socialistes-exigeixen-a-limas-que-mantingui-els-llocs-de-feina-dels-treballadors-des-refugi\/","title":{"rendered":"Els Socialistes exigeixen a l\u2019IMAS que mantingui els llocs de feina dels treballadors d\u2019es Refugi."},"content":{"rendered":"<div class=\"wpb-content-wrapper\">\n<figure class=\"wp-block-image size-full is-resized is-style-default\"><img loading=\"lazy\" decoding=\"async\" width=\"2560\" height=\"1920\" src=\"https:\/\/www.psib-psoe.org\/mallorca\/wp-content\/uploads\/IMG-20250502-WA0044-scaled.jpg\" alt=\"\" class=\"wp-image-29756\" style=\"width:793px;height:auto\" srcset=\"https:\/\/www.psib-psoe.org\/mallorca\/wp-content\/uploads\/IMG-20250502-WA0044-scaled.jpg 2560w, https:\/\/www.psib-psoe.org\/mallorca\/wp-content\/uploads\/IMG-20250502-WA0044-300x225.jpg 300w, https:\/\/www.psib-psoe.org\/mallorca\/wp-content\/uploads\/IMG-20250502-WA0044-1024x768.jpg 1024w, https:\/\/www.psib-psoe.org\/mallorca\/wp-content\/uploads\/IMG-20250502-WA0044-768x576.jpg 768w, https:\/\/www.psib-psoe.org\/mallorca\/wp-content\/uploads\/IMG-20250502-WA0044-1536x1152.jpg 1536w, https:\/\/www.psib-psoe.org\/mallorca\/wp-content\/uploads\/IMG-20250502-WA0044-2048x1536.jpg 2048w, https:\/\/www.psib-psoe.org\/mallorca\/wp-content\/uploads\/IMG-20250502-WA0044-150x113.jpg 150w, https:\/\/www.psib-psoe.org\/mallorca\/wp-content\/uploads\/IMG-20250502-WA0044-600x450.jpg 600w, https:\/\/www.psib-psoe.org\/mallorca\/wp-content\/uploads\/IMG-20250502-WA0044-900x675.jpg 900w, https:\/\/www.psib-psoe.org\/mallorca\/wp-content\/uploads\/IMG-20250502-WA0044-20x16.jpg 20w\" sizes=\"(max-width: 2560px) 100vw, 2560px\" \/><\/figure>\n\n\n[vc_row][vc_column][vc_column_text]\n<p><em><u><br \/>\nEls 17 treballadors del centre d\u2019acollida d\u2019es Refugi perdran avui el seu lloc de feina, per que l\u2019IMAS no els ha incl\u00f2s dins del proc\u00e9s de subrogaci\u00f3 del servei i de compra de l\u2019edifici d\u2019es Refugi que est\u00e0 negociant. Els consellers socialistes Javier de Juan I Sofia Alonso han exigit solucions immediates per a tots els treballadors, per a qu\u00e8 siguin internalitzats i continu\u00efn amb la seva tasca sota gesti\u00f3 de l\u2019IMAS. El Grup Socialista ha fet avui suport als treballadors afectats, i ha anunciat una iniciativa en aquest sentit al ple del Consell de dijous que ve. Cristina Mart\u00ed, coordinadora actual d\u2019es Refugi i afectada per l\u2019extinci\u00f3 laboral anunciada, ha adm\u00e8s que la qualitat de vida dels usuaris d\u2019es Refugi  a partir de dem\u00e0 ser\u00e0 pitjor per que tindran restringit l\u2019acc\u00e9s a l\u2019edifici.<br \/>\n<\/u><\/em><\/p>\n[\/vc_column_text][\/vc_column][\/vc_row]\n\n\n[vc_row][vc_column][vc_column_text]\n<p>El Grup Socialista ha exigit la continu\u00eftat dels 17 treballadors d\u2019es Refugi que, si no hi ha rectificaci\u00f3 per part de l\u2019IMAS, perdran avui el seu lloc de feina, per que no han quedat inclosos dins del proc\u00e9s de subrogaci\u00f3 del servei i de compra de l\u2019edificaci\u00f3 que est\u00e0 tramitant l\u2019IMAS amb l\u2019Associaci\u00f3 es Refugi. Els consellers socialistes Javier de Juan i Sofia Alonso han fet costat aquest mat\u00ed a les reivindicacions dels 17 treballadors, i han plantejat que puguin mantenir la seva feina a partir de dem\u00e0, quan l\u2019IMAS assumir\u00e0 la gesti\u00f3 d\u2019es Refugi amb personal propi de ca l\u2019Ardiaca. <\/p>\n<p>\u201cNo entenem el canvi de criteri de l\u2019IMAS, per que fa uns mesos si que va assumir tot el personal en el proc\u00e9s de compra de l\u2019edifici de les Germanetes dels Pobres, i en canvi aqu\u00ed a es Refugi no es vol fer\u201d, ha dit el portaveu adjunt Javier de Juan. El socialista s\u2019ha mostrat preocupat per la \u201cminva de servei que patiran els usuaris d\u2019es Refugi, que no podran accedir als seus efectes personals durant 11 hores al dia, i veuran com es condemnen \u00e0mplies zones de l\u2019actual edificaci\u00f3, per unificar serveis amb el recinte ve\u00ed de ca l\u2019Ardiaca. \u201c\u00e9s una clara p\u00e8rdua de drets i de qualitat de vida per als usuaris a partir de dem\u00e0\u201d, ha dit De Juan. <\/p>\n<p>\u201cDemanem al president de l\u2019IMAS que rectifiqui, i que mantingui els llocs de feina dels treballadors d\u2019es Refugi\u201d, ha apuntat Sofia Alonso, per qui l\u2019operaci\u00f3 de compra de l\u2019edifici amaga el risc de perdre places d\u2019inclusi\u00f3, per que les \u201cplaces que queden a es Refugi s\u2019aniran distribuint entre altres recursos del sistema\u201d. Alonso ha defensat la feina dels treballadors actuals d\u2019es Refugi, \u201cprofessionals amb experi\u00e8ncia que s\u00f3n referent dins del sector de la inclusi\u00f3 social, que haurien de ser internalitzats per un cost irrisori en comparaci\u00f3 amb els recursos que pot mobilitzar l\u2019IMAS\u201d. Alonso ha anunciat una iniciativa en el ple del Consell de Mallorca de dijous de la setmana que ve per defensar la feina dels professionals d\u2019es Refugi, i que siguin internalitzats per l\u2019IMAS. <\/p>\n<p>El Grup Socialista ha volgut palesar el seu comprom\u00eds amb la feina dels treballadors d\u2019es Refugi. L\u2019actual coordinadora del servei, Cristina Mart\u00ed, ha expressat la manca d\u2019informaci\u00f3 que tenen actualment sobre la seva situaci\u00f3 laboral, que hores d\u2019ara els situa expulsats dels seus llocs de feina amb data d\u2019avui. Mart\u00ed ha apuntat que els \u201cusuaris estan disconformes amb tota l\u2019operaci\u00f3 per que afectar\u00e0 en negatiu a la seva qualitat de vida, per que a partir de dem\u00e0, des de les vuit i mitja del mat\u00ed fins les set del vespre no podran tornar a entrar a la seva habitaci\u00f3, i no podran ni accedir a la seva roba per dutxar-se despr\u00e9s d\u2019un dia de feina\u201d.  <\/p>\n[\/vc_column_text][\/vc_column][\/vc_row]\n\n\n\n<figure class=\"wp-block-audio\"><audio controls src=\"https:\/\/www.psib-psoe.org\/mallorca\/wp-content\/uploads\/Audio-Javier-es-Refugi-020525-online-audio-converter.com_.mp3\"><\/audio><\/figure>\n\n\n<\/div>","protected":false},"excerpt":{"rendered":"[vc_row][vc_column][vc_column_text] Els 17 treballadors del centre d\u2019acollida d\u2019es Refugi perdran avui el seu lloc de feina, per que l\u2019IMAS no els ha incl\u00f2s dins del proc\u00e9s de subrogaci\u00f3 del servei i de compra de l\u2019edifici d\u2019es Refugi que est\u00e0 negociant. Els consellers socialistes Javier de Juan I Sofia Alonso han exigit solucions immediates per a&hellip;","protected":false},"author":3,"featured_media":29756,"comment_status":"closed","ping_status":"closed","sticky":false,"template":"","format":"standard","meta":{"footnotes":""},"categories":[89,2,1,92],"tags":[218,105,83,77,226,84,296],"class_list":["post-29755","post","type-post","status-publish","format-standard","has-post-thumbnail","hentry","category-consell-de-mallorca","category-federacio-de-mallorca","category-federacio-de-mallorca-portada","category-portada","tag-amanda-fernandez","tag-catalina-cladera","tag-consell-de-mallorca","tag-federacio-socialista-de-mallorca","tag-javier-de-juan","tag-psib-psoe","tag-sofia-alonso"],"_links":{"self":[{"href":"https:\/\/www.psib-psoe.org\/mallorca\/wp-json\/wp\/v2\/posts\/29755"}],"collection":[{"href":"https:\/\/www.psib-psoe.org\/mallorca\/wp-json\/wp\/v2\/posts"}],"about":[{"href":"https:\/\/www.psib-psoe.org\/mallorca\/wp-json\/wp\/v2\/types\/post"}],"author":[{"embeddable":true,"href":"https:\/\/www.psib-psoe.org\/mallorca\/wp-json\/wp\/v2\/users\/3"}],"replies":[{"embeddable":true,"href":"https:\/\/www.psib-psoe.org\/mallorca\/wp-json\/wp\/v2\/comments?post=29755"}],"version-history":[{"count":1,"href":"https:\/\/www.psib-psoe.org\/mallorca\/wp-json\/wp\/v2\/posts\/29755\/revisions"}],"predecessor-version":[{"id":29758,"href":"https:\/\/www.psib-psoe.org\/mallorca\/wp-json\/wp\/v2\/posts\/29755\/revisions\/29758"}],"wp:featuredmedia":[{"embeddable":true,"href":"https:\/\/www.psib-psoe.org\/mallorca\/wp-json\/wp\/v2\/media\/29756"}],"wp:attachment":[{"href":"https:\/\/www.psib-psoe.org\/mallorca\/wp-json\/wp\/v2\/media?parent=29755"}],"wp:term":[{"taxonomy":"category","embeddable":true,"href":"https:\/\/www.psib-psoe.org\/mallorca\/wp-json\/wp\/v2\/categories?post=29755"},{"taxonomy":"post_tag","embeddable":true,"href":"https:\/\/www.psib-psoe.org\/mallorca\/wp-json\/wp\/v2\/tags?post=29755"}],"curies":[{"name":"wp","href":"https:\/\/api.w.org\/{rel}","templated":true}]}}