{"id":29759,"date":"2025-05-03T08:45:53","date_gmt":"2025-05-03T06:45:53","guid":{"rendered":"https:\/\/www.psib-psoe.org\/mallorca\/?p=29759"},"modified":"2025-05-03T08:46:05","modified_gmt":"2025-05-03T06:46:05","slug":"els-socialistes-de-llucmajor-exigeixen-explicacions-a-la-batlessa-davant-una-nova-crisi-de-govern-entre-pp-vox-i-asi-viscuda-al-darrer-ple-municipal","status":"publish","type":"post","link":"https:\/\/www.psib-psoe.org\/mallorca\/els-socialistes-de-llucmajor-exigeixen-explicacions-a-la-batlessa-davant-una-nova-crisi-de-govern-entre-pp-vox-i-asi-viscuda-al-darrer-ple-municipal\/","title":{"rendered":"Els Socialistes de Llucmajor exigeixen explicacions a la batlessa davant una nova crisi de govern entre PP, VOX i ASI viscuda al darrer ple municipal"},"content":{"rendered":"<div class=\"wpb-content-wrapper\">\n<figure class=\"wp-block-image size-full is-resized is-style-default\"><img loading=\"lazy\" decoding=\"async\" width=\"1024\" height=\"1024\" src=\"https:\/\/www.psib-psoe.org\/mallorca\/wp-content\/uploads\/030525-Crisi-de-govern-Llucmajor-imatge-creada-amb-IA.jpeg\" alt=\"\" class=\"wp-image-29760\" style=\"width:793px;height:auto\" srcset=\"https:\/\/www.psib-psoe.org\/mallorca\/wp-content\/uploads\/030525-Crisi-de-govern-Llucmajor-imatge-creada-amb-IA.jpeg 1024w, https:\/\/www.psib-psoe.org\/mallorca\/wp-content\/uploads\/030525-Crisi-de-govern-Llucmajor-imatge-creada-amb-IA-300x300.jpeg 300w, https:\/\/www.psib-psoe.org\/mallorca\/wp-content\/uploads\/030525-Crisi-de-govern-Llucmajor-imatge-creada-amb-IA-150x150.jpeg 150w, https:\/\/www.psib-psoe.org\/mallorca\/wp-content\/uploads\/030525-Crisi-de-govern-Llucmajor-imatge-creada-amb-IA-768x768.jpeg 768w, https:\/\/www.psib-psoe.org\/mallorca\/wp-content\/uploads\/030525-Crisi-de-govern-Llucmajor-imatge-creada-amb-IA-600x600.jpeg 600w, https:\/\/www.psib-psoe.org\/mallorca\/wp-content\/uploads\/030525-Crisi-de-govern-Llucmajor-imatge-creada-amb-IA-900x900.jpeg 900w, https:\/\/www.psib-psoe.org\/mallorca\/wp-content\/uploads\/030525-Crisi-de-govern-Llucmajor-imatge-creada-amb-IA-20x20.jpeg 20w\" sizes=\"(max-width: 1024px) 100vw, 1024px\" \/><\/figure>\n\n\n[vc_row][vc_column][vc_column_text]\n<p><em><u><br \/>\nJaume J. Oliver: \u201cLa batlessa Xisca Lascolas ha d\u2019explicar al poble com pensa acabar la legislatura despr\u00e9s de la discussi\u00f3 entre dues regidores d\u2019ASI i VOX al darrer ple municipal\u201d<\/p>\n<p><\/u><\/em><\/p>\n[\/vc_column_text][\/vc_column][\/vc_row]\n\n\n[vc_row][vc_column][vc_column_text]\n<p>Els socialistes de Llucmajor han mostrat al seva preocupaci\u00f3 davant la discussi\u00f3 produ\u00efda entre les regidores Margarita Palmer (VOX) i Pilar Segu\u00ed (ASI) al darrer ple municipal durant el debat d\u2019una moci\u00f3 presentada per un partit de l\u2019oposici\u00f3 i on es van acusar p\u00fablicament de falta de transpar\u00e8ncia. Cal destacar que els partits que formen equip de govern a Llucmajor s\u00f3n PP, VOX i ASI.<\/p>\n<p>El portaveu dels socialistes de Llucmajor, Jaume J. Oliver, ha explicat que \u201chem viscut p\u00fablicament una nova mostra de crisi de govern a Llucmajor. Queda demostrat que entre els tres partits que governen no s\u2019entenen, Llucmajor no es mereix aix\u00f2\u201d.<\/p>\n<p>A m\u00e9s, Oliver ha afegit que \u201cla batlessa Xisca Lascolas ha d\u2019explicar al poble com pensa acabar la legislatura despr\u00e9s de la discussi\u00f3 entre dues regidores d\u2019ASI i VOX al darrer ple municipal\u201d.<\/p>\n<p>Oliver ha concl\u00f2s que \u201ces molt greu que dos partits que formen equip de govern s\u2019acusin p\u00fablicament de falta de transpar\u00e8ncia. Encara no han estat capa\u00e7os d\u2019aprovar els pressuposts municipals d\u2019enguany i ja comencem a entendre el perqu\u00e8. Dins el mateix equip de govern hi ha divisi\u00f3, \u00e9s clara i p\u00fablica. Ara li toca a la batlessa donar la cara davant la ciutadania i explicar en quina situaci\u00f3 est\u00e0 el pacte de govern i com pensa arribar el 2027\u201d. <\/p>\n[\/vc_column_text][\/vc_column][\/vc_row]\n<\/div>","protected":false},"excerpt":{"rendered":"[vc_row][vc_column][vc_column_text] Jaume J. Oliver: \u201cLa batlessa Xisca Lascolas ha d\u2019explicar al poble com pensa acabar la legislatura despr\u00e9s de la discussi\u00f3 entre dues regidores d\u2019ASI i VOX al darrer ple municipal\u201d [\/vc_column_text][\/vc_column][\/vc_row] [vc_row][vc_column][vc_column_text] Els socialistes de Llucmajor han mostrat al seva preocupaci\u00f3 davant la discussi\u00f3 produ\u00efda entre les regidores Margarita Palmer (VOX) i Pilar Segu\u00ed&hellip;","protected":false},"author":4,"featured_media":29760,"comment_status":"closed","ping_status":"closed","sticky":false,"template":"","format":"standard","meta":{"footnotes":""},"categories":[2,1,90,92],"tags":[218,77,497,234,98,84],"class_list":["post-29759","post","type-post","status-publish","format-standard","has-post-thumbnail","hentry","category-federacio-de-mallorca","category-federacio-de-mallorca-portada","category-municipis","category-portada","tag-amanda-fernandez","tag-federacio-socialista-de-mallorca","tag-jaume-j-oliver","tag-jaume-oliver","tag-llucmajor","tag-psib-psoe"],"_links":{"self":[{"href":"https:\/\/www.psib-psoe.org\/mallorca\/wp-json\/wp\/v2\/posts\/29759"}],"collection":[{"href":"https:\/\/www.psib-psoe.org\/mallorca\/wp-json\/wp\/v2\/posts"}],"about":[{"href":"https:\/\/www.psib-psoe.org\/mallorca\/wp-json\/wp\/v2\/types\/post"}],"author":[{"embeddable":true,"href":"https:\/\/www.psib-psoe.org\/mallorca\/wp-json\/wp\/v2\/users\/4"}],"replies":[{"embeddable":true,"href":"https:\/\/www.psib-psoe.org\/mallorca\/wp-json\/wp\/v2\/comments?post=29759"}],"version-history":[{"count":1,"href":"https:\/\/www.psib-psoe.org\/mallorca\/wp-json\/wp\/v2\/posts\/29759\/revisions"}],"predecessor-version":[{"id":29761,"href":"https:\/\/www.psib-psoe.org\/mallorca\/wp-json\/wp\/v2\/posts\/29759\/revisions\/29761"}],"wp:featuredmedia":[{"embeddable":true,"href":"https:\/\/www.psib-psoe.org\/mallorca\/wp-json\/wp\/v2\/media\/29760"}],"wp:attachment":[{"href":"https:\/\/www.psib-psoe.org\/mallorca\/wp-json\/wp\/v2\/media?parent=29759"}],"wp:term":[{"taxonomy":"category","embeddable":true,"href":"https:\/\/www.psib-psoe.org\/mallorca\/wp-json\/wp\/v2\/categories?post=29759"},{"taxonomy":"post_tag","embeddable":true,"href":"https:\/\/www.psib-psoe.org\/mallorca\/wp-json\/wp\/v2\/tags?post=29759"}],"curies":[{"name":"wp","href":"https:\/\/api.w.org\/{rel}","templated":true}]}}