{"id":29772,"date":"2025-05-08T18:40:46","date_gmt":"2025-05-08T16:40:46","guid":{"rendered":"https:\/\/www.psib-psoe.org\/mallorca\/?p=29772"},"modified":"2025-05-08T18:40:57","modified_gmt":"2025-05-08T16:40:57","slug":"les-treballadores-tecniques-en-cures-auxiliars-dinfermeria-milloraran-les-seves-condicions-laborals-a-mallorca-despres-de-laprovacio-duna-mocio-del-grup-socialista-al-ple-d","status":"publish","type":"post","link":"https:\/\/www.psib-psoe.org\/mallorca\/les-treballadores-tecniques-en-cures-auxiliars-dinfermeria-milloraran-les-seves-condicions-laborals-a-mallorca-despres-de-laprovacio-duna-mocio-del-grup-socialista-al-ple-d\/","title":{"rendered":"Les treballadores T\u00e8cniques en Cures Auxiliars d\u2019Infermeria milloraran les seves condicions laborals a Mallorca, despr\u00e9s de l\u2019aprovaci\u00f3 d\u2019una moci\u00f3 del Grup Socialista al ple del Consell."},"content":{"rendered":"<div class=\"wpb-content-wrapper\">\n<figure class=\"wp-block-image size-large\"><img loading=\"lazy\" decoding=\"async\" width=\"1024\" height=\"768\" src=\"https:\/\/www.psib-psoe.org\/mallorca\/wp-content\/uploads\/Ple-TCAI-3-1024x768.jpg\" alt=\"\" class=\"wp-image-29773\" srcset=\"https:\/\/www.psib-psoe.org\/mallorca\/wp-content\/uploads\/Ple-TCAI-3-1024x768.jpg 1024w, https:\/\/www.psib-psoe.org\/mallorca\/wp-content\/uploads\/Ple-TCAI-3-300x225.jpg 300w, https:\/\/www.psib-psoe.org\/mallorca\/wp-content\/uploads\/Ple-TCAI-3-768x576.jpg 768w, https:\/\/www.psib-psoe.org\/mallorca\/wp-content\/uploads\/Ple-TCAI-3-1536x1152.jpg 1536w, https:\/\/www.psib-psoe.org\/mallorca\/wp-content\/uploads\/Ple-TCAI-3-2048x1536.jpg 2048w, https:\/\/www.psib-psoe.org\/mallorca\/wp-content\/uploads\/Ple-TCAI-3-150x113.jpg 150w, https:\/\/www.psib-psoe.org\/mallorca\/wp-content\/uploads\/Ple-TCAI-3-600x450.jpg 600w, https:\/\/www.psib-psoe.org\/mallorca\/wp-content\/uploads\/Ple-TCAI-3-900x675.jpg 900w, https:\/\/www.psib-psoe.org\/mallorca\/wp-content\/uploads\/Ple-TCAI-3-20x16.jpg 20w\" sizes=\"(max-width: 1024px) 100vw, 1024px\" \/><\/figure>\n\n\n<p>El ple del Consell de Mallorca ha aprovat per unanimitat una moci\u00f3 del Grup Socialista, que ha defensat Sofia Alonso, que suposar\u00e0 l\u2019aplicaci\u00f3 de millores laborals per al personal T\u00e8cnic en Cures Auxiliars d\u2019Infermeria que treballen a l\u2019IMAS, per recon\u00e8ixer les funcions i responsabilitats que assumeixen i per millorar la seva classificaci\u00f3 laboral en funci\u00f3 de la import\u00e0ncia de la tasca que desenvolupen dins de l\u2019\u00e0mbit de l\u2019atenci\u00f3 a la depend\u00e8ncia. <\/p>\n\n\n[vc_row][vc_column][vc_column_text]\n<p>Una moci\u00f3 del Grup Socialista, aprovada avui en el ple del Consell, incidir\u00e0 en la millora de la qualificaci\u00f3 professional de les T\u00e8cniques en Cures Auxiliars d\u2019Infermeria (TCAI) i de les seves condicions laborals. La moci\u00f3, defensada per la consellera socialista Sofia Alonso, remarca la \u201cimport\u00e0ncia de la feina d\u2019un personal especialitzat en el tracte a persones en situaci\u00f3 de depend\u00e8ncia, tant en l\u2019\u00e0mbit sanitari com en el domiciliari\u201d, que compatibilitzen les cures f\u00edsiques amb l\u2019acompanyament personalitzat i el suport emocional a les persones que atenen\u201d. <\/p>\n<p>La creixent import\u00e0ncia de l\u2019atenci\u00f3 a la depend\u00e8ncia ha posat en valor la feina de les TCAI, al mateix temps que ha demandat una millor delimitaci\u00f3 de la formaci\u00f3 professional, l\u2019increment dels recursos humans que les administracions competents en serveis socials els dediquen. \u201cLes situacions que aborden les TCAI provoquen una gran c\u00e0rrega f\u00edsica i emocional per al personal d\u2019atenci\u00f3 directa, especialment per les TCAI, que han d\u2019afrontar situacions cada vegada m\u00e9s complexes, sovint amb recursos insuficients\u201d ha dit Alonso, per justificar que aquestes professionals puguin ser promogudes dins del grup C1, d\u2019acord en la seva formaci\u00f3 i compet\u00e8ncia reals. <\/p>\n<p>La moci\u00f3 aprovada per unanimitat de tot el ple, tamb\u00e9 insta fer una diagnosi actualitzada de la situaci\u00f3 laboral del personal d\u2019atenci\u00f3 directa en centres i serveis insulars, i a desenvolupar un pla espec\u00edfic per a la millora de les condicions laborals i econ\u00f2miques, amb especial atenci\u00f3 al col\u00b7lectiu TCAI. A banda, tamb\u00e9 es preveu la inclusi\u00f3 del complement de pen\u00faria per al personal d\u2019atenci\u00f3 directa, en particular per a les TCAI, com a reconeixement a la complexitat i exig\u00e8ncia de la seva tasca, seguint el model aplicat a altres col\u00b7lectius de l\u2019IMAS.<br \/>\nEl punt de l\u2019ordre del dia relatiu a aquesta moci\u00f3 ha comptat amb la pres\u00e8ncia de nombroses TCAI de l\u2019IMAS del Consell de Mallorca. <\/p>\n[\/vc_column_text][\/vc_column][\/vc_row]\n\n\n\n<p><\/p>\n<\/div>","protected":false},"excerpt":{"rendered":"El ple del Consell de Mallorca ha aprovat per unanimitat una moci\u00f3 del Grup Socialista, que ha defensat Sofia Alonso, que suposar\u00e0 l\u2019aplicaci\u00f3 de millores laborals per al personal T\u00e8cnic en Cures Auxiliars d\u2019Infermeria que treballen a l\u2019IMAS, per recon\u00e8ixer les funcions i responsabilitats que assumeixen i per millorar la seva classificaci\u00f3 laboral en funci\u00f3&hellip;","protected":false},"author":3,"featured_media":29773,"comment_status":"closed","ping_status":"closed","sticky":false,"template":"","format":"standard","meta":{"footnotes":""},"categories":[89,2,1,92],"tags":[218,343,447,105,83,77,226,483,504,532,296],"class_list":["post-29772","post","type-post","status-publish","format-standard","has-post-thumbnail","hentry","category-consell-de-mallorca","category-federacio-de-mallorca","category-federacio-de-mallorca-portada","category-portada","tag-amanda-fernandez","tag-andreu-serra","tag-bea-gamundi","tag-catalina-cladera","tag-consell-de-mallorca","tag-federacio-socialista-de-mallorca","tag-javier-de-juan","tag-joan-ferrer","tag-juana-m-adrover","tag-maria-antonia-truyols","tag-sofia-alonso"],"_links":{"self":[{"href":"https:\/\/www.psib-psoe.org\/mallorca\/wp-json\/wp\/v2\/posts\/29772"}],"collection":[{"href":"https:\/\/www.psib-psoe.org\/mallorca\/wp-json\/wp\/v2\/posts"}],"about":[{"href":"https:\/\/www.psib-psoe.org\/mallorca\/wp-json\/wp\/v2\/types\/post"}],"author":[{"embeddable":true,"href":"https:\/\/www.psib-psoe.org\/mallorca\/wp-json\/wp\/v2\/users\/3"}],"replies":[{"embeddable":true,"href":"https:\/\/www.psib-psoe.org\/mallorca\/wp-json\/wp\/v2\/comments?post=29772"}],"version-history":[{"count":1,"href":"https:\/\/www.psib-psoe.org\/mallorca\/wp-json\/wp\/v2\/posts\/29772\/revisions"}],"predecessor-version":[{"id":29774,"href":"https:\/\/www.psib-psoe.org\/mallorca\/wp-json\/wp\/v2\/posts\/29772\/revisions\/29774"}],"wp:featuredmedia":[{"embeddable":true,"href":"https:\/\/www.psib-psoe.org\/mallorca\/wp-json\/wp\/v2\/media\/29773"}],"wp:attachment":[{"href":"https:\/\/www.psib-psoe.org\/mallorca\/wp-json\/wp\/v2\/media?parent=29772"}],"wp:term":[{"taxonomy":"category","embeddable":true,"href":"https:\/\/www.psib-psoe.org\/mallorca\/wp-json\/wp\/v2\/categories?post=29772"},{"taxonomy":"post_tag","embeddable":true,"href":"https:\/\/www.psib-psoe.org\/mallorca\/wp-json\/wp\/v2\/tags?post=29772"}],"curies":[{"name":"wp","href":"https:\/\/api.w.org\/{rel}","templated":true}]}}