{"id":29776,"date":"2025-05-13T08:17:47","date_gmt":"2025-05-13T06:17:47","guid":{"rendered":"https:\/\/www.psib-psoe.org\/mallorca\/?p=29776"},"modified":"2025-05-13T08:17:59","modified_gmt":"2025-05-13T06:17:59","slug":"la-batlessa-dalcudia-engana-loposicio-i-no-mostra-les-alternatives-pel-tracat-del-cable-electric-que-ja-te-enllestides","status":"publish","type":"post","link":"https:\/\/www.psib-psoe.org\/mallorca\/la-batlessa-dalcudia-engana-loposicio-i-no-mostra-les-alternatives-pel-tracat-del-cable-electric-que-ja-te-enllestides\/","title":{"rendered":"La batlessa d\u2019Alc\u00fadia engana l\u2019oposici\u00f3 i no mostra les alternatives pel tra\u00e7at del cable el\u00e8ctric que ja te enllestides."},"content":{"rendered":"<div class=\"wpb-content-wrapper\">\n<figure class=\"wp-block-image size-large\"><img loading=\"lazy\" decoding=\"async\" width=\"1024\" height=\"768\" src=\"https:\/\/www.psib-psoe.org\/mallorca\/wp-content\/uploads\/Foto-Alcudia-1024x768.jpg\" alt=\"\" class=\"wp-image-29165\" srcset=\"https:\/\/www.psib-psoe.org\/mallorca\/wp-content\/uploads\/Foto-Alcudia-1024x768.jpg 1024w, https:\/\/www.psib-psoe.org\/mallorca\/wp-content\/uploads\/Foto-Alcudia-300x225.jpg 300w, https:\/\/www.psib-psoe.org\/mallorca\/wp-content\/uploads\/Foto-Alcudia-768x576.jpg 768w, https:\/\/www.psib-psoe.org\/mallorca\/wp-content\/uploads\/Foto-Alcudia-1536x1152.jpg 1536w, https:\/\/www.psib-psoe.org\/mallorca\/wp-content\/uploads\/Foto-Alcudia-150x113.jpg 150w, https:\/\/www.psib-psoe.org\/mallorca\/wp-content\/uploads\/Foto-Alcudia-600x450.jpg 600w, https:\/\/www.psib-psoe.org\/mallorca\/wp-content\/uploads\/Foto-Alcudia-900x675.jpg 900w, https:\/\/www.psib-psoe.org\/mallorca\/wp-content\/uploads\/Foto-Alcudia-20x16.jpg 20w, https:\/\/www.psib-psoe.org\/mallorca\/wp-content\/uploads\/Foto-Alcudia.jpg 2048w\" sizes=\"(max-width: 1024px) 100vw, 1024px\" \/><\/figure>\n\n\n<p>El Grup Municipal Socialista a Alc\u00fadia titlla de \u201cmentidera\u201d Fina Linares, per haver amagat els projectes de tra\u00e7at que l\u2019Ajuntament ha enllestit, malgrat les repetides demandes per mostrar-lo. \u201cHem demanat veure els projectes en els darrers plenaris, la setmana passada per darrer pic, i la batlessa nom\u00e9s va dir que s\u2019estaven mirant canvis en el tra\u00e7at, i que ens el faria arribar quan tingu\u00e9s les propostes\u201d, ha dit la portaveu socialista B\u00e0rbara Rebassa. Just unes hores despr\u00e9s l\u2019Ajuntament ha sotm\u00e8s a consulta els dos projectes enllestits als ve\u00efnats, ocultant la iniciativa i els projectes a l\u2019oposici\u00f3. <\/p>\n\n\n[vc_row][vc_column][vc_column_text]\n<p>\u201cQuan dijous passat Fina Linares es va negar a mostrar-nos les alternatives al projecte de tra\u00e7at del cable el\u00e8ctric pel terme d\u2019Alc\u00fadia, ja sabia que hores despr\u00e9s el presentaria als ve\u00efnats per fer una enquesta; la batlessa ens va enganar de nou a tota l\u2019oposici\u00f3, \u00e9s intolerable\u201d, ha afirmat la portaveu del Grup Municipal Socialista, B\u00e0rbara Rebassa. <\/p>\n<p>Els Socialistes d\u2019Alc\u00fadia han demanat infructuosament con\u00e8ixer la feina que ha fet l\u2019Ajuntament per a solucionar la controv\u00e8rsia del tra\u00e7at del cable de connexi\u00f3 el\u00e8ctrica entre Menorca i Mallorca, i sempre han obtingut la mateixa resposta negativa: \u201cho hem demanat durant els darrers mesos, i sempre ens ha dit que s\u2019estava mirant i estudiant si eren possibles els canvis\u201d. Per\u00f2 aquest cap de setmana l\u2019Ajuntament ha enviat els projectes a la plataforma i s\u2019hi ha pogut pronunciar al respecte. \u201c\u00d2bviament no estem en contra de que els membres de la plataforma coneguin els projectes, per\u00f2 no podem acceptar que Linares ens els hagi amagat, i ens hagi mentit dient que no hi havia cap novetat quan la els tenia enllestits\u201d. <\/p>\n<p>Rebassa acusa Linares d\u2019enganar l\u2019oposici\u00f3, \u201cals grups municipals no se\u2019ls ha donat cap informaci\u00f3, \u00e9s un insult a la nostra feina i la confirmaci\u00f3 que l\u2019equip de govern ens oculta informaci\u00f3 deliberadament\u201d. Dijous passat a ple la batlessa va dir textualment que \u201cla comissi\u00f3 (redactora) avan\u00e7a per\u00f2 no hi ha res de res\u201d, i encara va afegir que havia sol\u00b7licitat a la mesa de feina la informaci\u00f3 sobre els dos tra\u00e7ats, \u201cquan la tingui vos la far\u00e9 arribar\u201d. <\/p>\n<p>Despr\u00e9s de dos anys de legislatura PPVox a Alc\u00fadia, aquesta manca de transpar\u00e8ncia no \u00e9s m\u00e9s que la demostraci\u00f3 d\u2019una gesti\u00f3 nefasta i inefica\u00e7, plena d\u2019errades i inacci\u00f3, quan \u201cencara ens han d\u2019aclarir les circumst\u00e0ncies reals de la destituci\u00f3 del regidor de Turisme, i els acords sota ma amb alguna de les faccions dels ultres de Vox, que els permeten aguantar la cadira a la batlessa\u201d, ha afirmat amb contund\u00e8ncia Rebassa. <\/p>\n[\/vc_column_text][\/vc_column][\/vc_row]\n\n\n\n<p><\/p>\n\n\n\n<figure class=\"wp-block-audio\"><audio controls src=\"https:\/\/www.psib-psoe.org\/mallorca\/wp-content\/uploads\/Barbara-Alcudia-online-audio-converter.com_.mp3\"><\/audio><\/figure>\n<\/div>","protected":false},"excerpt":{"rendered":"El Grup Municipal Socialista a Alc\u00fadia titlla de \u201cmentidera\u201d Fina Linares, per haver amagat els projectes de tra\u00e7at que l\u2019Ajuntament ha enllestit, malgrat les repetides demandes per mostrar-lo. \u201cHem demanat veure els projectes en els darrers plenaris, la setmana passada per darrer pic, i la batlessa nom\u00e9s va dir que s\u2019estaven mirant canvis en el&hellip;","protected":false},"author":3,"featured_media":29165,"comment_status":"closed","ping_status":"closed","sticky":false,"template":"","format":"standard","meta":{"footnotes":""},"categories":[2,1,90,92],"tags":[427,218,349,105,77,304],"class_list":["post-29776","post","type-post","status-publish","format-standard","has-post-thumbnail","hentry","category-federacio-de-mallorca","category-federacio-de-mallorca-portada","category-municipis","category-portada","tag-agrupacio-socialista-dalgaida","tag-amanda-fernandez","tag-barbara-rebassa","tag-catalina-cladera","tag-federacio-socialista-de-mallorca","tag-joan-gaspar-vallori"],"_links":{"self":[{"href":"https:\/\/www.psib-psoe.org\/mallorca\/wp-json\/wp\/v2\/posts\/29776"}],"collection":[{"href":"https:\/\/www.psib-psoe.org\/mallorca\/wp-json\/wp\/v2\/posts"}],"about":[{"href":"https:\/\/www.psib-psoe.org\/mallorca\/wp-json\/wp\/v2\/types\/post"}],"author":[{"embeddable":true,"href":"https:\/\/www.psib-psoe.org\/mallorca\/wp-json\/wp\/v2\/users\/3"}],"replies":[{"embeddable":true,"href":"https:\/\/www.psib-psoe.org\/mallorca\/wp-json\/wp\/v2\/comments?post=29776"}],"version-history":[{"count":1,"href":"https:\/\/www.psib-psoe.org\/mallorca\/wp-json\/wp\/v2\/posts\/29776\/revisions"}],"predecessor-version":[{"id":29778,"href":"https:\/\/www.psib-psoe.org\/mallorca\/wp-json\/wp\/v2\/posts\/29776\/revisions\/29778"}],"wp:featuredmedia":[{"embeddable":true,"href":"https:\/\/www.psib-psoe.org\/mallorca\/wp-json\/wp\/v2\/media\/29165"}],"wp:attachment":[{"href":"https:\/\/www.psib-psoe.org\/mallorca\/wp-json\/wp\/v2\/media?parent=29776"}],"wp:term":[{"taxonomy":"category","embeddable":true,"href":"https:\/\/www.psib-psoe.org\/mallorca\/wp-json\/wp\/v2\/categories?post=29776"},{"taxonomy":"post_tag","embeddable":true,"href":"https:\/\/www.psib-psoe.org\/mallorca\/wp-json\/wp\/v2\/tags?post=29776"}],"curies":[{"name":"wp","href":"https:\/\/api.w.org\/{rel}","templated":true}]}}