{"id":29779,"date":"2025-05-13T16:08:02","date_gmt":"2025-05-13T14:08:02","guid":{"rendered":"https:\/\/www.psib-psoe.org\/mallorca\/?p=29779"},"modified":"2025-05-13T16:08:14","modified_gmt":"2025-05-13T14:08:14","slug":"la-mala-gestio-economica-de-lequip-de-govern-pp-mes-de-capdepera-obliga-a-lajuntament-a-fer-retallades-als-serveis-publics-i-pujades-dimposts-per-lincompliment-de-l","status":"publish","type":"post","link":"https:\/\/www.psib-psoe.org\/mallorca\/la-mala-gestio-economica-de-lequip-de-govern-pp-mes-de-capdepera-obliga-a-lajuntament-a-fer-retallades-als-serveis-publics-i-pujades-dimposts-per-lincompliment-de-l\/","title":{"rendered":"La mala gesti\u00f3 econ\u00f2mica de l\u2019equip de Govern PP-MES de Capdepera obliga a l\u2019Ajuntament a fer retallades als serveis p\u00fablics i pujades d\u2019imposts per l\u2019incompliment de les regles fiscals de la Llei d\u2019Estabilitat Pressupost\u00e0ria."},"content":{"rendered":"<div class=\"wpb-content-wrapper\">\n<figure class=\"wp-block-image size-full is-resized is-style-default\"><img loading=\"lazy\" decoding=\"async\" width=\"1080\" height=\"810\" src=\"https:\/\/www.psib-psoe.org\/mallorca\/wp-content\/uploads\/Plenaria-Capdepera.jpg\" alt=\"\" class=\"wp-image-29780\" style=\"width:788px;height:auto\" srcset=\"https:\/\/www.psib-psoe.org\/mallorca\/wp-content\/uploads\/Plenaria-Capdepera.jpg 1080w, https:\/\/www.psib-psoe.org\/mallorca\/wp-content\/uploads\/Plenaria-Capdepera-300x225.jpg 300w, https:\/\/www.psib-psoe.org\/mallorca\/wp-content\/uploads\/Plenaria-Capdepera-1024x768.jpg 1024w, https:\/\/www.psib-psoe.org\/mallorca\/wp-content\/uploads\/Plenaria-Capdepera-768x576.jpg 768w, https:\/\/www.psib-psoe.org\/mallorca\/wp-content\/uploads\/Plenaria-Capdepera-150x113.jpg 150w, https:\/\/www.psib-psoe.org\/mallorca\/wp-content\/uploads\/Plenaria-Capdepera-600x450.jpg 600w, https:\/\/www.psib-psoe.org\/mallorca\/wp-content\/uploads\/Plenaria-Capdepera-900x675.jpg 900w, https:\/\/www.psib-psoe.org\/mallorca\/wp-content\/uploads\/Plenaria-Capdepera-20x16.jpg 20w\" sizes=\"(max-width: 1080px) 100vw, 1080px\" \/><\/figure>\n\n\n[vc_row][vc_column][vc_column_text]\n<p><em><u>El Grup Municipal Socialista a Capdepera denuncia el desastre de gesti\u00f3 econ\u00f2mica de la batlessa Mireia Ferrer, que posa en risc l\u2019Ajuntament, i que obliga al seguiment estricte d\u2019un Pla Econ\u00f2mic Financer que suposar\u00e0 l\u2019eliminaci\u00f3 d\u2019inversions i retallar serveis per a reconduir la ca\u00f2tica situaci\u00f3 financera que ha fet aflorar un informe de la mateixa Intervenci\u00f3 municipal. L\u2019origen de l\u2019incompliment es basa en haver destinat prop de 2,4 milions del romanent de tresoreria de Capdepera a pagar despesa corrent, fet totalment il\u00b7legal.<br \/>\n   <\/u><\/em><\/p>\n[\/vc_column_text][\/vc_column][\/vc_row]\n\n\n[vc_row][vc_column][vc_column_text]\n<p>L\u2019Ajuntament de Capdepera (PP-MES) est\u00e0 obligat a congelar partides pressupost\u00e0ries d\u2019inversi\u00f3, retallar serveis previstos en el pressupost i a augmentar els impostos en 2025 i 2026 per causa de l\u2019incompliment de les regles fiscals de les Entitats Locals. Aix\u00ed ho detalla el Pla Econ\u00f2mic Financer que ha hagut de redactar la Intervenci\u00f3 Municipal, davant de l\u2019incompliment flagrant de la Llei d\u2019Estabilitat Pressupost\u00e0ria i Sostenibilitat Financera. L\u2019origen de l\u2019incompliment rau en la utilitzaci\u00f3 discrecional de partides de fins a 2,4 milions d\u2019euros dels romanents de tresoreria de tots els gabellins per a pagar despesa corrent que hauria de ser satisfeta amb c\u00e0rrec al pressupost ordinari. <\/p>\n<p>Davant de l\u2019incompliment de les regles fiscals per part d\u2019un ajuntament, la passa obligada que ja marca el mateix Pla Econ\u00f2mic Financer \u00e9s la retenci\u00f3 de cr\u00e8dits del pressupost i l\u2019increment d\u2019ingressos, amb l\u2019objectiu d\u2019equilibrar els comptes municipals en un termini de dos anys. Aix\u00f2 suposar\u00e0, de fet, la retallada de serveis p\u00fablics als gabellins, i la m\u00e9s que probable al\u00e7a dels tributs municipals. El risc d\u2019incomplir aquest pla de reequilibri pressupostari suposa en primer terme cedir la gesti\u00f3 de l\u2019Ajuntament, i finalment la dissoluci\u00f3 del consistori, segons dicta la mateixa Llei. <\/p>\n<p>El Grup Socialista a l\u2019Ajuntament de Capderea qualifica \u201cd\u2019un aut\u00e8ntic frac\u00e0s de gesti\u00f3 econ\u00f2mica de l\u2019equip de la batlessa del PP, Mireia Ferrer, i li exigeix \u201cllum i taqu\u00edgrafs\u201d per a qu\u00e8 la gesti\u00f3 sigui responsable. \u201cL\u2019equip de Govern compromet el futur de Capdepera amb aquesta gesti\u00f3 irresponsable del romanent de tresoreria, que s\u2019ha fet sense planificar, d\u2019esquena a l\u2019oposici\u00f3 i sense valorar adequadament les conseq\u00fc\u00e8ncies que tindr\u00e0 pel municipi\u201d. <\/p>\n<p>Els Socialistes remarquen que \u201cl\u2019Ajuntament hauria de destinar els estalvis dels gabellins a fer \u201cinversions estrat\u00e8giques i sostenibles\u201d. En canvi, Ferrer i el seu equip han dedicit finan\u00e7ar una s\u00e8rie d\u2019actuacions puntuals no priorit\u00e0ries, posant en risc l\u2019autonomia del municipi, sense capacitat estrat\u00e8gica d\u2019abordar els problemes reals dels gabellins durant els pr\u00f2xims anys per les retallades que s\u2019hauran d\u2019aplicar per la irresponsabilitat de Ferrer i els seus socis. <\/p>\n<p>Davant d\u2019aquest desgavell de gesti\u00f3 de l\u2019equip de govern, els Socialistes de Capdepera reclamen una compareixen\u00e7a p\u00fablica de Ferrer, a on expliqui clarament a tots els ve\u00efnats i a l\u2019oposici\u00f3 quin \u00e9s el cam\u00ed que ha de seguir l\u2019Ajuntament per al compliment d\u2019aquest Pla Econ\u00f2mic Financer, les mesures a prendre i les conseq\u00fc\u00e8ncies. \u201cFerrer ha d\u2019afrontar la realitat que el seu desastre de gesti\u00f3 ha causat, per que n\u2019\u00e9s la gran responsable\u201d Les decisions que afecten de manera tant clara a l\u2019estabilitat de l\u2019Ajuntament no es poden prendre de manera unilateral com ha fet Ferrer.  <\/p>\n<p>Els Socialistes de Capdepera temen que, com a resultat d\u2019aquesta decisi\u00f3 Capdepera afronti, al manco, dos anys amb greus limitacions pressupost\u00e0ries, en els que les \u00faniques sortides possibles seran la reducci\u00f3 d\u2019inversions en serveis p\u00fablics, l\u2019eliminaci\u00f3 d\u2019obres necess\u00e0ries i l\u2019increment d\u2019imposts municipals, amb els quals els ve\u00efns pagaran la irresponsabilitat de PP-MES. \u201cCapdepera mereix una gesti\u00f3 de futur, amb visi\u00f3 i que prioritzi el benestar col\u00b7lectiu per damunt d\u2019interessos partidistes de curta volada\u201d.<\/p>\n[\/vc_column_text][\/vc_column][\/vc_row]\n\n\n\n<p><\/p>\n<\/div>","protected":false},"excerpt":{"rendered":"[vc_row][vc_column][vc_column_text] El Grup Municipal Socialista a Capdepera denuncia el desastre de gesti\u00f3 econ\u00f2mica de la batlessa Mireia Ferrer, que posa en risc l\u2019Ajuntament, i que obliga al seguiment estricte d\u2019un Pla Econ\u00f2mic Financer que suposar\u00e0 l\u2019eliminaci\u00f3 d\u2019inversions i retallar serveis per a reconduir la ca\u00f2tica situaci\u00f3 financera que ha fet aflorar un informe de la&hellip;","protected":false},"author":3,"featured_media":29780,"comment_status":"closed","ping_status":"closed","sticky":false,"template":"","format":"standard","meta":{"footnotes":""},"categories":[2,1,90,92],"tags":[435,218,362,105,77],"class_list":["post-29779","post","type-post","status-publish","format-standard","has-post-thumbnail","hentry","category-federacio-de-mallorca","category-federacio-de-mallorca-portada","category-municipis","category-portada","tag-agrupacio-socialista-de-capdepera","tag-amanda-fernandez","tag-ares-fernandez","tag-catalina-cladera","tag-federacio-socialista-de-mallorca"],"_links":{"self":[{"href":"https:\/\/www.psib-psoe.org\/mallorca\/wp-json\/wp\/v2\/posts\/29779"}],"collection":[{"href":"https:\/\/www.psib-psoe.org\/mallorca\/wp-json\/wp\/v2\/posts"}],"about":[{"href":"https:\/\/www.psib-psoe.org\/mallorca\/wp-json\/wp\/v2\/types\/post"}],"author":[{"embeddable":true,"href":"https:\/\/www.psib-psoe.org\/mallorca\/wp-json\/wp\/v2\/users\/3"}],"replies":[{"embeddable":true,"href":"https:\/\/www.psib-psoe.org\/mallorca\/wp-json\/wp\/v2\/comments?post=29779"}],"version-history":[{"count":1,"href":"https:\/\/www.psib-psoe.org\/mallorca\/wp-json\/wp\/v2\/posts\/29779\/revisions"}],"predecessor-version":[{"id":29781,"href":"https:\/\/www.psib-psoe.org\/mallorca\/wp-json\/wp\/v2\/posts\/29779\/revisions\/29781"}],"wp:featuredmedia":[{"embeddable":true,"href":"https:\/\/www.psib-psoe.org\/mallorca\/wp-json\/wp\/v2\/media\/29780"}],"wp:attachment":[{"href":"https:\/\/www.psib-psoe.org\/mallorca\/wp-json\/wp\/v2\/media?parent=29779"}],"wp:term":[{"taxonomy":"category","embeddable":true,"href":"https:\/\/www.psib-psoe.org\/mallorca\/wp-json\/wp\/v2\/categories?post=29779"},{"taxonomy":"post_tag","embeddable":true,"href":"https:\/\/www.psib-psoe.org\/mallorca\/wp-json\/wp\/v2\/tags?post=29779"}],"curies":[{"name":"wp","href":"https:\/\/api.w.org\/{rel}","templated":true}]}}