{"id":29784,"date":"2025-05-14T15:40:52","date_gmt":"2025-05-14T13:40:52","guid":{"rendered":"https:\/\/www.psib-psoe.org\/mallorca\/?p=29784"},"modified":"2025-05-14T15:41:04","modified_gmt":"2025-05-14T13:41:04","slug":"el-psib-psoe-de-manacor-sincorpora-a-lequip-de-govern-de-lajuntament","status":"publish","type":"post","link":"https:\/\/www.psib-psoe.org\/mallorca\/el-psib-psoe-de-manacor-sincorpora-a-lequip-de-govern-de-lajuntament\/","title":{"rendered":"El PSIB-PSOE de Manacor s\u2019incorpora a l\u2019equip de govern de l\u2019Ajuntament."},"content":{"rendered":"<div class=\"wpb-content-wrapper\">\n<figure class=\"wp-block-image size-full is-resized is-style-default\"><img loading=\"lazy\" decoding=\"async\" width=\"2560\" height=\"1920\" src=\"https:\/\/www.psib-psoe.org\/mallorca\/wp-content\/uploads\/Acord-Manacor-140525-scaled.jpg\" alt=\"\" class=\"wp-image-29785\" style=\"width:788px;height:auto\" srcset=\"https:\/\/www.psib-psoe.org\/mallorca\/wp-content\/uploads\/Acord-Manacor-140525-scaled.jpg 2560w, https:\/\/www.psib-psoe.org\/mallorca\/wp-content\/uploads\/Acord-Manacor-140525-300x225.jpg 300w, https:\/\/www.psib-psoe.org\/mallorca\/wp-content\/uploads\/Acord-Manacor-140525-1024x768.jpg 1024w, https:\/\/www.psib-psoe.org\/mallorca\/wp-content\/uploads\/Acord-Manacor-140525-768x576.jpg 768w, https:\/\/www.psib-psoe.org\/mallorca\/wp-content\/uploads\/Acord-Manacor-140525-1536x1152.jpg 1536w, https:\/\/www.psib-psoe.org\/mallorca\/wp-content\/uploads\/Acord-Manacor-140525-2048x1536.jpg 2048w, https:\/\/www.psib-psoe.org\/mallorca\/wp-content\/uploads\/Acord-Manacor-140525-150x113.jpg 150w, https:\/\/www.psib-psoe.org\/mallorca\/wp-content\/uploads\/Acord-Manacor-140525-600x450.jpg 600w, https:\/\/www.psib-psoe.org\/mallorca\/wp-content\/uploads\/Acord-Manacor-140525-900x675.jpg 900w, https:\/\/www.psib-psoe.org\/mallorca\/wp-content\/uploads\/Acord-Manacor-140525-20x16.jpg 20w\" sizes=\"(max-width: 2560px) 100vw, 2560px\" \/><\/figure>\n\n\n[vc_row][vc_column][vc_column_text]\n<p><em><u>El Grup Municipal Socialista a Manacor passa des d\u2019avui a formar part de l\u2019equip de govern de l\u2019Ajuntament de la localitat. La portaveu socialista, N\u00faria Hinojosa passar\u00e0 a ser primera tinenta de batle i regidora d\u2019Urbanisme i Habitatge; Maria Ant\u00f2nia Truyols dur\u00e0 l\u2019\u00e0rea de Gent Gran, Acollida i Inclusi\u00f3; Mar Nicolau ser\u00e0 delegada especial de Fires i Festes, responsable dels nuclis de Cales de Mallorca i Cala Murada i tamb\u00e9 gestionar\u00e0 el Servei d\u2019Aig\u00fces de Manacor (SAM); i Lloren\u00e7 Mesquida dur\u00e0 la delegaci\u00f3 especial d\u2019Esports i Depend\u00e8ncia. La secret\u00e0ria general de la Federaci\u00f3 Socialista de Mallorca, Amanda Fern\u00e0ndez, ha destacat la \u201csolidesa del nou equip de govern que consolida la majoria d\u2019esquerres a Manacor\u201d. De la seva banda, Hinojosa s\u2019ha mostrat molt satisfeta amb l\u2019acord, que beneficiar\u00e0 la governan\u00e7a dels manacorines i manacorins, i que representa la realitat de la majoria progressista de la localitat.<br \/>\n   <\/u><\/em><\/p>\n[\/vc_column_text][\/vc_column][\/vc_row]\n\n\n[vc_row][vc_column][vc_column_text]\n<p>Manacor compta des d\u2019avui amb un govern municipal molt m\u00e9s representatiu i ajustat a la realitat social de la localitat. L\u2019acord a qu\u00e8 s\u2019ha arribat amb MES-Esquerra i AIPC facilita l\u2019entrada dels 4 regidors del PSIB-PSOE a l\u2019Ajuntament dins de l\u2019equip de Govern. Aix\u00ed, la portaveu municipal socialista, N\u00faria Hinojosa, torna a la regidoria d\u2019Urbanisme i Habitatge, com a primera tinenta de batle. Maria Ant\u00f2nia Truyols assumeix l\u2019\u00e0rea de Gent Gran, Acollida i Inclusi\u00f3, com a sisena tinenta de batle, i tindr\u00e0 atribucions damunt les campanyes comercials. Mar Nicolau ser\u00e0 delegada especial de Fires i Festes i assumeix les delegacions dels nuclis de Cala Murada i Cales de Mallorca, aix\u00ed com el Servei d\u2019Aig\u00fces de Manacor (SAM), mentre que el regidor Lloren\u00e7 Mesquida assumir\u00e0 la delegaci\u00f3 especial d\u2019Esports i Depend\u00e8ncia. <\/p>\n<p>La SG de la FSM, Amanda Fern\u00e1ndez s\u2019ha mostrat \u201cmolt satisfeta\u201d per l\u2019acord \u201cs\u00f2lid\u201d que \u201creflecteix la majoria d\u2019esquerres a Manacor\u201d. Fern\u00e1ndez ha destacat la voluntat dels Socialistes d\u2019incorporar-se a un govern progressista a la localitat, i ha celebrat que l\u2019acord \u201cprioritza les necessitats de manacorines i manacorins\u201d. El vicesecretari general de la FSM, Miquel Cabot, tamb\u00e9 ha participat de l\u2019anunci de la nova configuraci\u00f3 de l\u2019equip de govern de Manacor, aquest mat\u00ed. <\/p>\n<p>La portaveu socialista, i nova primera tinenta de batlia, N\u00faria Hinojosa ha destacat que l\u2019entrada dels quatre regidors del PSIB-PSOE en el govern municipal aportar\u00e0 \u201cestabilitat i capacitat operativa a l\u2019Ajuntament\u201d que fins a la data havia estat governat per una coalici\u00f3 entre MES-Esquerra i AIPC en minoria. \u201cEs tracta de fer una aposta decidida per impulsar pol\u00edtiques de progr\u00e9s, que realment facin avan\u00e7ar Manacor\u201d. <\/p>\n<p>En contraposici\u00f3 amb la deriva destructiva dels pactes d\u2019ultradreta que governen des del Consolat, el Consell de Mallorca i alguns ajuntaments de l\u2019illa, la passa ferma que avui es signa a Manacor suposa un impuls a les pol\u00edtiques progressistes, que ara es podran aplicar a la capital del Llevant d\u2019una manera m\u00e9s rotunda. El recent acord per al desbloqueig dels pressupostos municipals de 2025 ja suposa una mostra de la nova etapa pol\u00edtica que s\u2019obre a Manacor. Els vots del PSIB-PSOE es van sumar als de l\u2019equip de govern per tirar endavant els comptes municipals, despr\u00e9s de la incorporaci\u00f3 de nous projectes d\u2019inversi\u00f3 i millora per a la ciutadania, a proposta dels socialistes.  <\/p>\n[\/vc_column_text][\/vc_column][\/vc_row]\n\n\n\n<figure class=\"wp-block-audio\"><audio controls src=\"https:\/\/www.psib-psoe.org\/mallorca\/wp-content\/uploads\/Amanda-acord-Manacor-140525-online-audio-converter.com_.mp3\"><\/audio><\/figure>\n<\/div>","protected":false},"excerpt":{"rendered":"[vc_row][vc_column][vc_column_text] El Grup Municipal Socialista a Manacor passa des d\u2019avui a formar part de l\u2019equip de govern de l\u2019Ajuntament de la localitat. La portaveu socialista, N\u00faria Hinojosa passar\u00e0 a ser primera tinenta de batle i regidora d\u2019Urbanisme i Habitatge; Maria Ant\u00f2nia Truyols dur\u00e0 l\u2019\u00e0rea de Gent Gran, Acollida i Inclusi\u00f3; Mar Nicolau ser\u00e0 delegada especial&hellip;","protected":false},"author":3,"featured_media":29785,"comment_status":"closed","ping_status":"closed","sticky":false,"template":"","format":"standard","meta":{"footnotes":""},"categories":[2,1,90,92],"tags":[218,362,77,610,609,532,100,392],"class_list":["post-29784","post","type-post","status-publish","format-standard","has-post-thumbnail","hentry","category-federacio-de-mallorca","category-federacio-de-mallorca-portada","category-municipis","category-portada","tag-amanda-fernandez","tag-ares-fernandez","tag-federacio-socialista-de-mallorca","tag-llorenc-mesquida","tag-mar-nicolau","tag-maria-antonia-truyols","tag-miquel-cabot","tag-nuria-hinojosa"],"_links":{"self":[{"href":"https:\/\/www.psib-psoe.org\/mallorca\/wp-json\/wp\/v2\/posts\/29784"}],"collection":[{"href":"https:\/\/www.psib-psoe.org\/mallorca\/wp-json\/wp\/v2\/posts"}],"about":[{"href":"https:\/\/www.psib-psoe.org\/mallorca\/wp-json\/wp\/v2\/types\/post"}],"author":[{"embeddable":true,"href":"https:\/\/www.psib-psoe.org\/mallorca\/wp-json\/wp\/v2\/users\/3"}],"replies":[{"embeddable":true,"href":"https:\/\/www.psib-psoe.org\/mallorca\/wp-json\/wp\/v2\/comments?post=29784"}],"version-history":[{"count":1,"href":"https:\/\/www.psib-psoe.org\/mallorca\/wp-json\/wp\/v2\/posts\/29784\/revisions"}],"predecessor-version":[{"id":29787,"href":"https:\/\/www.psib-psoe.org\/mallorca\/wp-json\/wp\/v2\/posts\/29784\/revisions\/29787"}],"wp:featuredmedia":[{"embeddable":true,"href":"https:\/\/www.psib-psoe.org\/mallorca\/wp-json\/wp\/v2\/media\/29785"}],"wp:attachment":[{"href":"https:\/\/www.psib-psoe.org\/mallorca\/wp-json\/wp\/v2\/media?parent=29784"}],"wp:term":[{"taxonomy":"category","embeddable":true,"href":"https:\/\/www.psib-psoe.org\/mallorca\/wp-json\/wp\/v2\/categories?post=29784"},{"taxonomy":"post_tag","embeddable":true,"href":"https:\/\/www.psib-psoe.org\/mallorca\/wp-json\/wp\/v2\/tags?post=29784"}],"curies":[{"name":"wp","href":"https:\/\/api.w.org\/{rel}","templated":true}]}}