{"id":29793,"date":"2025-05-20T08:25:52","date_gmt":"2025-05-20T06:25:52","guid":{"rendered":"https:\/\/www.psib-psoe.org\/mallorca\/?p=29793"},"modified":"2025-05-20T08:26:04","modified_gmt":"2025-05-20T06:26:04","slug":"els-socialistes-dalcudia-denuncien-la-deficient-implantacio-del-sistema-de-recollida-selectiva-de-fems-al-municipi-per-la-incompetencia-de-lequip","status":"publish","type":"post","link":"https:\/\/www.psib-psoe.org\/mallorca\/els-socialistes-dalcudia-denuncien-la-deficient-implantacio-del-sistema-de-recollida-selectiva-de-fems-al-municipi-per-la-incompetencia-de-lequip\/","title":{"rendered":"Els Socialistes d\u2019Alc\u00fadia denuncien la \u201cdeficient implantaci\u00f3\u201d del sistema de recollida selectiva de fems al municipi, per la \u201cincompet\u00e8ncia\u201d de l\u2019equip de govern."},"content":{"rendered":"<div class=\"wpb-content-wrapper\">\n<figure class=\"wp-block-image size-large\"><img loading=\"lazy\" decoding=\"async\" width=\"768\" height=\"1024\" src=\"https:\/\/www.psib-psoe.org\/mallorca\/wp-content\/uploads\/Fems-Alcudia-768x1024.jpg\" alt=\"\" class=\"wp-image-29794\" srcset=\"https:\/\/www.psib-psoe.org\/mallorca\/wp-content\/uploads\/Fems-Alcudia-768x1024.jpg 768w, https:\/\/www.psib-psoe.org\/mallorca\/wp-content\/uploads\/Fems-Alcudia-225x300.jpg 225w, https:\/\/www.psib-psoe.org\/mallorca\/wp-content\/uploads\/Fems-Alcudia-1152x1536.jpg 1152w, https:\/\/www.psib-psoe.org\/mallorca\/wp-content\/uploads\/Fems-Alcudia-300x400.jpg 300w, https:\/\/www.psib-psoe.org\/mallorca\/wp-content\/uploads\/Fems-Alcudia-150x200.jpg 150w, https:\/\/www.psib-psoe.org\/mallorca\/wp-content\/uploads\/Fems-Alcudia-600x800.jpg 600w, https:\/\/www.psib-psoe.org\/mallorca\/wp-content\/uploads\/Fems-Alcudia-900x1200.jpg 900w, https:\/\/www.psib-psoe.org\/mallorca\/wp-content\/uploads\/Fems-Alcudia-20x27.jpg 20w, https:\/\/www.psib-psoe.org\/mallorca\/wp-content\/uploads\/Fems-Alcudia.jpg 1536w\" sizes=\"(max-width: 768px) 100vw, 768px\" \/><\/figure>\n\n\n<p>L\u2019Ajuntament d\u2019Alc\u00fadia ha convertit la implantaci\u00f3 de la recollida selectiva al municipi en un caos que provoca la desinformaci\u00f3 a la ciutadania. \u201cDes de l\u2019Ajuntament no s\u2019han previst les mesures informatives adequades, i ara la gent no sap ni quan ni qu\u00e8 ha de llen\u00e7ar als contenidors\u201d, asseguren des del Grup Municipal Socialista.<\/p>\n\n\n[vc_row][vc_column][vc_column_text]\n<p>La implantaci\u00f3 del sistema de recollida selectiva a Alc\u00fadia s\u2019est\u00e0 topant amb severes dificultats, atesa la desorientaci\u00f3 de la que es queixen nombrosos alcudiencs. Aix\u00ed ho posa de manifest el Grup Municipal Socialista que ja ha demanat explicacions en el ple del mes de maig sobre el \u201ccaos de gesti\u00f3\u201d que ha provocat \u201cla incompet\u00e8ncia de l\u2019Ajuntament;  la gent a Alc\u00fadia no sap qu\u00e8 ha de fer amb els seus fems\u201d. <\/p>\n<p>El Grup Municipal Socialista va comentar que \u201ctotes les accions que ha intentat dur a terme l\u2019Ajuntament fracassen per qu\u00e8 estan mal fetes\u201d. Els contenidors no duen cap informaci\u00f3 sobre els residus que s\u2019hi poden abocar, els fulletons informatius que ha editat l\u2019Ajuntament contenen errades i inexactituds que invaliden la informaci\u00f3 que es dona. \u201cEls horaris que determina l\u2019Ajuntament per abocar els fems als contenidors s\u00f3n molt poc operatius per qu\u00e8 s\u00f3n massa tard\u201d. <\/p>\n<p>Tot plegat, un desori que ha provocat l\u2019increment d\u2019abocaments incontrolats de fems dom\u00e8stics a diverses zones d\u2019Alc\u00fadia. \u201cUn cop m\u00e9s es mostra el d\u00e8ficit de gesti\u00f3 de l\u2019equip de Fina Linares\u201d. El cert \u00e9s que aquesta recollida selectiva de residus ja fa anys que s\u2019aplica a d\u2019altres municipis de Mallorca, i est\u00e0 plenament acceptada pels ve\u00efnats. \u201cA Alc\u00fadia l\u2019equip de govern ha tingut dos anys per preparar-ne la implantaci\u00f3, i quan finalment es decideixen, generen el caos m\u00e9s absolut en un tema bo de coordinar\u201d.  <\/p>\n<p>Els Socialistes d\u2019Alc\u00fadia han exigit que l\u2019Ajuntament resolgui aquest caos, a trav\u00e9s d\u2019informadors porta a porta i a peu de carrer, que puguin explicar a tothom \u201cquan, com i quins residus han de dipositar els alcudiencs a cada contenidor, per que no \u00e9s de rebut que tota la informaci\u00f3 oficial del sistema s\u2019hagi redu\u00eft a dues o tres reunions mal anunciades, que no han servit per a res\u201d.<\/p>\n[\/vc_column_text][\/vc_column][\/vc_row]\n\n\n\n<p><\/p>\n\n\n\n<figure class=\"wp-block-audio\"><audio controls src=\"https:\/\/www.psib-psoe.org\/mallorca\/wp-content\/uploads\/Barbara-Alcudia-online-audio-converter.com_.mp3\"><\/audio><\/figure>\n<\/div>","protected":false},"excerpt":{"rendered":"L\u2019Ajuntament d\u2019Alc\u00fadia ha convertit la implantaci\u00f3 de la recollida selectiva al municipi en un caos que provoca la desinformaci\u00f3 a la ciutadania. \u201cDes de l\u2019Ajuntament no s\u2019han previst les mesures informatives adequades, i ara la gent no sap ni quan ni qu\u00e8 ha de llen\u00e7ar als contenidors\u201d, asseguren des del Grup Municipal Socialista. [vc_row][vc_column][vc_column_text] La&hellip;","protected":false},"author":3,"featured_media":29794,"comment_status":"closed","ping_status":"closed","sticky":false,"template":"","format":"standard","meta":{"footnotes":""},"categories":[2,1,90,92],"tags":[348,218,362,349,105,77,304],"class_list":["post-29793","post","type-post","status-publish","format-standard","has-post-thumbnail","hentry","category-federacio-de-mallorca","category-federacio-de-mallorca-portada","category-municipis","category-portada","tag-agrupacio-socialista-dalcudia","tag-amanda-fernandez","tag-ares-fernandez","tag-barbara-rebassa","tag-catalina-cladera","tag-federacio-socialista-de-mallorca","tag-joan-gaspar-vallori"],"_links":{"self":[{"href":"https:\/\/www.psib-psoe.org\/mallorca\/wp-json\/wp\/v2\/posts\/29793"}],"collection":[{"href":"https:\/\/www.psib-psoe.org\/mallorca\/wp-json\/wp\/v2\/posts"}],"about":[{"href":"https:\/\/www.psib-psoe.org\/mallorca\/wp-json\/wp\/v2\/types\/post"}],"author":[{"embeddable":true,"href":"https:\/\/www.psib-psoe.org\/mallorca\/wp-json\/wp\/v2\/users\/3"}],"replies":[{"embeddable":true,"href":"https:\/\/www.psib-psoe.org\/mallorca\/wp-json\/wp\/v2\/comments?post=29793"}],"version-history":[{"count":1,"href":"https:\/\/www.psib-psoe.org\/mallorca\/wp-json\/wp\/v2\/posts\/29793\/revisions"}],"predecessor-version":[{"id":29795,"href":"https:\/\/www.psib-psoe.org\/mallorca\/wp-json\/wp\/v2\/posts\/29793\/revisions\/29795"}],"wp:featuredmedia":[{"embeddable":true,"href":"https:\/\/www.psib-psoe.org\/mallorca\/wp-json\/wp\/v2\/media\/29794"}],"wp:attachment":[{"href":"https:\/\/www.psib-psoe.org\/mallorca\/wp-json\/wp\/v2\/media?parent=29793"}],"wp:term":[{"taxonomy":"category","embeddable":true,"href":"https:\/\/www.psib-psoe.org\/mallorca\/wp-json\/wp\/v2\/categories?post=29793"},{"taxonomy":"post_tag","embeddable":true,"href":"https:\/\/www.psib-psoe.org\/mallorca\/wp-json\/wp\/v2\/tags?post=29793"}],"curies":[{"name":"wp","href":"https:\/\/api.w.org\/{rel}","templated":true}]}}