{"id":29797,"date":"2025-05-21T13:51:20","date_gmt":"2025-05-21T11:51:20","guid":{"rendered":"https:\/\/www.psib-psoe.org\/mallorca\/?p=29797"},"modified":"2025-05-21T13:51:32","modified_gmt":"2025-05-21T11:51:32","slug":"el-grup-socialista-critica-la-nulla-actuacio-del-consell-de-mallorca-en-politiques-de-joventut","status":"publish","type":"post","link":"https:\/\/www.psib-psoe.org\/mallorca\/el-grup-socialista-critica-la-nulla-actuacio-del-consell-de-mallorca-en-politiques-de-joventut\/","title":{"rendered":"El Grup Socialista critica la nul\u00b7la actuaci\u00f3 del Consell de Mallorca en pol\u00edtiques de joventut"},"content":{"rendered":"<div class=\"wpb-content-wrapper\">\n<figure class=\"wp-block-image size-large\"><img loading=\"lazy\" decoding=\"async\" width=\"1024\" height=\"768\" src=\"https:\/\/www.psib-psoe.org\/mallorca\/wp-content\/uploads\/210525-Bea-Gamundi-i-Arnau-Miralles-1024x768.jpg\" alt=\"\" class=\"wp-image-29798\" srcset=\"https:\/\/www.psib-psoe.org\/mallorca\/wp-content\/uploads\/210525-Bea-Gamundi-i-Arnau-Miralles-1024x768.jpg 1024w, https:\/\/www.psib-psoe.org\/mallorca\/wp-content\/uploads\/210525-Bea-Gamundi-i-Arnau-Miralles-300x225.jpg 300w, https:\/\/www.psib-psoe.org\/mallorca\/wp-content\/uploads\/210525-Bea-Gamundi-i-Arnau-Miralles-768x576.jpg 768w, https:\/\/www.psib-psoe.org\/mallorca\/wp-content\/uploads\/210525-Bea-Gamundi-i-Arnau-Miralles-1536x1152.jpg 1536w, https:\/\/www.psib-psoe.org\/mallorca\/wp-content\/uploads\/210525-Bea-Gamundi-i-Arnau-Miralles-2048x1536.jpg 2048w, https:\/\/www.psib-psoe.org\/mallorca\/wp-content\/uploads\/210525-Bea-Gamundi-i-Arnau-Miralles-150x113.jpg 150w, https:\/\/www.psib-psoe.org\/mallorca\/wp-content\/uploads\/210525-Bea-Gamundi-i-Arnau-Miralles-600x450.jpg 600w, https:\/\/www.psib-psoe.org\/mallorca\/wp-content\/uploads\/210525-Bea-Gamundi-i-Arnau-Miralles-900x675.jpg 900w, https:\/\/www.psib-psoe.org\/mallorca\/wp-content\/uploads\/210525-Bea-Gamundi-i-Arnau-Miralles-20x16.jpg 20w\" sizes=\"(max-width: 1024px) 100vw, 1024px\" \/><\/figure>\n\n\n<p>Bea Gamund\u00ed: \u201cEl departament de joventut del Consell de Mallorca ha primat una orientaci\u00f3 m\u00e9s semblant a una ag\u00e8ncia de viatges que a un organisme dedicat a abordar les veritables necessitats de les persones joves\u201d<\/p>\n\n\n[vc_row][vc_column][vc_column_text]\n<p>El Grup Socialista al Consell de Mallorca ha criticat la \u201cnul\u00b7la actuaci\u00f3\u201d del Consell de Mallorca en pol\u00edtiques de joventut. La consellera socialista, Bea Gamund\u00ed, ha destacat que \u201cel departament de joventut del Consell de Mallorca ha primat una orientaci\u00f3 m\u00e9s semblant a una ag\u00e8ncia de viatges que a un organisme dedicat a abordar les veritables necessitats de les persones joves\u201d.<\/p>\n<p>Des del Grup Socialista presentaran una moci\u00f3 pern impulsar del benestar emocional infantojuvenil, l&#8217;equitat educativa i el desenvolupament integral de la joventut a Mallorca. A m\u00e9s, demanaran que es posin en marxa beques per als joves universitaris que surten a estudiar fora, com fan altres Consells Insulars o Diputacions.<\/p>\n<p>Les cr\u00edtiques dels socialistes venen despr\u00e9s de la convocat\u00f2ria de subvencions del Consell de Mallorca en pol\u00edtiques de joventut per als Ajuntaments. Aquesta convocat\u00f2ria ha sortit sense estar consensuada amb les regidories de joventut dels Ajuntaments. Aquest fet \u201climita la capacitat dels nostres consistoris per adaptar les accions a les necessitats reals de les persones joves del nostre municipi\u201d ha explicat Gamund\u00ed.<\/p>\n<p>A m\u00e9s, aquesta convocat\u00f2ria ha canviat de car\u00e0cter plurianual a anual. Sobre aquest canvi, la consellera socialista ha comentat que \u201cla transici\u00f3 d\u2019una convocat\u00f2ria de car\u00e0cter plurianual a un model anual implica que els ajuntaments ja no poden fer una previsi\u00f3 pressupost\u00e0ria a llarg termini. Aix\u00f2 for\u00e7a a realitzar modificacions de cr\u00e8dit cada any, incrementant la complexitat administrativa i dificultant la planificaci\u00f3 de projectes\u201d.<\/p>\n<p>Des del Grup Socialista tamb\u00e9 han criticat que aquesta convocat\u00f2ria elimini el bo d\u2019emancipaci\u00f3 juvenil i que els criteris de les l\u00ednies de subvenci\u00f3 s\u2019hagin modificat, afectant l\u2019acc\u00e9s de molts municipis. La l\u00ednia 1, que abans era per a municipis de fins a 20.000 habitants, s\u2019ha ampliat a 30.000 habitants, mentre que la l\u00ednia 2 abasta municipis d\u2019entre 30.000 i 55.000 habitants. Aquesta nova distribuci\u00f3 perjudica els municipis de 20.000 habitants, que veuen com el seu acc\u00e9s a les subvencions es redueix, ja que, tot i que el percentatge pot augmentar, la quantitat total a repartir continua sent la mateixa.<\/p>\n<p>Aquesta convocat\u00f2ria tamb\u00e9 ha eliminat el 24% de b\u00e9ns inventariables o inversions de millora per als casals de joventut. Aquesta decisi\u00f3 limita les possibilitats de millorar les infraestructures i serveis destinades a les persones joves, afectant directament la qualitat de les activitats que es poden oferir.<\/p>\n<p>La consellera del Grup Socialista, Bea Gamund\u00ed, ha visitat Santa Eug\u00e8nia per veure de primera m\u00e0 com afectar\u00e0 als municipis. El regidor de joventut de Santa Eug\u00e8nia, Arnau Miralles, ha destacat que \u201ccom a municipi petit, aquesta convocat\u00f2ria ens afecta perqu\u00e8 ten\u00edem previstes inversions per millorar el Casal o fer propostes pels joves del poble que no podrem fer\u201d.<\/p>\n<p>Finalment, Gamund\u00ed ha reclamat \u201cun augment pressupostari adequat i de recursos suficients per atendre les veritables necessitats de les persones joves\u201d i ha concl\u00f2s que \u201c\u00e9s fonamental revisar i adaptar aquesta convocat\u00f2ria per assegurar que els ajuntaments puguin donar una resposta adequada a les necessitats de la joventut garantint m\u00e9s recursos\u201d.<\/p>\n[\/vc_column_text][\/vc_column][\/vc_row]\n\n\n\n<p><\/p>\n\n\n\n<figure class=\"wp-block-audio\"><audio controls src=\"https:\/\/www.psib-psoe.org\/mallorca\/wp-content\/uploads\/210525_Bea-Gamundi.mp3\"><\/audio><\/figure>\n\n\n\n<figure class=\"wp-block-audio\"><audio controls src=\"https:\/\/www.psib-psoe.org\/mallorca\/wp-content\/uploads\/210525_Arnau-Miralles.mp3\"><\/audio><\/figure>\n<\/div>","protected":false},"excerpt":{"rendered":"Bea Gamund\u00ed: \u201cEl departament de joventut del Consell de Mallorca ha primat una orientaci\u00f3 m\u00e9s semblant a una ag\u00e8ncia de viatges que a un organisme dedicat a abordar les veritables necessitats de les persones joves\u201d [vc_row][vc_column][vc_column_text] El Grup Socialista al Consell de Mallorca ha criticat la \u201cnul\u00b7la actuaci\u00f3\u201d del Consell de Mallorca en pol\u00edtiques de&hellip;","protected":false},"author":4,"featured_media":29798,"comment_status":"closed","ping_status":"closed","sticky":false,"template":"","format":"standard","meta":{"footnotes":""},"categories":[2,1,90,92],"tags":[348,218,362,611,447,105,77],"class_list":["post-29797","post","type-post","status-publish","format-standard","has-post-thumbnail","hentry","category-federacio-de-mallorca","category-federacio-de-mallorca-portada","category-municipis","category-portada","tag-agrupacio-socialista-dalcudia","tag-amanda-fernandez","tag-ares-fernandez","tag-arnau-miralles","tag-bea-gamundi","tag-catalina-cladera","tag-federacio-socialista-de-mallorca"],"_links":{"self":[{"href":"https:\/\/www.psib-psoe.org\/mallorca\/wp-json\/wp\/v2\/posts\/29797"}],"collection":[{"href":"https:\/\/www.psib-psoe.org\/mallorca\/wp-json\/wp\/v2\/posts"}],"about":[{"href":"https:\/\/www.psib-psoe.org\/mallorca\/wp-json\/wp\/v2\/types\/post"}],"author":[{"embeddable":true,"href":"https:\/\/www.psib-psoe.org\/mallorca\/wp-json\/wp\/v2\/users\/4"}],"replies":[{"embeddable":true,"href":"https:\/\/www.psib-psoe.org\/mallorca\/wp-json\/wp\/v2\/comments?post=29797"}],"version-history":[{"count":1,"href":"https:\/\/www.psib-psoe.org\/mallorca\/wp-json\/wp\/v2\/posts\/29797\/revisions"}],"predecessor-version":[{"id":29801,"href":"https:\/\/www.psib-psoe.org\/mallorca\/wp-json\/wp\/v2\/posts\/29797\/revisions\/29801"}],"wp:featuredmedia":[{"embeddable":true,"href":"https:\/\/www.psib-psoe.org\/mallorca\/wp-json\/wp\/v2\/media\/29798"}],"wp:attachment":[{"href":"https:\/\/www.psib-psoe.org\/mallorca\/wp-json\/wp\/v2\/media?parent=29797"}],"wp:term":[{"taxonomy":"category","embeddable":true,"href":"https:\/\/www.psib-psoe.org\/mallorca\/wp-json\/wp\/v2\/categories?post=29797"},{"taxonomy":"post_tag","embeddable":true,"href":"https:\/\/www.psib-psoe.org\/mallorca\/wp-json\/wp\/v2\/tags?post=29797"}],"curies":[{"name":"wp","href":"https:\/\/api.w.org\/{rel}","templated":true}]}}