{"id":29804,"date":"2025-05-22T14:06:27","date_gmt":"2025-05-22T12:06:27","guid":{"rendered":"https:\/\/www.psib-psoe.org\/mallorca\/?p=29804"},"modified":"2025-05-22T14:06:39","modified_gmt":"2025-05-22T12:06:39","slug":"la-deficient-gestio-de-limas-provoca-que-hi-hagi-320-places-de-residencies-de-gent-gran-que-no-sofereixen-mentre-que-la-llista-despera-supera-les-2-200-peticions","status":"publish","type":"post","link":"https:\/\/www.psib-psoe.org\/mallorca\/la-deficient-gestio-de-limas-provoca-que-hi-hagi-320-places-de-residencies-de-gent-gran-que-no-sofereixen-mentre-que-la-llista-despera-supera-les-2-200-peticions\/","title":{"rendered":"La deficient gesti\u00f3 de l\u2019IMAS provoca que hi hagi 320 places de resid\u00e8ncies de gent gran que no s\u2019ofereixen mentre que la llista d\u2019espera supera les 2.200 peticions"},"content":{"rendered":"<div class=\"wpb-content-wrapper\">\n<figure class=\"wp-block-image size-large\"><img loading=\"lazy\" decoding=\"async\" width=\"1024\" height=\"768\" src=\"https:\/\/www.psib-psoe.org\/mallorca\/wp-content\/uploads\/Cladera-Alonso--1024x768.jpg\" alt=\"\" class=\"wp-image-29805\" srcset=\"https:\/\/www.psib-psoe.org\/mallorca\/wp-content\/uploads\/Cladera-Alonso--1024x768.jpg 1024w, https:\/\/www.psib-psoe.org\/mallorca\/wp-content\/uploads\/Cladera-Alonso--300x225.jpg 300w, https:\/\/www.psib-psoe.org\/mallorca\/wp-content\/uploads\/Cladera-Alonso--768x576.jpg 768w, https:\/\/www.psib-psoe.org\/mallorca\/wp-content\/uploads\/Cladera-Alonso--1536x1152.jpg 1536w, https:\/\/www.psib-psoe.org\/mallorca\/wp-content\/uploads\/Cladera-Alonso--2048x1536.jpg 2048w, https:\/\/www.psib-psoe.org\/mallorca\/wp-content\/uploads\/Cladera-Alonso--150x113.jpg 150w, https:\/\/www.psib-psoe.org\/mallorca\/wp-content\/uploads\/Cladera-Alonso--600x450.jpg 600w, https:\/\/www.psib-psoe.org\/mallorca\/wp-content\/uploads\/Cladera-Alonso--900x675.jpg 900w, https:\/\/www.psib-psoe.org\/mallorca\/wp-content\/uploads\/Cladera-Alonso--20x16.jpg 20w\" sizes=\"(max-width: 1024px) 100vw, 1024px\" \/><\/figure>\n\n\n<p>El Grup Socialista al Consell de Mallorca ha denunciat el col\u00b7lapse de gesti\u00f3 que pateix l\u2019IMAS en mat\u00e8ria d\u2019atenci\u00f3 a la depend\u00e8ncia. La portaveu Catalina Cladera ha alertat de l\u2019exist\u00e8ncia de \u201cm\u00e9s de 300 places residencials que no s\u2019estan oferint\u201d, mentre que la llista d\u2019espera creix per damunt de les 2.200 persones\u201d. A dia d\u2019avui, segons les dades lliurades pel mateix IMAS, hi ha llits de resid\u00e8ncia disponibles a la Bonanova, Llar d\u2019Ancians, Felanitx, Oms Sant Miquel, Son Caulelles i Miquel Mir, mentre que hi ha altres places que romanen tancades per que \u201cGalm\u00e9s i S\u00e1nchez no s\u00f3n capa\u00e7os d\u2019executar les obres de reforma que estan previstes\u201d. A m\u00e9s les socialistes tamb\u00e9 han denunciat que en aquests dos anys de govern \u201cs\u2019han triplicat les llistes d\u2019espera del SAID\u201d, el servei d\u2019atenci\u00f3 integral a domicili, i hi ha centres de dia que s\u2019han acabat de construir per\u00f2 que romanen tancats de fa mesos, a Cala d\u2019Or, Porreres, Alar\u00f3, Palmanova i Badies de Llucmajor.   <\/p>\n\n\n[vc_row][vc_column][vc_column_text]\n<p>Els socialistes han denunciat avui el \u201ccol\u00b7lapse de gesti\u00f3 que pateix l\u2019IMAS\u201d, enfocat especialment a l\u2019atenci\u00f3 a la gent gran. Segons les dades que s\u2019han pogut recavar, a dia d\u2019avui hi ha unes 340 places de resid\u00e8ncies de gent gran de l\u2019IMAS que no s\u2019estan posant a l\u2019abast de les persones que les demanden, i provoca que les llistes d\u2019espera de depend\u00e8ncia per aquest recurs hagin crescut fins a les 2.200 persones. \u201cS\u00f3n m\u00e9s de 300 places de resid\u00e8ncia que la gesti\u00f3 del PP impedeix que siguin adjudicades a gent que ho necessita\u201d. <\/p>\n<p>D\u2019aquestes places, almenys 100 s\u00f3n llits que no estan ocupats, a les resid\u00e8ncies de la Bonanova, Llar d\u2019Ancians, Felanitx, Oms Sant Miquel, Son Caulelles i Miquel Mir. A m\u00e9s, es troben 240 places inactives m\u00e9s a la 8a planta de la Bonanova, al bloc D de la Llar, i la resid\u00e8ncia de Son Martorell. En els dos primers casos es tracta d\u2019obres que ja provenen de la passada legislatura, i que compten amb el finan\u00e7ament dels Fons Next Generation, per\u00f2 que encara no s\u2019han executat.<\/p>\n<p>Cladera ha afegit que tot aquesta mala gesti\u00f3 dels recursos de depend\u00e8ncia de l\u2019IMAS ha provocat l\u2019increment de les llistes d\u2019espera, i molt especialment les del SAID, que s\u2019han triplicat des de l\u2019inici de la legislatura, sense que s\u2019hi hagin abocat m\u00e9s recursos des de l\u2019IMAS per que \u201cno volen concertar m\u00e9s hores de SAID amb el Govern, i es generen usuaris esperant a ser atesos a ca seva, i treballadors a ser contractats\u201d. Per m\u00e9s fer, hi ha cinc centres de dia acabats i preparats per a ser inaugurats, per\u00f2 que romanen tancats de fa mesos , a Cala d\u2019Or, Porreres, Alar\u00f3, Palmanova i Badies de Llucmajor.  <\/p>\n<p>Aquesta par\u00e0lisi de gesti\u00f3 a l\u2019IMAS es demostra en la \u00ednfima execuci\u00f3 del pressupost d\u2019inversi\u00f3 en 2024, d\u2019un 6,5% del total, justament en l\u2019apartat que ha d\u2019impulsar les noves infraestructures. \u201cGalm\u00e9s i Guillermo S\u00e1nchez no s\u2019han agafat seriosament aplicar pol\u00edtiques socials a Mallorca, viuen de les rendes que els vam deixar nosaltres, i han deixat d\u2019invertir en noves iniciatives\u201d, ha dit la consellera socialista, i Secret\u00e0ria de Drets Socials del PSIB, Sofia Alonso. <\/p>\n<p>Alonso ha demanat als actuals gestors de l\u2019IMAS \u201cque es posin a fer feina, per que omplir els llits buits vol dir treballar\u201d. <\/p>\n[\/vc_column_text][\/vc_column][\/vc_row]\n\n\n\n<figure class=\"wp-block-audio\"><audio controls src=\"https:\/\/www.psib-psoe.org\/mallorca\/wp-content\/uploads\/220525_CATALINA-CLADERA.mp3\"><\/audio><\/figure>\n\n\n\n<figure class=\"wp-block-audio\"><audio controls src=\"https:\/\/www.psib-psoe.org\/mallorca\/wp-content\/uploads\/220525_Sofia-Alonso.mp3\"><\/audio><\/figure>\n<\/div>","protected":false},"excerpt":{"rendered":"El Grup Socialista al Consell de Mallorca ha denunciat el col\u00b7lapse de gesti\u00f3 que pateix l\u2019IMAS en mat\u00e8ria d\u2019atenci\u00f3 a la depend\u00e8ncia. La portaveu Catalina Cladera ha alertat de l\u2019exist\u00e8ncia de \u201cm\u00e9s de 300 places residencials que no s\u2019estan oferint\u201d, mentre que la llista d\u2019espera creix per damunt de les 2.200 persones\u201d. A dia d\u2019avui,&hellip;","protected":false},"author":3,"featured_media":29805,"comment_status":"closed","ping_status":"closed","sticky":false,"template":"","format":"standard","meta":{"footnotes":""},"categories":[89,2,1,92],"tags":[218,343,447,105,83,77,226,483,504,532,296],"class_list":["post-29804","post","type-post","status-publish","format-standard","has-post-thumbnail","hentry","category-consell-de-mallorca","category-federacio-de-mallorca","category-federacio-de-mallorca-portada","category-portada","tag-amanda-fernandez","tag-andreu-serra","tag-bea-gamundi","tag-catalina-cladera","tag-consell-de-mallorca","tag-federacio-socialista-de-mallorca","tag-javier-de-juan","tag-joan-ferrer","tag-juana-m-adrover","tag-maria-antonia-truyols","tag-sofia-alonso"],"_links":{"self":[{"href":"https:\/\/www.psib-psoe.org\/mallorca\/wp-json\/wp\/v2\/posts\/29804"}],"collection":[{"href":"https:\/\/www.psib-psoe.org\/mallorca\/wp-json\/wp\/v2\/posts"}],"about":[{"href":"https:\/\/www.psib-psoe.org\/mallorca\/wp-json\/wp\/v2\/types\/post"}],"author":[{"embeddable":true,"href":"https:\/\/www.psib-psoe.org\/mallorca\/wp-json\/wp\/v2\/users\/3"}],"replies":[{"embeddable":true,"href":"https:\/\/www.psib-psoe.org\/mallorca\/wp-json\/wp\/v2\/comments?post=29804"}],"version-history":[{"count":1,"href":"https:\/\/www.psib-psoe.org\/mallorca\/wp-json\/wp\/v2\/posts\/29804\/revisions"}],"predecessor-version":[{"id":29808,"href":"https:\/\/www.psib-psoe.org\/mallorca\/wp-json\/wp\/v2\/posts\/29804\/revisions\/29808"}],"wp:featuredmedia":[{"embeddable":true,"href":"https:\/\/www.psib-psoe.org\/mallorca\/wp-json\/wp\/v2\/media\/29805"}],"wp:attachment":[{"href":"https:\/\/www.psib-psoe.org\/mallorca\/wp-json\/wp\/v2\/media?parent=29804"}],"wp:term":[{"taxonomy":"category","embeddable":true,"href":"https:\/\/www.psib-psoe.org\/mallorca\/wp-json\/wp\/v2\/categories?post=29804"},{"taxonomy":"post_tag","embeddable":true,"href":"https:\/\/www.psib-psoe.org\/mallorca\/wp-json\/wp\/v2\/tags?post=29804"}],"curies":[{"name":"wp","href":"https:\/\/api.w.org\/{rel}","templated":true}]}}