{"id":29824,"date":"2025-05-26T19:20:21","date_gmt":"2025-05-26T17:20:21","guid":{"rendered":"https:\/\/www.psib-psoe.org\/mallorca\/?p=29824"},"modified":"2025-05-26T19:20:32","modified_gmt":"2025-05-26T17:20:32","slug":"els-socialistes-de-mallorca-exigeixen-la-finalitzacio-dels-atacs-en-contra-de-la-poblacio-de-la-franja-de-gaza-i-el-restabliment-del-subministrament-daliments","status":"publish","type":"post","link":"https:\/\/www.psib-psoe.org\/mallorca\/els-socialistes-de-mallorca-exigeixen-la-finalitzacio-dels-atacs-en-contra-de-la-poblacio-de-la-franja-de-gaza-i-el-restabliment-del-subministrament-daliments\/","title":{"rendered":"Els Socialistes de Mallorca exigeixen la finalitzaci\u00f3 dels atacs en contra de la poblaci\u00f3 de la franja de Gaza, i el restabliment del subministrament d\u2019aliments."},"content":{"rendered":"<div class=\"wpb-content-wrapper\">\n<figure class=\"wp-block-image size-large\"><img loading=\"lazy\" decoding=\"async\" width=\"1024\" height=\"768\" src=\"https:\/\/www.psib-psoe.org\/mallorca\/wp-content\/uploads\/executiva-260625-1-1024x768.jpg\" alt=\"\" class=\"wp-image-29825\" srcset=\"https:\/\/www.psib-psoe.org\/mallorca\/wp-content\/uploads\/executiva-260625-1-1024x768.jpg 1024w, https:\/\/www.psib-psoe.org\/mallorca\/wp-content\/uploads\/executiva-260625-1-300x225.jpg 300w, https:\/\/www.psib-psoe.org\/mallorca\/wp-content\/uploads\/executiva-260625-1-768x576.jpg 768w, https:\/\/www.psib-psoe.org\/mallorca\/wp-content\/uploads\/executiva-260625-1-1536x1152.jpg 1536w, https:\/\/www.psib-psoe.org\/mallorca\/wp-content\/uploads\/executiva-260625-1-150x113.jpg 150w, https:\/\/www.psib-psoe.org\/mallorca\/wp-content\/uploads\/executiva-260625-1-600x450.jpg 600w, https:\/\/www.psib-psoe.org\/mallorca\/wp-content\/uploads\/executiva-260625-1-900x675.jpg 900w, https:\/\/www.psib-psoe.org\/mallorca\/wp-content\/uploads\/executiva-260625-1-20x16.jpg 20w, https:\/\/www.psib-psoe.org\/mallorca\/wp-content\/uploads\/executiva-260625-1.jpg 1600w\" sizes=\"(max-width: 1024px) 100vw, 1024px\" \/><\/figure>\n\n\n<p>La secret\u00e0ria general de la Federaci\u00f3 Socialista de Mallorca, Amanda Fern\u00e1ndez, ha presidit la sessi\u00f3 de la Comissi\u00f3 Executiva de la formaci\u00f3 en la qual s\u2019ha votat una resoluci\u00f3 que pret\u00e9n l\u2019alto el foc immediat a la Franja de Gaza i el restabliment de les comunicacions i l\u2019arribada de queviures a la zona m\u00e9s afectada pel bloqueig de l\u2019Estat d\u2019Israel. LA FSM afronta ara la darrera fase de la seva organitzaci\u00f3 federal, amb la celebraci\u00f3 de les assemblees a les diferents Agrupacions locals de la formaci\u00f3. <\/p>\n\n\n[vc_row][vc_column][vc_column_text]\n<p>Els Socialistes de Mallorca impulsaran el debat de propostes a les diferents institucions a on tenen representaci\u00f3 per instar l\u2019aprovaci\u00f3 d\u2019una resoluci\u00f3 de suport al poble palest\u00ed, i que exigeix el final de les accions militars a la Franja de Gaza. La resoluci\u00f3 expressa la solidaritat cap el poble palest\u00ed, en una acci\u00f3 militar de l\u2019estat d\u2019Israel que ja s\u2019ha cobrat la vida de prop de 55.000 persones, la gran majoria poblaci\u00f3 civil i infants. La resoluci\u00f3 socialista reclama tamb\u00e9 la finalitzaci\u00f3 dels despla\u00e7aments for\u00e7ats de la poblaci\u00f3, la represa immediata del repartiment d\u2019ajuda humanit\u00e0ria, i que les mesures comptin amb el suport decisiu de les Nacions Unides.<\/p>\n<p>La Federaci\u00f3 Socialista de Mallorca afronta ara el tram final de tot el procediment congressual que es va encetar a finals de l\u2019any passat amb la celebraci\u00f3 del Congr\u00e9s Federal del PSOE, i ara culmina amb les diferents assemblees locals, com la que ahir va celebrar l\u2019Agrupaci\u00f3 Socialista de Sant Lloren\u00e7 des Cardassar, i que va servir per a reelegir en el c\u00e0rrec de secretari general a en Pep Jaume \u201cGall\u201d. La secret\u00e0ria general FSM, Amanda Fern\u00e1ndez, ha reconegut la v\u00e0lua de Pep \u201cGall\u201d, qui fou batle de la localitat durant la passada legislatura. Els processos assemblearis a les agrupacions s\u00f3n \u201cessencials per a poder governar per tot als comicis de 2027\u201d, ha afirmat Fern\u00e0ndez, que destaca \u201cels dos anys que queden per tornar a posar en marxa el progr\u00e9s que els governs de PPVox ha eliminat\u201d.<\/p>\n<p>La dirigent socialista ha lamentat el discurs del president del Consell de Mallorca, Lloren\u00e7 Galm\u00e9s, en el primer dia del Debat de Pol\u00edtica General que avui i dem\u00e0 viu la instituci\u00f3 insular. \u201cGalm\u00e9s ha fet una intervenci\u00f3 que en comptes de glossar la seva acci\u00f3 de govern, s\u2019ha dedicat a fer oposici\u00f3 de l\u2019oposici\u00f3\u201d. Fern\u00e0ndez ha estimat que Galm\u00e9s no ha abordat cap dels problemes principals que pateix la ciutadania de Mallorca: \u201cni el problema de l\u2019Habitatge, ni la saturaci\u00f3 tur\u00edstica\u201d. \u201cMallorca no est\u00e0 en venda\u201d, ha dit, en refer\u00e8ncia a la manca de pol\u00edtiques valentes en mat\u00e8ria de territoris, que cerquen \u201camnistiar els infractors amb la legalitzaci\u00f3 del seu habitatge en sol r\u00fastic, \u201camb les mateixes pol\u00edtiques del PP de sempre dirigides a les persones que tenen patrimoni. <\/p>\n<p>Davant d\u2019una situaci\u00f3 a on les llistes d\u2019espera per a serveis socials segueixen augmentant, i els serveis es desmantellen, a secret\u00e0ria general de la FSM ha convidat l\u2019executiva a mantenir \u201cels processos d\u2019escolta activa de la societat civil\u201d, per donar respostes clares als temes com a saturaci\u00f3 tur\u00edstica per reclamar \u201crespostes sobre els l\u00edmits\u201d de la xifra de visitants que es pot assumit. Per ara, els l\u00edmits que s\u2019estan assolint, per Fern\u00e0ndez, s\u00f3n els de \u201cla paci\u00e8ncia dels residents\u201d, davant d\u2019un president del Consell que \u201cno exerceix les seves compet\u00e8ncies i necessita que \u201cProhens li tregui les castanyes del foc\u201d, sobretot en la gesti\u00f3 de temes tur\u00edstics que li serien de la compet\u00e8ncia exclusiva del Consell de Mallorca.<\/p>\n[\/vc_column_text][\/vc_column][\/vc_row]\n\n\n\n<p><\/p>\n\n\n\n<figure class=\"wp-block-audio\"><audio controls src=\"https:\/\/www.psib-psoe.org\/mallorca\/wp-content\/uploads\/260525_Amanda-Fernandez-RDP-Executiva-FSM.mp3\"><\/audio><\/figure>\n<\/div>","protected":false},"excerpt":{"rendered":"La secret\u00e0ria general de la Federaci\u00f3 Socialista de Mallorca, Amanda Fern\u00e1ndez, ha presidit la sessi\u00f3 de la Comissi\u00f3 Executiva de la formaci\u00f3 en la qual s\u2019ha votat una resoluci\u00f3 que pret\u00e9n l\u2019alto el foc immediat a la Franja de Gaza i el restabliment de les comunicacions i l\u2019arribada de queviures a la zona m\u00e9s afectada&hellip;","protected":false},"author":3,"featured_media":29825,"comment_status":"closed","ping_status":"closed","sticky":false,"template":"","format":"standard","meta":{"footnotes":""},"categories":[595,2,1,92],"tags":[218,362,105,83,77,315],"class_list":["post-29824","post","type-post","status-publish","format-standard","has-post-thumbnail","hentry","category-15e-congres-fsm","category-federacio-de-mallorca","category-federacio-de-mallorca-portada","category-portada","tag-amanda-fernandez","tag-ares-fernandez","tag-catalina-cladera","tag-consell-de-mallorca","tag-federacio-socialista-de-mallorca","tag-francina-armengol"],"_links":{"self":[{"href":"https:\/\/www.psib-psoe.org\/mallorca\/wp-json\/wp\/v2\/posts\/29824"}],"collection":[{"href":"https:\/\/www.psib-psoe.org\/mallorca\/wp-json\/wp\/v2\/posts"}],"about":[{"href":"https:\/\/www.psib-psoe.org\/mallorca\/wp-json\/wp\/v2\/types\/post"}],"author":[{"embeddable":true,"href":"https:\/\/www.psib-psoe.org\/mallorca\/wp-json\/wp\/v2\/users\/3"}],"replies":[{"embeddable":true,"href":"https:\/\/www.psib-psoe.org\/mallorca\/wp-json\/wp\/v2\/comments?post=29824"}],"version-history":[{"count":1,"href":"https:\/\/www.psib-psoe.org\/mallorca\/wp-json\/wp\/v2\/posts\/29824\/revisions"}],"predecessor-version":[{"id":29827,"href":"https:\/\/www.psib-psoe.org\/mallorca\/wp-json\/wp\/v2\/posts\/29824\/revisions\/29827"}],"wp:featuredmedia":[{"embeddable":true,"href":"https:\/\/www.psib-psoe.org\/mallorca\/wp-json\/wp\/v2\/media\/29825"}],"wp:attachment":[{"href":"https:\/\/www.psib-psoe.org\/mallorca\/wp-json\/wp\/v2\/media?parent=29824"}],"wp:term":[{"taxonomy":"category","embeddable":true,"href":"https:\/\/www.psib-psoe.org\/mallorca\/wp-json\/wp\/v2\/categories?post=29824"},{"taxonomy":"post_tag","embeddable":true,"href":"https:\/\/www.psib-psoe.org\/mallorca\/wp-json\/wp\/v2\/tags?post=29824"}],"curies":[{"name":"wp","href":"https:\/\/api.w.org\/{rel}","templated":true}]}}