{"id":29828,"date":"2025-05-27T15:28:56","date_gmt":"2025-05-27T13:28:56","guid":{"rendered":"https:\/\/www.psib-psoe.org\/mallorca\/?p=29828"},"modified":"2025-05-27T15:29:07","modified_gmt":"2025-05-27T13:29:07","slug":"cladera-en-el-discurs-del-debat-de-politica-general-del-consell-de-mallorca-sr-galmes-lembos-es-voste","status":"publish","type":"post","link":"https:\/\/www.psib-psoe.org\/mallorca\/cladera-en-el-discurs-del-debat-de-politica-general-del-consell-de-mallorca-sr-galmes-lembos-es-voste\/","title":{"rendered":"Cladera en el discurs del debat de Pol\u00edtica General del Consell de Mallorca: \u201csr. Galm\u00e9s, l\u2019emb\u00f3s \u00e9s vost\u00e8\u201d."},"content":{"rendered":"<div class=\"wpb-content-wrapper\">\n<figure class=\"wp-block-image size-large\"><img loading=\"lazy\" decoding=\"async\" width=\"1024\" height=\"682\" src=\"https:\/\/www.psib-psoe.org\/mallorca\/wp-content\/uploads\/Catalina-DPG--1024x682.jpg\" alt=\"\" class=\"wp-image-29829\" srcset=\"https:\/\/www.psib-psoe.org\/mallorca\/wp-content\/uploads\/Catalina-DPG--1024x682.jpg 1024w, https:\/\/www.psib-psoe.org\/mallorca\/wp-content\/uploads\/Catalina-DPG--300x200.jpg 300w, https:\/\/www.psib-psoe.org\/mallorca\/wp-content\/uploads\/Catalina-DPG--768x512.jpg 768w, https:\/\/www.psib-psoe.org\/mallorca\/wp-content\/uploads\/Catalina-DPG--1536x1023.jpg 1536w, https:\/\/www.psib-psoe.org\/mallorca\/wp-content\/uploads\/Catalina-DPG--150x100.jpg 150w, https:\/\/www.psib-psoe.org\/mallorca\/wp-content\/uploads\/Catalina-DPG--600x400.jpg 600w, https:\/\/www.psib-psoe.org\/mallorca\/wp-content\/uploads\/Catalina-DPG--900x600.jpg 900w, https:\/\/www.psib-psoe.org\/mallorca\/wp-content\/uploads\/Catalina-DPG--20x13.jpg 20w, https:\/\/www.psib-psoe.org\/mallorca\/wp-content\/uploads\/Catalina-DPG-.jpg 1600w\" sizes=\"(max-width: 1024px) 100vw, 1024px\" \/><\/figure>\n\n\n<p>La intervenci\u00f3 de la portaveu del Grup Socialista en el Debat de Pol\u00edtica General del Consell de Mallorca, Catalina Cladera, dibuixa un panorama de car\u00e8ncia de gesti\u00f3 i manca absoluta de capacitat de solucionar els problemes reals de la ciutadania, despr\u00e9s de dos anys de legislatura que han estat perduts per a Mallorca. \u201cDespr\u00e9s de dos anys, els problemes que pateixen els mallorquins han tornat grans, i el benestar dels mallorquins han empitjorat des que governa el PPVox\u201d. Cladera s\u2019ha mostrat aborronada i avergonyida\u201d per la resposta de Galm\u00e9s a la intervenci\u00f3 de la portaveu socialista, en la qual \u201cha dedicat m\u00e9s temps a parlar de jo que dels problemes que preocupen a la ciutadania, per que\u00e8no fa de president\u201d. <\/p>\n\n\n[vc_row][vc_column][vc_column_text]\n<p>El gran responsable de la par\u00e0lisi del Consell de Mallorca, i el proc\u00e9s que el condueix cap a la irrellev\u00e0ncia institucional \u00e9s el seu president, Lloren\u00e7 Galm\u00e9s: \u201cGalm\u00e9s, l\u2019emb\u00f3s \u00e9s vost\u00e8\u201d li ha dit Catalina Cladera durant la seva intervenci\u00f3 d\u2019avui en resposta al discurs presidencial de la primera jornada del Debat de Pol\u00edtica General de Mallorca que avui s\u2019ha tancat. <\/p>\n<p>\u201cEl Consell est\u00e0 paralitzat, per que de fet no compleixen ni els seus mateixos acords amb PPVox, amb m\u00e9s d\u2019un 80% d\u2019incompliments despr\u00e9s de dos anys de govern\u201d, ha dit Cladera, per qualificar el \u201ccol\u00b7lapse a tots els nivells\u201d que viu Mallorca. Un col\u00b7lapse tur\u00edstic, per una illa \u201ca on no hi caben m\u00e9s turistes\u201d, un col\u00b7lapse de mobilitat, amb \u201ccarreteres embossades tot el dia\u201d; un col\u00b7lapse d\u2019habitatge, per la dificultat enorme per accedir a un habitatge en situaci\u00f3 de dignitat, davant el galopant ascens dels preus de compra i de lloguer, i la mancan\u00e7a de pol\u00edtiques de control del Consell i del Govern; un col\u00b7lapse social, amb llistes d\u2019espera de depend\u00e8ncia que no paren de cr\u00e9ixer per l\u2019abandonament de les pol\u00edtiques socials. <\/p>\n<p>Una situaci\u00f3 que no va ser recollida ahir per Galm\u00e9s en el seu discurs \u201ccrispat i nervi\u00f3s i sense solucions per Mallorca\u201d. Cladera ha destacat que la situaci\u00f3 ve determinada pels pactes amb els ultres \u201cque ens duu a una involuci\u00f3 en determinats \u00e0mbits, i per que els objectius de les pol\u00edtiques del PP no pensen amb l\u2019inter\u00e8s general, sin\u00f3 en afavorir els interessos d\u2019un pocs\u201d. <\/p>\n<p>La portaveu socialista remarcat el \u201cfrac\u00e0s en la pol\u00edtica de residus\u201d en la que Galm\u00e9s \u201ccala el cap davant Prohens i Mar\u00ed\u201d per pemetre la importaci\u00f3 de fems d\u2019Eivissa per a ser incinerats a Mallorca, sense que s\u2019hagi explicat com es dur\u00e0 a terme i quines conseq\u00fc\u00e8ncies tindr\u00e0 per a Mallorca. Cladera ha qualificat de \u201cjoc de trilers\u201d l\u2019anunci de la baixada de la tarifa dels fems de 2026, basada en les aportacions de 62 milions extra que el Consell ha aportat a Tirme en els darrers dos anys, i en els 50 que Galm\u00e9s que li reportar\u00e0 la gesti\u00f3 dels fems d\u2019Eivissa, un fet que Cladera tamb\u00e9 ha q\u00fcestionat, \u201cper que no se sap quins s\u00f3n els c\u00e0lculs que han fet\u201d.<\/p>\n<p>La gesti\u00f3 en pol\u00edtica social de PPVox ha estat qualificada de \u201cdecebedora\u201d, amb \u201ccoes de la fam i la precarietat que no paren de cr\u00e9ixer. En gent gran, Cladera ha lamentat la inoper\u00e0ncia de l\u2019IMAS davant l\u2019increment de les llistes d\u2019espera de depend\u00e8ncia per a una pla\u00e7a de resid\u00e8ncia, que s\u2019han triplicat en el cas de la demanda del Servei d\u2019atenci\u00f3 integral a Domicili, mentre que a les resid\u00e8ncies de l\u2019IMAS hi ha llits buits, i altres que no es posen en servei per la negligent gesti\u00f3 de les obres que s\u2019hi ha de fer. <\/p>\n<p>En tema de menors migrants, Cladera ha recriminat Galm\u00e9s d\u2019haver tornat \u201ca fer pol\u00edtica amb les persones m\u00e9s vulnerables, per que no els volen acollir, mentre que no es posen a disposici\u00f3 tots els recursos de qu\u00e8 disposa l\u2019IMAS, com l\u2019edifici de Puntir\u00f3. <\/p>\n<p>Llengua i cultura i igualtat s\u00f3n dues de les q\u00fcestions que m\u00e9s ren\u00fancies ha comportat al PP del Consell de Mallorca per permetre els vots dels ultres de Vox. En el cas de les pol\u00edtiques en favor de les dones i en contra de la viol\u00e8ncia de g\u00e8nere, Cladera ha recriminat l\u2019actitud de Galm\u00e9s en el darrer ple: \u201cqu\u00e8 podem esperar d\u2019una instituci\u00f3 que qui la dirigeix qualifica un sospir d\u2019una consellera com a un orgasme silenci\u00f3s\u201d. Com a nova mostra de les ren\u00fancies en mat\u00e8ria cultural, la portaveu socialista s\u2019ha referit a Vox com a \u201cuns socis que volen cremar llibres en catal\u00e0, com es ca veure amb la subvenci\u00f3 al Gremi de Llibreters que els vam haver de salvar nosaltres\u201d. <\/p>\n<p>En mat\u00e8ria tur\u00edstica, Cladera ha recriminat Galm\u00e9s que l\u2019\u00fanica pol\u00edtica anunciada contra la massificaci\u00f3 hagi estat un canvi de nom a la Fundaci\u00f3 Mallorca Turisme, com si per art de m\u00e0gia aix\u00f2 fos la f\u00f3rmula magistral per fer baixar les xifres de visitants. Al contrari, la FMT dedica m\u00e9s diners que mai per a la promoci\u00f3 tur\u00edstica, i els visitants apunten a una ocupaci\u00f3 r\u00e8cord per enguany \u201cLi sembla be la xifra de 15 milions de turistes a Mallorca per enguany\u201d, ha preguntat Cladera a Galm\u00e9s, per demostrar la inutilitat de pol\u00edtiques tur\u00edstiques, de les quals ha delegat la presa de decisions al Govern malgrat comptar amb totes les compet\u00e8ncies transferides. <\/p>\n<p>\u201cMeses de solidaritat fake o campanyes contra l\u2019allotjament il\u00b7legal que permeten l\u2019obertura d\u2019un agroturisme que hauria d\u2019estar clausurat per una sent\u00e8ncia judicial ferma, sa Talaia Blanca\u201d han estat els exemples citats per Cladera per justificar un seguit d\u2019accions que esdevenen in\u00fatils per a controlar l\u2019aforament tur\u00edstic a l\u2019illa. <\/p>\n<p>En aquest respecte, Cladera ha demanat seriositat davant la petici\u00f3 de consens de Galm\u00e9s per aprovar una llei que reguli el nombre d\u2019entrades de visitants a Mallorca. \u201cEls consensos es pacte, no s\u2019imposen\u201d, ha dit la socialista, que ha recordat que fins a dia d\u2019avui no s\u2019ha comptat amb el Grup Socialista per elaborar el projecte de llei. En tot cas Cladera ha aprofitat per demanar un debat m\u00e9s ampli que inclogui totes les pol\u00edtiques en mat\u00e8ria de Mobilitat, i no nom\u00e9s la restricci\u00f3 d\u2019entrada de turistes. \u201cTenen un estudi de c\u00e0rrec amb moltes propostes\u201d. <\/p>\n<p>Justament la  mobilitat i els embossos a les carreteres ha estat un altre dels temes que Cladera ha plantejat a Galm\u00e9s, sota la premissa de \u201cm\u00e9s asfalt, m\u00e9s carrils, m\u00e9s contaminaci\u00f3 i m\u00e9s accidents; vost\u00e8 nom\u00e9s fa mesures per incrementar el n\u00famero de cotxes ales carreteres\u201d, despr\u00e9s que no s\u2019hagin conegut mesures per millorar el transport p\u00fablic i s\u2019hagin descartat els projectes del corredor ferroviari del Llevant i del Tramvia de Palma.<\/p>\n<p>\u201cMallorca ja no es pot permetre perdre m\u00e9s el temps\u201d, ha concl\u00f2s Cladera, per un president Galm\u00e9s que ha perdut la perspectiva de govern per que \u201cfa de la seva perman\u00e8ncia en el poder el principal objectiu del seu mandat, en comptes de l\u2019inter\u00e8s general de la ciutadania.    <\/p>\n[\/vc_column_text][\/vc_column][\/vc_row]\n\n\n\n<p><\/p>\n<\/div>","protected":false},"excerpt":{"rendered":"La intervenci\u00f3 de la portaveu del Grup Socialista en el Debat de Pol\u00edtica General del Consell de Mallorca, Catalina Cladera, dibuixa un panorama de car\u00e8ncia de gesti\u00f3 i manca absoluta de capacitat de solucionar els problemes reals de la ciutadania, despr\u00e9s de dos anys de legislatura que han estat perduts per a Mallorca. \u201cDespr\u00e9s de&hellip;","protected":false},"author":3,"featured_media":29829,"comment_status":"closed","ping_status":"closed","sticky":false,"template":"","format":"standard","meta":{"footnotes":""},"categories":[89,2,1,92],"tags":[218,343,447,105,83,77,226,483,504,532,296],"class_list":["post-29828","post","type-post","status-publish","format-standard","has-post-thumbnail","hentry","category-consell-de-mallorca","category-federacio-de-mallorca","category-federacio-de-mallorca-portada","category-portada","tag-amanda-fernandez","tag-andreu-serra","tag-bea-gamundi","tag-catalina-cladera","tag-consell-de-mallorca","tag-federacio-socialista-de-mallorca","tag-javier-de-juan","tag-joan-ferrer","tag-juana-m-adrover","tag-maria-antonia-truyols","tag-sofia-alonso"],"_links":{"self":[{"href":"https:\/\/www.psib-psoe.org\/mallorca\/wp-json\/wp\/v2\/posts\/29828"}],"collection":[{"href":"https:\/\/www.psib-psoe.org\/mallorca\/wp-json\/wp\/v2\/posts"}],"about":[{"href":"https:\/\/www.psib-psoe.org\/mallorca\/wp-json\/wp\/v2\/types\/post"}],"author":[{"embeddable":true,"href":"https:\/\/www.psib-psoe.org\/mallorca\/wp-json\/wp\/v2\/users\/3"}],"replies":[{"embeddable":true,"href":"https:\/\/www.psib-psoe.org\/mallorca\/wp-json\/wp\/v2\/comments?post=29828"}],"version-history":[{"count":1,"href":"https:\/\/www.psib-psoe.org\/mallorca\/wp-json\/wp\/v2\/posts\/29828\/revisions"}],"predecessor-version":[{"id":29830,"href":"https:\/\/www.psib-psoe.org\/mallorca\/wp-json\/wp\/v2\/posts\/29828\/revisions\/29830"}],"wp:featuredmedia":[{"embeddable":true,"href":"https:\/\/www.psib-psoe.org\/mallorca\/wp-json\/wp\/v2\/media\/29829"}],"wp:attachment":[{"href":"https:\/\/www.psib-psoe.org\/mallorca\/wp-json\/wp\/v2\/media?parent=29828"}],"wp:term":[{"taxonomy":"category","embeddable":true,"href":"https:\/\/www.psib-psoe.org\/mallorca\/wp-json\/wp\/v2\/categories?post=29828"},{"taxonomy":"post_tag","embeddable":true,"href":"https:\/\/www.psib-psoe.org\/mallorca\/wp-json\/wp\/v2\/tags?post=29828"}],"curies":[{"name":"wp","href":"https:\/\/api.w.org\/{rel}","templated":true}]}}