{"id":29832,"date":"2025-05-28T11:27:01","date_gmt":"2025-05-28T09:27:01","guid":{"rendered":"https:\/\/www.psib-psoe.org\/mallorca\/?p=29832"},"modified":"2025-05-28T11:27:14","modified_gmt":"2025-05-28T09:27:14","slug":"lajuntament-dalcudia-incompleix-les-normes-fiscals-de-2024-per-la-mala-gestio-economica-de-lequip-de-govern","status":"publish","type":"post","link":"https:\/\/www.psib-psoe.org\/mallorca\/lajuntament-dalcudia-incompleix-les-normes-fiscals-de-2024-per-la-mala-gestio-economica-de-lequip-de-govern\/","title":{"rendered":"L\u2019Ajuntament d\u2019Alc\u00fadia incompleix les normes fiscals de 2024 per la mala gesti\u00f3 econ\u00f2mica de l\u2019equip de govern."},"content":{"rendered":"<div class=\"wpb-content-wrapper\">\n<figure class=\"wp-block-image size-full\"><img loading=\"lazy\" decoding=\"async\" width=\"600\" height=\"400\" src=\"https:\/\/www.psib-psoe.org\/mallorca\/wp-content\/uploads\/Regidors-Alcudia-600x400-1.jpeg\" alt=\"\" class=\"wp-image-29833\" srcset=\"https:\/\/www.psib-psoe.org\/mallorca\/wp-content\/uploads\/Regidors-Alcudia-600x400-1.jpeg 600w, https:\/\/www.psib-psoe.org\/mallorca\/wp-content\/uploads\/Regidors-Alcudia-600x400-1-300x200.jpeg 300w, https:\/\/www.psib-psoe.org\/mallorca\/wp-content\/uploads\/Regidors-Alcudia-600x400-1-150x100.jpeg 150w, https:\/\/www.psib-psoe.org\/mallorca\/wp-content\/uploads\/Regidors-Alcudia-600x400-1-20x13.jpeg 20w\" sizes=\"(max-width: 600px) 100vw, 600px\" \/><\/figure>\n\n\n<p>La gesti\u00f3 econ\u00f2mica de la batlessa Fina Linares (PP) est\u00e0 resultant molt perjudicial per al municipi. L\u2019incompliment de les regles fiscals en la liquidaci\u00f3 del pressupost de 2024 en vigor, per m\u00e9s de 8 milions d\u2019euros en despesa, ha obligat a fer un pla d\u2019ajust que far\u00e0 pagar m\u00e9s impostos als alcudiencs i alcudienques i a rebre menys serveis en 2025 i 2026. El regidor socialista a Alc\u00fadia, Joan Gaspar Vallori s\u2019ha mostrat indignat \u201cper una gesti\u00f3 tant nefasta dels recursos dels ciutadans\u201d.<\/p>\n\n\n[vc_row][vc_column][vc_column_text]\n<p>La ca\u00f2tica gesti\u00f3 de l\u2019equip de govern a Alc\u00fadia afecta ja a les butxaques de tots els alcudiencs. L\u2019incompliment de les regles fiscals en la liquidaci\u00f3 del pressupost de 2024, en concret de la regla de despesa per m\u00e9s de 8 milions d\u2019euros, ha comportat que l\u2019Ajuntament hagi de fer restriccions en la despesa i consignar una major quantitat d\u2019ingressos per compensar en nyap de gesti\u00f3 de Linares. Aix\u00ed ho explica el Pla Econ\u00f2mic Financer que ha elaborat la intervenci\u00f3 municipal, que computa en 8,6 milions la despesa extra generada per l\u2019equip de govern en 2024, la gran majoria contreta per l\u2019\u00fas discrecional dels romanents. \u201cUna despesa milion\u00e0ria descontrolada que s\u2019ha vist abocat en fires i festes, pa i circ, que es podia haver evitat\u201d, segons Vallori. <\/p>\n<p>La Llei d\u2019Estabilitat Fiscal i Sostenibilitat Financera pel que fa a les entitats locals obliga a rescabalar les desviacions en les despeses durant els dos exercicis posteriors a l\u2019incompliment, i a reflectir-ho en un pla d\u2019ajust d\u2019obligat compliment. En aquest cas, l\u2019obligaci\u00f3 de retallar despesa i d\u2019incrementar els ingressos afectar\u00e0 els alcudiencs per que hauran de renunciar a inversions en serveis municipals, i el que resulta m\u00e9s greu, a suportar una pujada global de 2 milions d\u2019euros en la taxa municipal per al tractament de residus. <\/p>\n<p>\u201c\u00c9s intolerable que les alegries de Linares amb els doblers de tots obliguin a tot el municipi a pagar m\u00e9s impostos, per la incompet\u00e8ncia de l\u2019equip de govern\u201d, ha recalcat Vallori, que assenyala, a m\u00e9s, que la situaci\u00f3 esdev\u00e9 \u201cincre\u00efble\u201d si tenim en compte que Alc\u00fadia desa en un compte bancari 120 milions d\u2019euros de romanents de tresoreria, que ha augmentat des que governa el PP. \u201cL\u2019Ajuntament te doblers, per\u00f2 seran els ciutadans els qui pagaran la irresponsabilitat de Linares, que est\u00e0 tenint una legislatura calamitosa\u201d. <\/p>\n<p>A m\u00e9s, la baix\u00edssima execuci\u00f3 pressupost\u00e0ria de 2024 (s\u2019ha gastat menys de la meitat del pressupost previst, un 44%) completa un panorama desolador per la gesti\u00f3 municipal a Alc\u00fadia, un fet que ha motivat que des del PSIB-PSOE es demanin explicacions a l\u2019equip de govern.<\/p>\n[\/vc_column_text][\/vc_column][\/vc_row]\n\n\n\n<p><\/p>\n<\/div>","protected":false},"excerpt":{"rendered":"La gesti\u00f3 econ\u00f2mica de la batlessa Fina Linares (PP) est\u00e0 resultant molt perjudicial per al municipi. L\u2019incompliment de les regles fiscals en la liquidaci\u00f3 del pressupost de 2024 en vigor, per m\u00e9s de 8 milions d\u2019euros en despesa, ha obligat a fer un pla d\u2019ajust que far\u00e0 pagar m\u00e9s impostos als alcudiencs i alcudienques i&hellip;","protected":false},"author":3,"featured_media":29833,"comment_status":"closed","ping_status":"closed","sticky":false,"template":"","format":"standard","meta":{"footnotes":""},"categories":[2,1,90,92],"tags":[427,218,349,105,77,304],"class_list":["post-29832","post","type-post","status-publish","format-standard","has-post-thumbnail","hentry","category-federacio-de-mallorca","category-federacio-de-mallorca-portada","category-municipis","category-portada","tag-agrupacio-socialista-dalgaida","tag-amanda-fernandez","tag-barbara-rebassa","tag-catalina-cladera","tag-federacio-socialista-de-mallorca","tag-joan-gaspar-vallori"],"_links":{"self":[{"href":"https:\/\/www.psib-psoe.org\/mallorca\/wp-json\/wp\/v2\/posts\/29832"}],"collection":[{"href":"https:\/\/www.psib-psoe.org\/mallorca\/wp-json\/wp\/v2\/posts"}],"about":[{"href":"https:\/\/www.psib-psoe.org\/mallorca\/wp-json\/wp\/v2\/types\/post"}],"author":[{"embeddable":true,"href":"https:\/\/www.psib-psoe.org\/mallorca\/wp-json\/wp\/v2\/users\/3"}],"replies":[{"embeddable":true,"href":"https:\/\/www.psib-psoe.org\/mallorca\/wp-json\/wp\/v2\/comments?post=29832"}],"version-history":[{"count":1,"href":"https:\/\/www.psib-psoe.org\/mallorca\/wp-json\/wp\/v2\/posts\/29832\/revisions"}],"predecessor-version":[{"id":29834,"href":"https:\/\/www.psib-psoe.org\/mallorca\/wp-json\/wp\/v2\/posts\/29832\/revisions\/29834"}],"wp:featuredmedia":[{"embeddable":true,"href":"https:\/\/www.psib-psoe.org\/mallorca\/wp-json\/wp\/v2\/media\/29833"}],"wp:attachment":[{"href":"https:\/\/www.psib-psoe.org\/mallorca\/wp-json\/wp\/v2\/media?parent=29832"}],"wp:term":[{"taxonomy":"category","embeddable":true,"href":"https:\/\/www.psib-psoe.org\/mallorca\/wp-json\/wp\/v2\/categories?post=29832"},{"taxonomy":"post_tag","embeddable":true,"href":"https:\/\/www.psib-psoe.org\/mallorca\/wp-json\/wp\/v2\/tags?post=29832"}],"curies":[{"name":"wp","href":"https:\/\/api.w.org\/{rel}","templated":true}]}}