{"id":29839,"date":"2025-05-30T09:22:53","date_gmt":"2025-05-30T07:22:53","guid":{"rendered":"https:\/\/www.psib-psoe.org\/mallorca\/?p=29839"},"modified":"2025-05-30T09:23:05","modified_gmt":"2025-05-30T07:23:05","slug":"la-justicia-desmenteix-la-denuncia-de-vox-contra-javier-de-juan-els-fets-que-se-mimputaven-no-son-certs","status":"publish","type":"post","link":"https:\/\/www.psib-psoe.org\/mallorca\/la-justicia-desmenteix-la-denuncia-de-vox-contra-javier-de-juan-els-fets-que-se-mimputaven-no-son-certs\/","title":{"rendered":"La Just\u00edcia desmenteix la den\u00fancia de Vox contra Javier de Juan: \u201cels fets que se m\u2019imputaven no s\u00f3n certs\u201d"},"content":{"rendered":"<div class=\"wpb-content-wrapper\">\n<figure class=\"wp-block-image size-large\"><img loading=\"lazy\" decoding=\"async\" width=\"1024\" height=\"768\" src=\"https:\/\/www.psib-psoe.org\/mallorca\/wp-content\/uploads\/Javier-ple-1024x768.jpeg\" alt=\"\" class=\"wp-image-29840\" srcset=\"https:\/\/www.psib-psoe.org\/mallorca\/wp-content\/uploads\/Javier-ple-1024x768.jpeg 1024w, https:\/\/www.psib-psoe.org\/mallorca\/wp-content\/uploads\/Javier-ple-300x225.jpeg 300w, https:\/\/www.psib-psoe.org\/mallorca\/wp-content\/uploads\/Javier-ple-768x576.jpeg 768w, https:\/\/www.psib-psoe.org\/mallorca\/wp-content\/uploads\/Javier-ple-1536x1152.jpeg 1536w, https:\/\/www.psib-psoe.org\/mallorca\/wp-content\/uploads\/Javier-ple-150x113.jpeg 150w, https:\/\/www.psib-psoe.org\/mallorca\/wp-content\/uploads\/Javier-ple-600x450.jpeg 600w, https:\/\/www.psib-psoe.org\/mallorca\/wp-content\/uploads\/Javier-ple-900x675.jpeg 900w, https:\/\/www.psib-psoe.org\/mallorca\/wp-content\/uploads\/Javier-ple-20x16.jpeg 20w, https:\/\/www.psib-psoe.org\/mallorca\/wp-content\/uploads\/Javier-ple.jpeg 2048w\" sizes=\"(max-width: 1024px) 100vw, 1024px\" \/><\/figure>\n\n\n<p>El Jutjat d&#8217;Instrucci\u00f3 n\u00fam. 11 de Palma de Mallorca tanca el cas de la den\u00fancia que afectava de Juan per la seva suposada responsabilitat com a president de l\u2019IMAS, en el cas d\u2019una menor tutelada que va decidir escapar del centre d\u2019acollida. La jutgessa ha dictat un auto de sobrese\u00efment lliure, posant fi a l&#8217;acusaci\u00f3 de Vox basada en una informaci\u00f3 esbiaixada basada en fets que \u201cno s\u00f3n certs\u201d. El portaveu adjunt de Grup Socialista defensa que \u201cla veritat judicial desmunta la mentida pol\u00edtica\u201d.<\/p>\n\n\n[vc_row][vc_column][vc_column_text]\n<p>El Jutjat d&#8217;Instrucci\u00f3 n\u00fam. 11 de Palma de Mallorca ha posat fi a la den\u00fancia presentada per Vox contra Javier de Juan, expresident de l&#8217;IMAS i portaveu adjunt del Grup Socialista al Consell de Mallorca, al dictar un auto de sobrese\u00efment lliure que conclou que els fets denunciats no s\u00f3n certs. La resoluci\u00f3 judicial desmenteix rotundament les acusacions de Vox, que van basar la seva den\u00fancia en un relat esbiaixat, sense proves ni fets concrets que poguessin imputar cap delicte a De Juan.<\/p>\n<p>L&#8217;auto de la jutgessa considera que l&#8217;acusaci\u00f3, que partia de la informaci\u00f3 proporcionada per l&#8217;exparella d&#8217;una menor, no es sost\u00e9. Segons recull la resoluci\u00f3, les not\u00edcies utilitzades en la den\u00fancia estaven basades en dades manipulades i orientades a perjudicar la imatge dels professionals de l&#8217;IMAS. &#8220;Les not\u00edcies que es recullen a la den\u00fancia formulada per Vox van ser realitzades amb la informaci\u00f3 esbiaixada proporcionada per l&#8217;aleshores parella de la menor&#8221;, indica l&#8217;auto, deixant clara la manca de fonament en l&#8217;acusaci\u00f3.<\/p>\n<p>La jutgessa subratlla que Javier de Juan no va tenir cap intervenci\u00f3 directa en l&#8217;expedient de la menor ni en la presa de decisions relatives al seu acolliment familiar, i que no es pot imputar responsabilitat penal a qui no va participar activament en els fets. \u201cNo va tenir intervenci\u00f3 directa alguna en l&#8217;expedient de la menor [\u2026] La den\u00fancia es dirigeix contra el Sr. de Juan com a responsable superior de l&#8217;IMAS\u201d, aclareix l&#8217;auto.<\/p>\n<p>En la seva intervenci\u00f3, Javier de Juan ha assenyalat que la resoluci\u00f3 judicial \u00e9s un acte de just\u00edcia que desmunta la \u201cmentida pol\u00edtica\u201d promoguda per Vox. &#8220;El que ha passat avui no \u00e9s nom\u00e9s un sobrese\u00efment, sin\u00f3 una reafirmaci\u00f3 de la feina seriosa i professional dels t\u00e8cnics de l&#8217;IMAS. \u00c9s una reparaci\u00f3 per aquells que van ser atacats injustament&#8221;, ha explicat De Juan.<\/p>\n<p>L&#8217;auto tamb\u00e9 destaca la dilig\u00e8ncia i professionalitat amb qu\u00e8 els t\u00e8cnics de l&#8217;IMAS van actuar en el cas de la menor, fet que contrasta amb les acusacions que apuntaven a una suposada omissi\u00f3 de funcions. \u201cEs van denunciar els fets a la Gu\u00e0rdia Civil, es va mantenir contacte reiterat amb la menor, es van valorar alternatives d&#8217;acolliment i es va gestionar el seu embar\u00e0s amb acompanyament professional\u201d, recull la resoluci\u00f3, afegint que no hi va haver cap tipus de neglig\u00e8ncia per part dels implicats.<\/p>\n<p>En les seves declaracions, De Juan ha insistit que aquest cas ha de servir com a lli\u00e7\u00f3 sobre els perills de polititzar i manipular situacions complexes per a fins partidistes. \u201cLa just\u00edcia ha parlat i, amb ella, es reivindica la necessitat de protegir l&#8217;acci\u00f3 p\u00fablica davant el soroll, la cal\u00famnia i la tergiversaci\u00f3\u201d, ha afegit. De Juan tamb\u00e9 ha subratllat que l&#8217;acusaci\u00f3 no nom\u00e9s va atacar la seva figura, sin\u00f3 que va intentar erosionar la reputaci\u00f3 de tota una instituci\u00f3 dedicada al benestar social.<\/p>\n<p>Amb la resoluci\u00f3 d&#8217;aquest cas, que finalment no afecta la reputaci\u00f3 de Javier de Juan, es posa de manifest la import\u00e0ncia d&#8217;actuar amb rigor i responsabilitat, especialment quan s&#8217;est\u00e0 en una posici\u00f3 de responsabilitat p\u00fablica. El sobrese\u00efment no nom\u00e9s posa fi a una acusaci\u00f3 infundada, sin\u00f3 que tamb\u00e9 ressalta la necessitat de garantir que ning\u00fa sigui culpable sense proves, ni jutjat pel simple fet d&#8217;exercir un c\u00e0rrec p\u00fablic.<\/p>\n[\/vc_column_text][\/vc_column][\/vc_row]\n\n\n\n<p><\/p>\n<\/div>","protected":false},"excerpt":{"rendered":"El Jutjat d'Instrucci\u00f3 n\u00fam. 11 de Palma de Mallorca tanca el cas de la den\u00fancia que afectava de Juan per la seva suposada responsabilitat com a president de l\u2019IMAS, en el cas d\u2019una menor tutelada que va decidir escapar del centre d\u2019acollida. La jutgessa ha dictat un auto de sobrese\u00efment lliure, posant fi a l'acusaci\u00f3&hellip;","protected":false},"author":3,"featured_media":29840,"comment_status":"closed","ping_status":"closed","sticky":false,"template":"","format":"standard","meta":{"footnotes":""},"categories":[89,2,1,92],"tags":[218,343,447,105,83,77,226,483,504,532,296],"class_list":["post-29839","post","type-post","status-publish","format-standard","has-post-thumbnail","hentry","category-consell-de-mallorca","category-federacio-de-mallorca","category-federacio-de-mallorca-portada","category-portada","tag-amanda-fernandez","tag-andreu-serra","tag-bea-gamundi","tag-catalina-cladera","tag-consell-de-mallorca","tag-federacio-socialista-de-mallorca","tag-javier-de-juan","tag-joan-ferrer","tag-juana-m-adrover","tag-maria-antonia-truyols","tag-sofia-alonso"],"_links":{"self":[{"href":"https:\/\/www.psib-psoe.org\/mallorca\/wp-json\/wp\/v2\/posts\/29839"}],"collection":[{"href":"https:\/\/www.psib-psoe.org\/mallorca\/wp-json\/wp\/v2\/posts"}],"about":[{"href":"https:\/\/www.psib-psoe.org\/mallorca\/wp-json\/wp\/v2\/types\/post"}],"author":[{"embeddable":true,"href":"https:\/\/www.psib-psoe.org\/mallorca\/wp-json\/wp\/v2\/users\/3"}],"replies":[{"embeddable":true,"href":"https:\/\/www.psib-psoe.org\/mallorca\/wp-json\/wp\/v2\/comments?post=29839"}],"version-history":[{"count":1,"href":"https:\/\/www.psib-psoe.org\/mallorca\/wp-json\/wp\/v2\/posts\/29839\/revisions"}],"predecessor-version":[{"id":29841,"href":"https:\/\/www.psib-psoe.org\/mallorca\/wp-json\/wp\/v2\/posts\/29839\/revisions\/29841"}],"wp:featuredmedia":[{"embeddable":true,"href":"https:\/\/www.psib-psoe.org\/mallorca\/wp-json\/wp\/v2\/media\/29840"}],"wp:attachment":[{"href":"https:\/\/www.psib-psoe.org\/mallorca\/wp-json\/wp\/v2\/media?parent=29839"}],"wp:term":[{"taxonomy":"category","embeddable":true,"href":"https:\/\/www.psib-psoe.org\/mallorca\/wp-json\/wp\/v2\/categories?post=29839"},{"taxonomy":"post_tag","embeddable":true,"href":"https:\/\/www.psib-psoe.org\/mallorca\/wp-json\/wp\/v2\/tags?post=29839"}],"curies":[{"name":"wp","href":"https:\/\/api.w.org\/{rel}","templated":true}]}}