{"id":29843,"date":"2025-05-30T19:11:00","date_gmt":"2025-05-30T17:11:00","guid":{"rendered":"https:\/\/www.psib-psoe.org\/mallorca\/?p=29843"},"modified":"2025-05-30T19:11:12","modified_gmt":"2025-05-30T17:11:12","slug":"el-partit-socialista-reclama-la-cessio-integral-de-terrenys-que-conformen-la-zona-arqueologica-de-la-ciutat-romana-de-pollentia-al-consorci-arqueologic-de-pollentia","status":"publish","type":"post","link":"https:\/\/www.psib-psoe.org\/mallorca\/el-partit-socialista-reclama-la-cessio-integral-de-terrenys-que-conformen-la-zona-arqueologica-de-la-ciutat-romana-de-pollentia-al-consorci-arqueologic-de-pollentia\/","title":{"rendered":"El Partit Socialista reclama la cessi\u00f3 integral de terrenys que conformen la zona arqueol\u00f2gica de la Ciutat Romana de Pollentia al Consorci Arqueol\u00f2gic de Pollentia"},"content":{"rendered":"<div class=\"wpb-content-wrapper\">\n<figure class=\"wp-block-image size-large\"><img loading=\"lazy\" decoding=\"async\" width=\"1024\" height=\"768\" src=\"https:\/\/www.psib-psoe.org\/mallorca\/wp-content\/uploads\/300525_Grup-Socialista-Pollentia-1024x768.jpeg\" alt=\"\" class=\"wp-image-29844\" srcset=\"https:\/\/www.psib-psoe.org\/mallorca\/wp-content\/uploads\/300525_Grup-Socialista-Pollentia-1024x768.jpeg 1024w, https:\/\/www.psib-psoe.org\/mallorca\/wp-content\/uploads\/300525_Grup-Socialista-Pollentia-300x225.jpeg 300w, https:\/\/www.psib-psoe.org\/mallorca\/wp-content\/uploads\/300525_Grup-Socialista-Pollentia-768x576.jpeg 768w, https:\/\/www.psib-psoe.org\/mallorca\/wp-content\/uploads\/300525_Grup-Socialista-Pollentia-1536x1152.jpeg 1536w, https:\/\/www.psib-psoe.org\/mallorca\/wp-content\/uploads\/300525_Grup-Socialista-Pollentia-2048x1536.jpeg 2048w, https:\/\/www.psib-psoe.org\/mallorca\/wp-content\/uploads\/300525_Grup-Socialista-Pollentia-150x113.jpeg 150w, https:\/\/www.psib-psoe.org\/mallorca\/wp-content\/uploads\/300525_Grup-Socialista-Pollentia-600x450.jpeg 600w, https:\/\/www.psib-psoe.org\/mallorca\/wp-content\/uploads\/300525_Grup-Socialista-Pollentia-900x675.jpeg 900w, https:\/\/www.psib-psoe.org\/mallorca\/wp-content\/uploads\/300525_Grup-Socialista-Pollentia-20x16.jpeg 20w\" sizes=\"(max-width: 1024px) 100vw, 1024px\" \/><\/figure>\n\n\n\n<p><em><u>Els socialistes registraran iniciatives al Consell de Mallorca i a l\u2019Ajuntament d\u2019Alc\u00fadia perqu\u00e8 tots els terrenys que conformen la zona arqueol\u00f2gica de la Ciutat Romana de Pollentia es cedeixin al Consorci Arqueol\u00f2gic de Pollentia<\/u><\/em><\/p>\n\n\n[vc_row][vc_column][vc_column_text]\n<p>El Partit Socialista demanar\u00e0 al Consell de Mallorca i a l\u2019Ajuntament d\u2019Alc\u00fadia que tots els terrenys que conformen la zona arqueol\u00f2gica de la Ciutat Romana de Pollentia es cedeixin al Consorci Arqueol\u00f2gic de Pollentia.<\/p>\n<p>La consellera del Grup Socialista al Consell de Mallorca, Bea Gamund\u00ed ha explicat que el Consell de Mallorca i l\u2019Estat Espanyol  s\u00f3n els propietaris dels terrenys que conformen aquesta zona arqueol\u00f2gica. A m\u00e9s, Gamund\u00ed ha afegit que \u201cper tal de facilitar la gesti\u00f3 integral i la planificaci\u00f3 a llarg termini del Consorci Arqueol\u00f2gic de la Ciutat Romana de Pollentia, es considera imprescindible la cessi\u00f3 de la titularitat de tots els terrenys de la zona arqueol\u00f2gica al mateix consorci, consolidant aix\u00ed un patrimoni conjunt sota una mateixa gesti\u00f3\u201d.<\/p>\n<p>Els socialistes insten al Govern de l&#8217;Estat a \u201ciniciar la tramitaci\u00f3 de la cessi\u00f3 de les finques registrals n\u00fameros: 7.453, 381, 977, 2.073, 3.940, 20.903, 1.127, 3.076, 3.199, 3.215, 3.216, 3.455 i la 391 de titularitat de l&#8217;Estat Espanyol situades a la zona arqueol\u00f2gica de la Ciutat Romana de Pollentia (Alc\u00fadia-Mallorca) al Consorci Arqueol\u00f2gic de la Ciutat Romana de Pollentia\u201d.<\/p>\n<p>A m\u00e9s, insten al Consell de Mallorca a \u201cformalitzar la cessi\u00f3 de les finques registrals n\u00fameros 1.462, 3.454, 3.401, 1.275, 341 i 329 de titularitat del Consell Insular de Mallorca situades a la zona arqueol\u00f2gica de la Ciutat Romana de Pollentia (Alc\u00fadia-Mallorca) al Consorci Arqueol\u00f2gic de la Ciutat Romana de Pollentia.<\/p>\n<p>Finalment, insten al Govern de les Illes Balears, al Consell Insular de Mallorca i a l\u2019Ajuntament d\u2019Alc\u00fadia a \u201cestudiar i arribar a un acord per tal de adquirir i finan\u00e7ar les finques del voltant de la Ciutat Romana de Pollentia i posteriorment, cedir-les al Consorci Arqueol\u00f2gic de la Ciutat Romana de Pollentia amb la finalitat de facilitar una intervenci\u00f3 i gesti\u00f3 integral\u201d.<\/p>\n<p>La portaveu socialista a l\u2019Ajuntament d\u2019Alc\u00fadia, B\u00e0rbara Rebassa, ha comentat que \u201cPollentia \u00e9s un lloc emblem\u00e0tic del nostre municipi. \u00c9s fonamental la feina conjunta i coordinada de totes les institucions per protegir aquest espai i que la gesti\u00f3 de tots els terrenys estiguin gestionats pel Consorci Arqueol\u00f2gic de la Ciutat Romana de Pollentia\u201d.<\/p>\n<p>El senador auton\u00f2mic per Mallorca, Jos\u00e9 Hila, ha mostrat el seu suport a la iniciativa socialista i ha declarat que \u201cparlarem amb el govern estatal per fer possible que aquests terrenys passin a ser gestionats per el Consorci\u201d.<\/p>\n<p>Per altra banda, Bea Gamund\u00ed ha recordat que el president del Consell de Mallorca, Lloren\u00e7 Galm\u00e9s i la consellera de cultura, Ant\u00f2nia Roca, van prometre a l\u2019inici de legislatura la creaci\u00f3 del Centre d\u2019Arqueologia de Mallorca a Pollentia. I, ara, dos anys despr\u00e9s, \u201cno han fet res. Com oposici\u00f3, no tenim cap informaci\u00f3 d\u2019aquest projecte, per aix\u00f2 hem presentat una bateria de preguntes\u201d ha concl\u00f2s Gamund\u00ed.<\/p>\n<p>A part de Bea Gamund\u00ed, B\u00e0rbara Rebassa i Jos\u00e9 Hila, han esta presents en l\u2019anunci el secretari general de l\u2019Agrupaci\u00f3 Socialista d\u2019Alc\u00fadia i regidor, Joan Gaspar Vallori i la regidora socialista, Salli Rebassa. <\/p>\n[\/vc_column_text][\/vc_column][\/vc_row]\n\n\n\n<p><\/p>\n\n\n\n<figure class=\"wp-block-audio\"><audio controls src=\"https:\/\/www.psib-psoe.org\/mallorca\/wp-content\/uploads\/300525_Barbara-Rebassa-Pollentia.mp3\"><\/audio><\/figure>\n\n\n\n<figure class=\"wp-block-audio\"><audio controls src=\"https:\/\/www.psib-psoe.org\/mallorca\/wp-content\/uploads\/300525_Jose-Hila-Pollentia.mp3\"><\/audio><\/figure>\n\n\n\n<figure class=\"wp-block-audio\"><audio controls src=\"https:\/\/www.psib-psoe.org\/mallorca\/wp-content\/uploads\/300525_Bea-Gamundi.mp3\"><\/audio><\/figure>\n<\/div>","protected":false},"excerpt":{"rendered":"<p>Els socialistes registraran iniciatives al Consell de Mallorca i a l\u2019Ajuntament d\u2019Alc\u00fadia perqu\u00e8 tots els terrenys que conformen la zona arqueol\u00f2gica de la Ciutat Romana de Pollentia es cedeixin al Consorci Arqueol\u00f2gic de Pollentia<\/p>\n","protected":false},"author":4,"featured_media":29844,"comment_status":"closed","ping_status":"closed","sticky":false,"template":"","format":"standard","meta":{"footnotes":""},"categories":[2,1,90,92],"tags":[218,362,613,77,497,98,97],"class_list":["post-29843","post","type-post","status-publish","format-standard","has-post-thumbnail","hentry","category-federacio-de-mallorca","category-federacio-de-mallorca-portada","category-municipis","category-portada","tag-amanda-fernandez","tag-ares-fernandez","tag-elsa-herranz","tag-federacio-socialista-de-mallorca","tag-jaume-j-oliver","tag-llucmajor","tag-socialistes-de-llucmajor"],"_links":{"self":[{"href":"https:\/\/www.psib-psoe.org\/mallorca\/wp-json\/wp\/v2\/posts\/29843"}],"collection":[{"href":"https:\/\/www.psib-psoe.org\/mallorca\/wp-json\/wp\/v2\/posts"}],"about":[{"href":"https:\/\/www.psib-psoe.org\/mallorca\/wp-json\/wp\/v2\/types\/post"}],"author":[{"embeddable":true,"href":"https:\/\/www.psib-psoe.org\/mallorca\/wp-json\/wp\/v2\/users\/4"}],"replies":[{"embeddable":true,"href":"https:\/\/www.psib-psoe.org\/mallorca\/wp-json\/wp\/v2\/comments?post=29843"}],"version-history":[{"count":1,"href":"https:\/\/www.psib-psoe.org\/mallorca\/wp-json\/wp\/v2\/posts\/29843\/revisions"}],"predecessor-version":[{"id":29848,"href":"https:\/\/www.psib-psoe.org\/mallorca\/wp-json\/wp\/v2\/posts\/29843\/revisions\/29848"}],"wp:featuredmedia":[{"embeddable":true,"href":"https:\/\/www.psib-psoe.org\/mallorca\/wp-json\/wp\/v2\/media\/29844"}],"wp:attachment":[{"href":"https:\/\/www.psib-psoe.org\/mallorca\/wp-json\/wp\/v2\/media?parent=29843"}],"wp:term":[{"taxonomy":"category","embeddable":true,"href":"https:\/\/www.psib-psoe.org\/mallorca\/wp-json\/wp\/v2\/categories?post=29843"},{"taxonomy":"post_tag","embeddable":true,"href":"https:\/\/www.psib-psoe.org\/mallorca\/wp-json\/wp\/v2\/tags?post=29843"}],"curies":[{"name":"wp","href":"https:\/\/api.w.org\/{rel}","templated":true}]}}