{"id":29849,"date":"2025-06-02T13:28:16","date_gmt":"2025-06-02T11:28:16","guid":{"rendered":"https:\/\/www.psib-psoe.org\/mallorca\/?p=29849"},"modified":"2025-06-02T13:28:28","modified_gmt":"2025-06-02T11:28:28","slug":"felanitx-segueix-amb-problemes-daigua-despres-de-la-gran-avaria-de-principis-de-marc","status":"publish","type":"post","link":"https:\/\/www.psib-psoe.org\/mallorca\/felanitx-segueix-amb-problemes-daigua-despres-de-la-gran-avaria-de-principis-de-marc\/","title":{"rendered":"Felanitx segueix amb problemes d\u2019aigua despr\u00e9s de la gran avaria de principis de mar\u00e7"},"content":{"rendered":"<div class=\"wpb-content-wrapper\">\n<figure class=\"wp-block-image size-large\"><img loading=\"lazy\" decoding=\"async\" width=\"1024\" height=\"768\" src=\"https:\/\/www.psib-psoe.org\/mallorca\/wp-content\/uploads\/020625_Foto-arxiu-Grup-Socialista-Felanitx-1024x768.jpeg\" alt=\"\" class=\"wp-image-29850\" srcset=\"https:\/\/www.psib-psoe.org\/mallorca\/wp-content\/uploads\/020625_Foto-arxiu-Grup-Socialista-Felanitx-1024x768.jpeg 1024w, https:\/\/www.psib-psoe.org\/mallorca\/wp-content\/uploads\/020625_Foto-arxiu-Grup-Socialista-Felanitx-300x225.jpeg 300w, https:\/\/www.psib-psoe.org\/mallorca\/wp-content\/uploads\/020625_Foto-arxiu-Grup-Socialista-Felanitx-768x576.jpeg 768w, https:\/\/www.psib-psoe.org\/mallorca\/wp-content\/uploads\/020625_Foto-arxiu-Grup-Socialista-Felanitx-1536x1152.jpeg 1536w, https:\/\/www.psib-psoe.org\/mallorca\/wp-content\/uploads\/020625_Foto-arxiu-Grup-Socialista-Felanitx-150x113.jpeg 150w, https:\/\/www.psib-psoe.org\/mallorca\/wp-content\/uploads\/020625_Foto-arxiu-Grup-Socialista-Felanitx-600x450.jpeg 600w, https:\/\/www.psib-psoe.org\/mallorca\/wp-content\/uploads\/020625_Foto-arxiu-Grup-Socialista-Felanitx-900x675.jpeg 900w, https:\/\/www.psib-psoe.org\/mallorca\/wp-content\/uploads\/020625_Foto-arxiu-Grup-Socialista-Felanitx-20x16.jpeg 20w, https:\/\/www.psib-psoe.org\/mallorca\/wp-content\/uploads\/020625_Foto-arxiu-Grup-Socialista-Felanitx.jpeg 1600w\" sizes=\"(max-width: 1024px) 100vw, 1024px\" \/><\/figure>\n\n\n\n<p><em><u>Els socialistes de Felanitx reclamen a l\u2019Ajuntament actuacions eficients i demanen la reprovaci\u00f3 de la batlessa, Catalina Soler i el regidor d\u2019aig\u00fces, Enrique Garz\u00f3n<\/u><\/em><\/p>\n\n\n[vc_row][vc_column][vc_column_text]\n<p>Despr\u00e9s de la gran avaria de principis de mar\u00e7 que va deixar tot Felanitx tres dies sense aigua, el poble continua amb problemes d\u2019aigua. La portaveu socialista a l\u2019Ajuntament, Gracia Gonz\u00e1lez, ha explicat que \u201cles avaries i els problemes d\u2019aigua a Felanitx s\u00f3n constants. Despr\u00e9s de la gran avaria de mar\u00e7, hem tingut problemes quasi cada setmana\u201d.<\/p>\n<p>Per aquest motiu, els socialistes, juntament amb el BLOC, presentaran una moci\u00f3 d\u2019urg\u00e8ncia al ple del pr\u00f2xim dilluns exigint a l\u2019Ajuntament mesures efectives i la posada en marxa d\u2019un Pla d\u2019Emerg\u00e8ncies per evitar aquests problemes. A m\u00e9s, demanaran la reprovaci\u00f3 de la batlessa de Felanitx, Catalina Soler i el regidor encarregat de les aig\u00fces del municipi, Enrique Garz\u00f3n.<\/p>\n<p>Gonz\u00e1lez ha recordat que \u201cal plenari de 12 de maig el Grup Socialista ja va demanar sobre el Pla d\u2019Emerg\u00e8ncies i no vam obtenir cap resposta concreta. A m\u00e9s, vam demanar acc\u00e9s a l\u2019expedient d\u2019aquest pla i ens varen donar acc\u00e9s a un expedient de gesti\u00f3 sostenible de l\u00b4aigua de 2019 a on no hi ha cap actuaci\u00f3 relacionada amb els sinistres relacionats amb l\u00b4aigua potable i el seu subministrament\u201d.<\/p>\n<p>La portaveu socialista ha concl\u00f2s que \u201csembla que la batlessa i el regidor no hagin fet res durant aquests mesos per posar una soluci\u00f3 a aquest greu problema del nostre poble. L\u2019\u00fanica gran soluci\u00f3 que proposen \u00e9s la mateixa que van donar al mar\u00e7: que els ve\u00efnats i ve\u00efnades es dutxin al Poliesportiu municipal\u201d.<\/p>\n[\/vc_column_text][\/vc_column][\/vc_row]\n\n\n\n<p><\/p>\n<\/div>","protected":false},"excerpt":{"rendered":"<p>Els socialistes de Felanitx reclamen a l\u2019Ajuntament actuacions eficients i demanen la reprovaci\u00f3 de la batlessa, Catalina Soler i el regidor d\u2019aig\u00fces, Enrique Garz\u00f3n<\/p>\n","protected":false},"author":4,"featured_media":29850,"comment_status":"closed","ping_status":"closed","sticky":false,"template":"","format":"standard","meta":{"footnotes":""},"categories":[2,1,90,92],"tags":[218,362,613,77,497,98,97],"class_list":["post-29849","post","type-post","status-publish","format-standard","has-post-thumbnail","hentry","category-federacio-de-mallorca","category-federacio-de-mallorca-portada","category-municipis","category-portada","tag-amanda-fernandez","tag-ares-fernandez","tag-elsa-herranz","tag-federacio-socialista-de-mallorca","tag-jaume-j-oliver","tag-llucmajor","tag-socialistes-de-llucmajor"],"_links":{"self":[{"href":"https:\/\/www.psib-psoe.org\/mallorca\/wp-json\/wp\/v2\/posts\/29849"}],"collection":[{"href":"https:\/\/www.psib-psoe.org\/mallorca\/wp-json\/wp\/v2\/posts"}],"about":[{"href":"https:\/\/www.psib-psoe.org\/mallorca\/wp-json\/wp\/v2\/types\/post"}],"author":[{"embeddable":true,"href":"https:\/\/www.psib-psoe.org\/mallorca\/wp-json\/wp\/v2\/users\/4"}],"replies":[{"embeddable":true,"href":"https:\/\/www.psib-psoe.org\/mallorca\/wp-json\/wp\/v2\/comments?post=29849"}],"version-history":[{"count":1,"href":"https:\/\/www.psib-psoe.org\/mallorca\/wp-json\/wp\/v2\/posts\/29849\/revisions"}],"predecessor-version":[{"id":29851,"href":"https:\/\/www.psib-psoe.org\/mallorca\/wp-json\/wp\/v2\/posts\/29849\/revisions\/29851"}],"wp:featuredmedia":[{"embeddable":true,"href":"https:\/\/www.psib-psoe.org\/mallorca\/wp-json\/wp\/v2\/media\/29850"}],"wp:attachment":[{"href":"https:\/\/www.psib-psoe.org\/mallorca\/wp-json\/wp\/v2\/media?parent=29849"}],"wp:term":[{"taxonomy":"category","embeddable":true,"href":"https:\/\/www.psib-psoe.org\/mallorca\/wp-json\/wp\/v2\/categories?post=29849"},{"taxonomy":"post_tag","embeddable":true,"href":"https:\/\/www.psib-psoe.org\/mallorca\/wp-json\/wp\/v2\/tags?post=29849"}],"curies":[{"name":"wp","href":"https:\/\/api.w.org\/{rel}","templated":true}]}}