{"id":29911,"date":"2025-06-18T12:14:59","date_gmt":"2025-06-18T10:14:59","guid":{"rendered":"https:\/\/www.psib-psoe.org\/mallorca\/?p=29911"},"modified":"2025-06-18T12:16:25","modified_gmt":"2025-06-18T10:16:25","slug":"joan-janer-elegit-nou-secretari-general-de-lagrupacio-socialista-dalgaida","status":"publish","type":"post","link":"https:\/\/www.psib-psoe.org\/mallorca\/joan-janer-elegit-nou-secretari-general-de-lagrupacio-socialista-dalgaida\/","title":{"rendered":"Joan Janer, elegit nou secretari general de l\u2019Agrupaci\u00f3 Socialista d&#8217;Algaida."},"content":{"rendered":"<div class=\"wpb-content-wrapper\">\n<figure class=\"wp-block-image size-large\"><img loading=\"lazy\" decoding=\"async\" width=\"1024\" height=\"768\" src=\"https:\/\/www.psib-psoe.org\/mallorca\/wp-content\/uploads\/Assemblea-Algaida-juny-25-1024x768.jpg\" alt=\"\" class=\"wp-image-29912\" srcset=\"https:\/\/www.psib-psoe.org\/mallorca\/wp-content\/uploads\/Assemblea-Algaida-juny-25-1024x768.jpg 1024w, https:\/\/www.psib-psoe.org\/mallorca\/wp-content\/uploads\/Assemblea-Algaida-juny-25-300x225.jpg 300w, https:\/\/www.psib-psoe.org\/mallorca\/wp-content\/uploads\/Assemblea-Algaida-juny-25-768x576.jpg 768w, https:\/\/www.psib-psoe.org\/mallorca\/wp-content\/uploads\/Assemblea-Algaida-juny-25-1536x1152.jpg 1536w, https:\/\/www.psib-psoe.org\/mallorca\/wp-content\/uploads\/Assemblea-Algaida-juny-25-150x113.jpg 150w, https:\/\/www.psib-psoe.org\/mallorca\/wp-content\/uploads\/Assemblea-Algaida-juny-25-600x450.jpg 600w, https:\/\/www.psib-psoe.org\/mallorca\/wp-content\/uploads\/Assemblea-Algaida-juny-25-900x675.jpg 900w, https:\/\/www.psib-psoe.org\/mallorca\/wp-content\/uploads\/Assemblea-Algaida-juny-25-20x16.jpg 20w, https:\/\/www.psib-psoe.org\/mallorca\/wp-content\/uploads\/Assemblea-Algaida-juny-25.jpg 2048w\" sizes=\"(max-width: 1024px) 100vw, 1024px\" \/><\/figure>\n\n\n\n<p style=\"text-decoration:underline\">Janer assumeix la secretaria general de l&#8217;Agrupaci\u00f3 Socialista d&#8217;Algaida PIna i Randa, i pren el relleu de Francesc Miralles, al capdavant d&#8217;una junta executiva renovada, a on destaca la pres\u00e8ncia de n&#8217;Ant\u00f2nia Bibiloni com a secret\u00e0ria d&#8217;Organitzaci\u00f3, i de la batlessa del municipi, Margalida Fullana, com a responsable de Pol\u00edtica Municipal. <\/p>\n\n\n[vc_row][vc_column][vc_column_text]\n<p>L\u2019Agrupaci\u00f3 Socialista d&#8217;Algaida Pina i Randa ha renovat la seva Comissi\u00f3 Executiva de la que Joan Janer ha estat elegit com a secretari general. Janer ha fet una crida a seguir treballant en favor d&#8217;un &#8220;municipi obert, amb una ciutadania activa i escoltada&#8221; que sigui clau en &#8220;el proc\u00e9s de presa de decisions&#8221;. Janer ha recordat vivament Francesc Antich, clau en l&#8217;organitzaci\u00f3 socialista a Algaida, a Mallorca i a Balears. A l&#8217;entorn de la lluita per la defensa de la Mem\u00f2ria Democr\u00e0tica, en contra de la corrupci\u00f3, i amb la condemna ferma davant del &#8220;genocidi del poble palest\u00ed a Gaza&#8221;, Janer ha animat a &#8220;seguir fent feina, i sumar esfor\u00e7os per aconseguir els millors resultats per 2027&#8221;. <\/p>\n<p>La secret\u00e0ria general de la Federaci\u00f3 Socialista de Mallorca, Amanda Fern\u00e1ndez, present en l&#8217;acte celebrat al Casal Pere Capell\u00e0, ha destacat &#8220;la passa endavant de&#8217;n Joan per a treballar en favor del socialisme a Algaida, un municipi que \u00e9s un aut\u00e8ntic basti\u00f3 del PSIB&#8221;, despr\u00e9s de posar en valor la feina de na Marga Fullana i de tot l&#8217;equip de govern de l&#8217;Ajuntament, i de&#8217;n Francesc Miralles (com a  com a un &#8220;exemple de la feina que els socialistes som capa\u00e7os de fer en favor de l&#8217;inter\u00e8s general de la ciutadania,des de les institucions&#8221;. Els i les Socialistes d&#8217;Algaida ens fan de guia per tornar a governar al 2027\u201d.<\/p>\n<p>Acompanyaran Janer a la nova executiva dels Socialistes d&#8217;Algaida, Lloren\u00e7 Manila com a president, Ant\u00f2nia Bibiloni a la secretaria d&#8217;Organitzaci\u00f3, Marga Fullana com a responsable de Pol\u00edtica Municipal, amb Adri\u00e0 Arg\u00fc\u00e8s, Esteve Barcel\u00f3, Rosa Lliteras i Miquela Danti completant el nou equip.<\/p>\n<p>Amb la renovaci\u00f3 de la Comissi\u00f3 Executiva dels Socialistes d&#8217;Algaida, continua el proc\u00e9s de renovaci\u00f3 de totes les Agrupacions locals de Mallorca que s\u2019aniran fent p\u00fabliques les properes setmanes, que culmina el proc\u00e9s congresual que va arrencar el novembre passat amb el Congr\u00e9s Federal del PSOE a Sevilla, i que han continuat amb els congressos socialistes a nivell auton\u00f2mic i insular.<\/p>\n<p>El secretari d\u2019organitzaci\u00f3 de la Federaci\u00f3 Socialista de Mallorca, Ares Fern\u00e1ndez tamb\u00e9 ha assistit a l&#8217;Assemblea dels Socialistes d&#8217;Algaida.<\/p>\n[\/vc_column_text][\/vc_column][\/vc_row]\n<\/div>","protected":false},"excerpt":{"rendered":"<p>Janer assumeix la secretaria general de l&#8217;Agrupaci\u00f3 Socialista d&#8217;Algaida PIna i Randa, i pren el relleu de Francesc Miralles, al capdavant d&#8217;una junta executiva renovada, a on destaca la pres\u00e8ncia de n&#8217;Ant\u00f2nia Bibiloni com a secret\u00e0ria d&#8217;Organitzaci\u00f3, i de la batlessa del municipi, Margalida Fullana, com a responsable de Pol\u00edtica Municipal.<\/p>\n","protected":false},"author":3,"featured_media":29912,"comment_status":"closed","ping_status":"closed","sticky":false,"template":"","format":"standard","meta":{"footnotes":""},"categories":[2,1,90,92],"tags":[427,218,362,77,616,423],"class_list":["post-29911","post","type-post","status-publish","format-standard","has-post-thumbnail","hentry","category-federacio-de-mallorca","category-federacio-de-mallorca-portada","category-municipis","category-portada","tag-agrupacio-socialista-dalgaida","tag-amanda-fernandez","tag-ares-fernandez","tag-federacio-socialista-de-mallorca","tag-joan-janer","tag-marga-fullana"],"_links":{"self":[{"href":"https:\/\/www.psib-psoe.org\/mallorca\/wp-json\/wp\/v2\/posts\/29911"}],"collection":[{"href":"https:\/\/www.psib-psoe.org\/mallorca\/wp-json\/wp\/v2\/posts"}],"about":[{"href":"https:\/\/www.psib-psoe.org\/mallorca\/wp-json\/wp\/v2\/types\/post"}],"author":[{"embeddable":true,"href":"https:\/\/www.psib-psoe.org\/mallorca\/wp-json\/wp\/v2\/users\/3"}],"replies":[{"embeddable":true,"href":"https:\/\/www.psib-psoe.org\/mallorca\/wp-json\/wp\/v2\/comments?post=29911"}],"version-history":[{"count":3,"href":"https:\/\/www.psib-psoe.org\/mallorca\/wp-json\/wp\/v2\/posts\/29911\/revisions"}],"predecessor-version":[{"id":29915,"href":"https:\/\/www.psib-psoe.org\/mallorca\/wp-json\/wp\/v2\/posts\/29911\/revisions\/29915"}],"wp:featuredmedia":[{"embeddable":true,"href":"https:\/\/www.psib-psoe.org\/mallorca\/wp-json\/wp\/v2\/media\/29912"}],"wp:attachment":[{"href":"https:\/\/www.psib-psoe.org\/mallorca\/wp-json\/wp\/v2\/media?parent=29911"}],"wp:term":[{"taxonomy":"category","embeddable":true,"href":"https:\/\/www.psib-psoe.org\/mallorca\/wp-json\/wp\/v2\/categories?post=29911"},{"taxonomy":"post_tag","embeddable":true,"href":"https:\/\/www.psib-psoe.org\/mallorca\/wp-json\/wp\/v2\/tags?post=29911"}],"curies":[{"name":"wp","href":"https:\/\/api.w.org\/{rel}","templated":true}]}}