{"id":29916,"date":"2025-06-19T17:01:22","date_gmt":"2025-06-19T15:01:22","guid":{"rendered":"https:\/\/www.psib-psoe.org\/mallorca\/?p=29916"},"modified":"2025-06-19T17:01:34","modified_gmt":"2025-06-19T15:01:34","slug":"el-psib-lamenta-la-hipocresia-del-pp-mentre-bloqueja-la-millora-del-financament-autonomic-i-local-usa-les-institucions-que-controla-a-mallorca-i-balears-per-manifestar-se-en-contra","status":"publish","type":"post","link":"https:\/\/www.psib-psoe.org\/mallorca\/el-psib-lamenta-la-hipocresia-del-pp-mentre-bloqueja-la-millora-del-financament-autonomic-i-local-usa-les-institucions-que-controla-a-mallorca-i-balears-per-manifestar-se-en-contra\/","title":{"rendered":"El PSIB lamenta la \u201chipocresia\u201d del PP: mentre bloqueja la millora del finan\u00e7ament auton\u00f2mic i local, usa les institucions que controla a Mallorca i Balears per manifestar-se en contra del govern de l\u2019Estat.\u00a0"},"content":{"rendered":"<div class=\"wpb-content-wrapper\"><div class=\"wp-block-image\">\n<figure class=\"aligncenter size-full\"><img loading=\"lazy\" decoding=\"async\" width=\"320\" height=\"320\" src=\"https:\/\/www.psib-psoe.org\/mallorca\/wp-content\/uploads\/Logo-Mallorca.jpeg\" alt=\"\" class=\"wp-image-29917\" srcset=\"https:\/\/www.psib-psoe.org\/mallorca\/wp-content\/uploads\/Logo-Mallorca.jpeg 320w, https:\/\/www.psib-psoe.org\/mallorca\/wp-content\/uploads\/Logo-Mallorca-300x300.jpeg 300w, https:\/\/www.psib-psoe.org\/mallorca\/wp-content\/uploads\/Logo-Mallorca-150x150.jpeg 150w, https:\/\/www.psib-psoe.org\/mallorca\/wp-content\/uploads\/Logo-Mallorca-20x20.jpeg 20w\" sizes=\"(max-width: 320px) 100vw, 320px\" \/><\/figure><\/div>\n\n<p>Ha cridat poderosament l\u2019atenci\u00f3 la pres\u00e8ncia de c\u00e0rrecs del Partit Popular al Consell de Mallorca i de la FELIB a la manifestaci\u00f3 convocada per la FEMP a Madrid, per la millora del finan\u00e7ament auton\u00f2mic i local. La protesta ha quedat un una iniciativa majorit\u00e0ria del PP amb voluntat clarament partidista, en favor de les tesis que es dicten des del carrer G\u00e9nova. Els socialistes lamenten les protestes \u201chjp\u00f2crites del PP, \u00fanicament basades en la voluntat de desgastar el govern de Pedro S\u00e1nchez, i no en benefici de la ciutadania\u201d.  <\/p>\n<p>Els diputats del PP al Congr\u00e9s de Diputats, van votar en contra d\u2019un Reial Decret Llei, a finals de l\u2019any passat, que hagu\u00e9s suposat l\u2019arribada de 300 milions d\u2019euros extra a Balears per 2025. Aquest mateix dimarts, el Consell de Ministres ha tornat a aprovar un nou Decret per desbloquejar l\u2019actualitzaci\u00f3 del finan\u00e7ament auton\u00f2mic i local, que haur\u00e0 de passar pel Congr\u00e9s dels Diputats per a la seva aprovaci\u00f3. \u201cEn comptes de fer oposici\u00f3 de pancarta, el PP pot canviar la seva postura de bloqueig i ajudar d\u2019una vegada a les comunitats aut\u00f2nomes i als ajuntaments\u201d. <\/p>\n\n\n[vc_row][vc_column][vc_column_text]\n<p>El tacticisme pol\u00edtic del PP i la seva hipocresia s\u2019han tornat a posar de manifest un cop m\u00e9s aquest dimarts, amb la celebraci\u00f3 a Madrid d\u2019una convocat\u00f2ria-manifestaci\u00f3 de la Federaci\u00f3 Espanyola de Municipis, a la qual s\u2019hi han despla\u00e7at nombrosos c\u00e0rrecs d\u2019institucions de Mallorca i de Balears, controlades pel PP, just per exercir pressi\u00f3 al govern de l\u2019Estat, en demanda de millors condicions per al finan\u00e7ament auton\u00f2mic i de les entitats locals.  <\/p>\n<p>\u201cEs tracta d\u2019un nou exercici d\u2019hipocresia del PP, d\u2019un \u00fas espuri de les institucions que governa, per instrumentalitzar-les en contra del Govern de l\u2019Estat\u201d. La demanda de millora del finan\u00e7ament per les autonomies i dels ajuntaments que argumenten esdev\u00e9 \u201cpaper banyat\u201d quan des de mesos enrere el PP ha bloquejat sistem\u00e0ticament l\u2019actualitzaci\u00f3 dels criteris del finan\u00e7ament auton\u00f2mic i local per 2025 que ha plantejat el ministeri d\u2019Hisenda. El passat mes de desembre, el PP es va oposar a un Decret Llei que permetia ampliar en 27.000 milions d\u2019euros les aportacions a compte pel finan\u00e7ament territorial de l\u2019Estat (22.000 milions d\u2019euros per a les Comunitats Aut\u00f2nomes i 5.000 milions per als ajuntaments). Paradoxalment ara el PP, usant la FEMP, i la FELIB a Balears, reclamen poder usar els romanents de tresoreria, quan en realitat els tenen a disposar, sempre que es compleixi la legislaci\u00f3 d\u2019estabilitat pressupost\u00e0ria i sostenibilitat financera (aprovada pel govern Rajoy en 2012), un cop s\u2019ha acabat l\u2019excepcionalitat del per\u00edode 2020-2024.  <\/p>\n<p>\u201cCausa estupor veure el president de la FELIB, Jaume Ferriol, o el conseller d\u2019Hisenda del Consell de Mallorca, Rafel Bosch, assumint una falsa representativitat institucional, quan els lemes que profereixen s\u00f3n \u00fanicament partidistes en favor del PP\u201d. Nombrosos batles i batlesses socialistes de Mallorca han elevat el to de cr\u00edtica per veure l\u2019actitud d\u2019un president de la FELIB que en absolut els representa. M\u00e9s indignant resulta veure com la pres\u00e8ncia de Bosch a Madrid ha estat reprodu\u00efda pels canals oficials del Consell de Mallorca, convertint la cr\u00edtica al Govern de l\u2019Estat en comunicaci\u00f3 institucional.  <\/p>\n<p>Les dades indiquen que en els darrers set anys de govern socialista a l\u2019Estat, el finan\u00e7ament a les Illes s\u2019ha incrementat en un 60,5%, fins als 24.169 milions d\u2019euros, incloent els fons distribu\u00efts per a la recuperaci\u00f3 econ\u00f2mica per la crisi de la COVID. Nom\u00e9s l\u2019increment de les bestretes i els lliuraments a compte del pressupost de 2024 es van elevar en un 11,7% sobre l\u2019any anterior. I ara, la proposta del Consell de Ministres d\u2019aquest dimarts torna a proposar una nova millora anual del 8% per 2025, per arribar a una xifra superior als 4.000 milions d\u2019euros en transfer\u00e8ncia de recursos de l\u2019Estat cap a Balears.  <\/p>\n<p>A la llum de les dades i dels fets constats, els Socialistes han exigit en primer terme \u201cque el PP deixi de fer servir les institucions que governen per a les seves finalitats pol\u00edtiques\u201d, i que en tot cas, tant des de la FELIB com del Consell de Mallorca es retorni a la normalitat institucional en els actes en qu\u00e8 participen. El m\u00e9s important, per\u00f2 \u00e9s que el PP deixi de boicotejar sistem\u00e0ticament als ciutadans de tot l\u2019Estat i voti favorablement el desbloqueig de les quantitats del sistema de finan\u00e7ament cap a les comunitats i els ajuntaments.  \u201cEs tracta de 300 milions d\u2019euros m\u00e9s per a Balears, que poden servir per millorar les condicions de vida de molts de ciutadans\u201d.    <\/p>\n[\/vc_column_text][\/vc_column][\/vc_row]\n<\/div>","protected":false},"excerpt":{"rendered":"Ha cridat poderosament l\u2019atenci\u00f3 la pres\u00e8ncia de c\u00e0rrecs del Partit Popular al Consell de Mallorca i de la FELIB a la manifestaci\u00f3 convocada per la FEMP a Madrid, per la millora del finan\u00e7ament auton\u00f2mic i local. La protesta ha quedat un una iniciativa majorit\u00e0ria del PP amb voluntat clarament partidista, en favor de les tesis&hellip;","protected":false},"author":3,"featured_media":29917,"comment_status":"closed","ping_status":"closed","sticky":false,"template":"","format":"standard","meta":{"footnotes":""},"categories":[89,2,1,90,92],"tags":[218,362,105,83,77],"class_list":["post-29916","post","type-post","status-publish","format-standard","has-post-thumbnail","hentry","category-consell-de-mallorca","category-federacio-de-mallorca","category-federacio-de-mallorca-portada","category-municipis","category-portada","tag-amanda-fernandez","tag-ares-fernandez","tag-catalina-cladera","tag-consell-de-mallorca","tag-federacio-socialista-de-mallorca"],"_links":{"self":[{"href":"https:\/\/www.psib-psoe.org\/mallorca\/wp-json\/wp\/v2\/posts\/29916"}],"collection":[{"href":"https:\/\/www.psib-psoe.org\/mallorca\/wp-json\/wp\/v2\/posts"}],"about":[{"href":"https:\/\/www.psib-psoe.org\/mallorca\/wp-json\/wp\/v2\/types\/post"}],"author":[{"embeddable":true,"href":"https:\/\/www.psib-psoe.org\/mallorca\/wp-json\/wp\/v2\/users\/3"}],"replies":[{"embeddable":true,"href":"https:\/\/www.psib-psoe.org\/mallorca\/wp-json\/wp\/v2\/comments?post=29916"}],"version-history":[{"count":2,"href":"https:\/\/www.psib-psoe.org\/mallorca\/wp-json\/wp\/v2\/posts\/29916\/revisions"}],"predecessor-version":[{"id":29919,"href":"https:\/\/www.psib-psoe.org\/mallorca\/wp-json\/wp\/v2\/posts\/29916\/revisions\/29919"}],"wp:featuredmedia":[{"embeddable":true,"href":"https:\/\/www.psib-psoe.org\/mallorca\/wp-json\/wp\/v2\/media\/29917"}],"wp:attachment":[{"href":"https:\/\/www.psib-psoe.org\/mallorca\/wp-json\/wp\/v2\/media?parent=29916"}],"wp:term":[{"taxonomy":"category","embeddable":true,"href":"https:\/\/www.psib-psoe.org\/mallorca\/wp-json\/wp\/v2\/categories?post=29916"},{"taxonomy":"post_tag","embeddable":true,"href":"https:\/\/www.psib-psoe.org\/mallorca\/wp-json\/wp\/v2\/tags?post=29916"}],"curies":[{"name":"wp","href":"https:\/\/api.w.org\/{rel}","templated":true}]}}