{"id":29921,"date":"2025-06-20T10:43:33","date_gmt":"2025-06-20T08:43:33","guid":{"rendered":"https:\/\/www.psib-psoe.org\/mallorca\/?p=29921"},"modified":"2025-06-20T10:43:44","modified_gmt":"2025-06-20T08:43:44","slug":"el-grup-socialista-del-consell-de-mallorca-lamenta-el-menyspreu-del-govern-de-galmes-cap-a-les-colles-geganteres","status":"publish","type":"post","link":"https:\/\/www.psib-psoe.org\/mallorca\/el-grup-socialista-del-consell-de-mallorca-lamenta-el-menyspreu-del-govern-de-galmes-cap-a-les-colles-geganteres\/","title":{"rendered":"El Grup Socialista del Consell de Mallorca lamenta el menyspreu del Govern de Galm\u00e9s cap a les colles geganteres.\u00a0"},"content":{"rendered":"<div class=\"wpb-content-wrapper\"><div class=\"wp-block-image\">\n<figure class=\"aligncenter size-full\"><img loading=\"lazy\" decoding=\"async\" width=\"2048\" height=\"1536\" src=\"https:\/\/www.psib-psoe.org\/mallorca\/wp-content\/uploads\/Geganters.jpeg\" alt=\"\" class=\"wp-image-29922\" srcset=\"https:\/\/www.psib-psoe.org\/mallorca\/wp-content\/uploads\/Geganters.jpeg 2048w, https:\/\/www.psib-psoe.org\/mallorca\/wp-content\/uploads\/Geganters-300x225.jpeg 300w, https:\/\/www.psib-psoe.org\/mallorca\/wp-content\/uploads\/Geganters-1024x768.jpeg 1024w, https:\/\/www.psib-psoe.org\/mallorca\/wp-content\/uploads\/Geganters-768x576.jpeg 768w, https:\/\/www.psib-psoe.org\/mallorca\/wp-content\/uploads\/Geganters-1536x1152.jpeg 1536w, https:\/\/www.psib-psoe.org\/mallorca\/wp-content\/uploads\/Geganters-150x113.jpeg 150w, https:\/\/www.psib-psoe.org\/mallorca\/wp-content\/uploads\/Geganters-600x450.jpeg 600w, https:\/\/www.psib-psoe.org\/mallorca\/wp-content\/uploads\/Geganters-900x675.jpeg 900w, https:\/\/www.psib-psoe.org\/mallorca\/wp-content\/uploads\/Geganters-20x16.jpeg 20w\" sizes=\"(max-width: 2048px) 100vw, 2048px\" \/><\/figure><\/div>\n\n<p>El Grup Socialista del Consell de Mallorca expressa la seva profunda preocupaci\u00f3 i malestar davant la \u201cguerra oberta\u201d denunciada per l\u2019Agrupaci\u00f3 de Colles Geganteres de Mallorca articulada des de la instituci\u00f3 insular. Despr\u00e9s de con\u00e8ixer la not\u00edcia en qu\u00e8 els geganters denuncien la manca d\u2019execuci\u00f3 de les ajudes acordades en el pressupost de 2025, el Grup Socialista ha mantingut una reuni\u00f3 amb les colles per traslladar-los el seu m\u00e0xim suport i contribuir a formar part de la soluci\u00f3. <\/p>\n\n\n[vc_row][vc_column][vc_column_text]\n<p>La consellera socialista Bea Gamund\u00ed creu que \u00e9s \u201cincomprensible que, a hores d\u2019ara, el Consell de Mallorca no hagi donat una resposta clara i efectiva al comprom\u00eds adquirit amb les colles geganteres\u201d. La not\u00edcia que les figures del Consell de Mallorca participessin en la Trobada de Gegants de Manacor el passat 31 de maig, gr\u00e0cies a un contracte d\u2019un sol dia amb una empresa privada \u00e9s, com a m\u00ednim, \u201cdecebedora i posa de manifest la manca de visi\u00f3 i de comprom\u00eds amb la cultura popular.\u201d La feina de \u201cfer ballar\u201d els gegants propietat de la Instituci\u00f3 insular havia estat sempre en mans de les Colles Geganteres, i el canvi insospitat d\u2019actitud de l\u2019equip de govern de Galm\u00e9s ha fet encendre totes les alarmes entre els geganters de Mallorca.  <\/p>\n<p>Per aix\u00f2, des del Grup Socialista es considera \u201curgent i necessari\u201d que el president del Consell de Mallorca rebi immediatament els representants de l\u2019Agrupaci\u00f3 de Colles Geganteres de les Illes Balears. Les colles geganteres representen un pilar fonamental del nostre patrimoni cultural immaterial. S\u00f3n molt m\u00e9s que figures festives: s\u00f3n la viva expressi\u00f3 de la nostra hist\u00f2ria, de les nostres tradicions i de la cohesi\u00f3 social dels nostres pobles. El seu esfor\u00e7, dedicaci\u00f3 i voluntariat mantenen viva una part essencial de la nostra identitat col\u00b7lectiva. <\/p>\n<p>\u201cNo es pot entendre que el Consell de Mallorca es mantingui amb els bra\u00e7os plegats davant aquesta situaci\u00f3, mostrant una total indifer\u00e8ncia cap a la vitalitat cultural que representen\u201d, ha subratllat Gamund\u00ed. \u201cHem traslladat el nostre m\u00e0xim suport a les colles i creiem que \u00e9s absolutament necessari i urgent que  Galm\u00e9s els rebi per trobar una soluci\u00f3. No s\u2019ent\u00e9n que, a hores d\u2019ara, no s\u2019hagi trobat una sortida al comprom\u00eds establert amb ells.\u201d <\/p>\n<p>El Grup Socialista presentar\u00e0 propostes per facilitar la feina de l\u2019Agrupaci\u00f3 de Colles Geganteres amb el Consell de Mallorca dins d\u2019un marc de normalitat, que passa per establir una f\u00f3rmula adequada mitjan\u00e7ant un conveni o una convocat\u00f2ria de subvencions bianual, amb dues l\u00ednies de finan\u00e7ament definides: \u201cuna destinada als ajuntaments i una altra per a les entitats, d\u2019acord amb el pressupost del CIM per al 2025 i el seg\u00fcent exercici\u201d, ha detallat la consellera Bea Gamund\u00ed. <\/p>\n<p>Els Socialistes no permetran que la manca de gesti\u00f3 i el desinter\u00e8s de l\u2019equip de govern posin en perill el futur de la nostra identitat, mentre que els actuals responsables del Consell se\u2019n serveixen simplement com a pantalla d\u2019imatge propagand\u00edstica d\u2019una pretesa mallorquinitat que no \u00e9s m\u00e9s que la folkloritzaci\u00f3 de la nostra cultura i tradicions m\u00e9s arrelades.\u201d <\/p>\n[\/vc_column_text][\/vc_column][\/vc_row]\n<\/div>","protected":false},"excerpt":{"rendered":"El Grup Socialista del Consell de Mallorca expressa la seva profunda preocupaci\u00f3 i malestar davant la \u201cguerra oberta\u201d denunciada per l\u2019Agrupaci\u00f3 de Colles Geganteres de Mallorca articulada des de la instituci\u00f3 insular. Despr\u00e9s de con\u00e8ixer la not\u00edcia en qu\u00e8 els geganters denuncien la manca d\u2019execuci\u00f3 de les ajudes acordades en el pressupost de 2025, el&hellip;","protected":false},"author":3,"featured_media":29922,"comment_status":"closed","ping_status":"closed","sticky":false,"template":"","format":"standard","meta":{"footnotes":""},"categories":[89,2,1,90,92],"tags":[218,362,447,105,83,77],"class_list":["post-29921","post","type-post","status-publish","format-standard","has-post-thumbnail","hentry","category-consell-de-mallorca","category-federacio-de-mallorca","category-federacio-de-mallorca-portada","category-municipis","category-portada","tag-amanda-fernandez","tag-ares-fernandez","tag-bea-gamundi","tag-catalina-cladera","tag-consell-de-mallorca","tag-federacio-socialista-de-mallorca"],"_links":{"self":[{"href":"https:\/\/www.psib-psoe.org\/mallorca\/wp-json\/wp\/v2\/posts\/29921"}],"collection":[{"href":"https:\/\/www.psib-psoe.org\/mallorca\/wp-json\/wp\/v2\/posts"}],"about":[{"href":"https:\/\/www.psib-psoe.org\/mallorca\/wp-json\/wp\/v2\/types\/post"}],"author":[{"embeddable":true,"href":"https:\/\/www.psib-psoe.org\/mallorca\/wp-json\/wp\/v2\/users\/3"}],"replies":[{"embeddable":true,"href":"https:\/\/www.psib-psoe.org\/mallorca\/wp-json\/wp\/v2\/comments?post=29921"}],"version-history":[{"count":1,"href":"https:\/\/www.psib-psoe.org\/mallorca\/wp-json\/wp\/v2\/posts\/29921\/revisions"}],"predecessor-version":[{"id":29923,"href":"https:\/\/www.psib-psoe.org\/mallorca\/wp-json\/wp\/v2\/posts\/29921\/revisions\/29923"}],"wp:featuredmedia":[{"embeddable":true,"href":"https:\/\/www.psib-psoe.org\/mallorca\/wp-json\/wp\/v2\/media\/29922"}],"wp:attachment":[{"href":"https:\/\/www.psib-psoe.org\/mallorca\/wp-json\/wp\/v2\/media?parent=29921"}],"wp:term":[{"taxonomy":"category","embeddable":true,"href":"https:\/\/www.psib-psoe.org\/mallorca\/wp-json\/wp\/v2\/categories?post=29921"},{"taxonomy":"post_tag","embeddable":true,"href":"https:\/\/www.psib-psoe.org\/mallorca\/wp-json\/wp\/v2\/tags?post=29921"}],"curies":[{"name":"wp","href":"https:\/\/api.w.org\/{rel}","templated":true}]}}