{"id":29925,"date":"2025-06-20T13:07:07","date_gmt":"2025-06-20T11:07:07","guid":{"rendered":"https:\/\/www.psib-psoe.org\/mallorca\/?p=29925"},"modified":"2025-06-20T13:12:32","modified_gmt":"2025-06-20T11:12:32","slug":"els-socialistes-de-santa-maria-del-cami-renoven-la-seva-comissio-executiva-amb-marc-vich-com-a-secretari-general","status":"publish","type":"post","link":"https:\/\/www.psib-psoe.org\/mallorca\/els-socialistes-de-santa-maria-del-cami-renoven-la-seva-comissio-executiva-amb-marc-vich-com-a-secretari-general\/","title":{"rendered":"Els socialistes de Santa Maria del Cam\u00ed renoven la seva Comissi\u00f3 Executiva amb Marc Vich com a secretari general"},"content":{"rendered":"<div class=\"wpb-content-wrapper\"><div class=\"wp-block-image\">\n<figure class=\"aligncenter size-full\"><img loading=\"lazy\" decoding=\"async\" width=\"2560\" height=\"1920\" src=\"https:\/\/www.psib-psoe.org\/mallorca\/wp-content\/uploads\/200625_Foto-Grup-Santa-Maria-scaled.jpg\" alt=\"\" class=\"wp-image-29926\" srcset=\"https:\/\/www.psib-psoe.org\/mallorca\/wp-content\/uploads\/200625_Foto-Grup-Santa-Maria-scaled.jpg 2560w, https:\/\/www.psib-psoe.org\/mallorca\/wp-content\/uploads\/200625_Foto-Grup-Santa-Maria-300x225.jpg 300w, https:\/\/www.psib-psoe.org\/mallorca\/wp-content\/uploads\/200625_Foto-Grup-Santa-Maria-1024x768.jpg 1024w, https:\/\/www.psib-psoe.org\/mallorca\/wp-content\/uploads\/200625_Foto-Grup-Santa-Maria-768x576.jpg 768w, https:\/\/www.psib-psoe.org\/mallorca\/wp-content\/uploads\/200625_Foto-Grup-Santa-Maria-1536x1152.jpg 1536w, https:\/\/www.psib-psoe.org\/mallorca\/wp-content\/uploads\/200625_Foto-Grup-Santa-Maria-2048x1536.jpg 2048w, https:\/\/www.psib-psoe.org\/mallorca\/wp-content\/uploads\/200625_Foto-Grup-Santa-Maria-150x113.jpg 150w, https:\/\/www.psib-psoe.org\/mallorca\/wp-content\/uploads\/200625_Foto-Grup-Santa-Maria-600x450.jpg 600w, https:\/\/www.psib-psoe.org\/mallorca\/wp-content\/uploads\/200625_Foto-Grup-Santa-Maria-900x675.jpg 900w, https:\/\/www.psib-psoe.org\/mallorca\/wp-content\/uploads\/200625_Foto-Grup-Santa-Maria-20x16.jpg 20w\" sizes=\"(max-width: 2560px) 100vw, 2560px\" \/><\/figure><\/div>\n\n<p>Marc Vich: \u201cAra m\u00e9s que mai \u00e9s el moment de fer feina per continuar ampliant la fam\u00edlia socialista a Santa Maria\u201d.<\/p>\n\n\n[vc_row][vc_column][vc_column_text]\n<p>L\u2019Agrupaci\u00f3 Socialista de Santa Maria del Cam\u00ed ha renovat la seva Comissi\u00f3 Executiva on Marc Vich ha sortit elegit com a secretari general de l\u2019Agrupaci\u00f3. Vich ha declarat que \u201cara m\u00e9s que mai \u00e9s el moment de fer feina per continuar ampliant la fam\u00edlia socialista a Santa Maria\u201d.<\/p>\n<p>En el seu discurs, el nou secretari general dels Socialistes de Santa Maria, ha destacat el \u201cbon moment\u201d de l\u2019Agrupaci\u00f3, que ha duplicat el nombre de militants en els darrers anys. Vich ha volgut agrair a tots els militants la confian\u00e7a dipositada i a la comissi\u00f3 executiva que l\u2019acompanya. Tamb\u00e9 ha agra\u00eft a tots els membres de la Federaci\u00f3 Socialista de Mallorca que van participar en l\u2019assemblea.<\/p>\n<p>Vich ha afegit que \u201ctotes i tots hem de fer feina en equip per millorar la vida dels santamariers i santamarieres. L\u2019objectiu \u00e9s millorar els resultats electorals en les eleccions 2027. El partit socialista ha de guanyar protagonisme dins l\u2019Ajuntament de Santa Maria\u201d.<\/p>\n<p>La nova Comissi\u00f3 Executiva de Santa Maria del Cam\u00ed est\u00e0 composta per Miquel Piz\u00e0  Ferrer com a president, Marc Vich Cladera com a secretari general, Ana Maria Muela Morey com a secret\u00e0ria d\u2019organitzaci\u00f3 i Eduardo Bute S\u00e1nchez de Hoyos com a secretari de pol\u00edtica municipal.<\/p>\n<p>La secret\u00e0ria general de la Federaci\u00f3 Socialista de Mallorca, Amanda Fern\u00e1ndez, ha participat en l\u2019Assemblea i ha destacat que \u201cen Marc \u00e9s jove preparat, amb bones idees i amb moltes ganes de treballar pel seu poble. Per mi \u00e9s un honor que formi part de l\u2019Executiva dels Socialistes de Mallorca i que, ara, sigui el nou secretari general dels Socialistes de Santa Maria del Cam\u00ed. Els i les Socialistes de Santa Maria heu format un gran equip que estic segura que seguir\u00e0 creixent\u201d.<\/p>\n<p>A part de la secret\u00e0ria general dels Socialistes de Mallorca, Amanda Fern\u00e1ndez, el secretari d\u2019organitzaci\u00f3 de l\u2019FSM, Ares Fern\u00e1ndez i el secretari de dinamitzaci\u00f3 d\u2019agrupacions de l\u2019FSM, Joan M\u00e9ndez, van participar en l\u2019Assemblea dels Socialistes de Santa Maria del Cam\u00ed. <\/p>\n[\/vc_column_text][\/vc_column][\/vc_row]\n<\/div>","protected":false},"excerpt":{"rendered":"Marc Vich: \u201cAra m\u00e9s que mai \u00e9s el moment de fer feina per continuar ampliant la fam\u00edlia socialista a Santa Maria\u201d. [vc_row][vc_column][vc_column_text] L\u2019Agrupaci\u00f3 Socialista de Santa Maria del Cam\u00ed ha renovat la seva Comissi\u00f3 Executiva on Marc Vich ha sortit elegit com a secretari general de l\u2019Agrupaci\u00f3. Vich ha declarat que \u201cara m\u00e9s que mai&hellip;","protected":false},"author":4,"featured_media":29926,"comment_status":"closed","ping_status":"closed","sticky":false,"template":"","format":"standard","meta":{"footnotes":""},"categories":[2,1,90,92],"tags":[443,218,505,618,362,83,77,506,442],"class_list":["post-29925","post","type-post","status-publish","format-standard","has-post-thumbnail","hentry","category-federacio-de-mallorca","category-federacio-de-mallorca-portada","category-municipis","category-portada","tag-agrupacio-socialista-de-santa-maria","tag-amanda-fernandez","tag-ana-maria-muela","tag-ana-muela","tag-ares-fernandez","tag-consell-de-mallorca","tag-federacio-socialista-de-mallorca","tag-marc-vich","tag-santa-maria-del-cami"],"_links":{"self":[{"href":"https:\/\/www.psib-psoe.org\/mallorca\/wp-json\/wp\/v2\/posts\/29925"}],"collection":[{"href":"https:\/\/www.psib-psoe.org\/mallorca\/wp-json\/wp\/v2\/posts"}],"about":[{"href":"https:\/\/www.psib-psoe.org\/mallorca\/wp-json\/wp\/v2\/types\/post"}],"author":[{"embeddable":true,"href":"https:\/\/www.psib-psoe.org\/mallorca\/wp-json\/wp\/v2\/users\/4"}],"replies":[{"embeddable":true,"href":"https:\/\/www.psib-psoe.org\/mallorca\/wp-json\/wp\/v2\/comments?post=29925"}],"version-history":[{"count":1,"href":"https:\/\/www.psib-psoe.org\/mallorca\/wp-json\/wp\/v2\/posts\/29925\/revisions"}],"predecessor-version":[{"id":29927,"href":"https:\/\/www.psib-psoe.org\/mallorca\/wp-json\/wp\/v2\/posts\/29925\/revisions\/29927"}],"wp:featuredmedia":[{"embeddable":true,"href":"https:\/\/www.psib-psoe.org\/mallorca\/wp-json\/wp\/v2\/media\/29926"}],"wp:attachment":[{"href":"https:\/\/www.psib-psoe.org\/mallorca\/wp-json\/wp\/v2\/media?parent=29925"}],"wp:term":[{"taxonomy":"category","embeddable":true,"href":"https:\/\/www.psib-psoe.org\/mallorca\/wp-json\/wp\/v2\/categories?post=29925"},{"taxonomy":"post_tag","embeddable":true,"href":"https:\/\/www.psib-psoe.org\/mallorca\/wp-json\/wp\/v2\/tags?post=29925"}],"curies":[{"name":"wp","href":"https:\/\/api.w.org\/{rel}","templated":true}]}}