{"id":29935,"date":"2025-06-23T12:15:39","date_gmt":"2025-06-23T10:15:39","guid":{"rendered":"https:\/\/www.psib-psoe.org\/mallorca\/?p=29935"},"modified":"2025-06-23T12:15:52","modified_gmt":"2025-06-23T10:15:52","slug":"pep-uceda-elegit-nou-secretari-general-de-lagrupacio-socialista-de-capdepera","status":"publish","type":"post","link":"https:\/\/www.psib-psoe.org\/mallorca\/pep-uceda-elegit-nou-secretari-general-de-lagrupacio-socialista-de-capdepera\/","title":{"rendered":"Pep Uceda elegit nou secretari general de l\u2019Agrupaci\u00f3 Socialista de Capdepera"},"content":{"rendered":"<figure class=\"wp-block-image size-large\"><img loading=\"lazy\" decoding=\"async\" class=\"alignnone wp-image-29936 size-full\" src=\"http:\/\/www.psib-psoe.org\/mallorca\/wp-content\/uploads\/230625_-Foto-Grup-PSIB-Capdepera.jpg\" alt=\"\" width=\"2000\" height=\"1500\" srcset=\"https:\/\/www.psib-psoe.org\/mallorca\/wp-content\/uploads\/230625_-Foto-Grup-PSIB-Capdepera.jpg 2000w, https:\/\/www.psib-psoe.org\/mallorca\/wp-content\/uploads\/230625_-Foto-Grup-PSIB-Capdepera-300x225.jpg 300w, https:\/\/www.psib-psoe.org\/mallorca\/wp-content\/uploads\/230625_-Foto-Grup-PSIB-Capdepera-1024x768.jpg 1024w, https:\/\/www.psib-psoe.org\/mallorca\/wp-content\/uploads\/230625_-Foto-Grup-PSIB-Capdepera-768x576.jpg 768w, https:\/\/www.psib-psoe.org\/mallorca\/wp-content\/uploads\/230625_-Foto-Grup-PSIB-Capdepera-1536x1152.jpg 1536w, https:\/\/www.psib-psoe.org\/mallorca\/wp-content\/uploads\/230625_-Foto-Grup-PSIB-Capdepera-150x113.jpg 150w, https:\/\/www.psib-psoe.org\/mallorca\/wp-content\/uploads\/230625_-Foto-Grup-PSIB-Capdepera-600x450.jpg 600w, https:\/\/www.psib-psoe.org\/mallorca\/wp-content\/uploads\/230625_-Foto-Grup-PSIB-Capdepera-900x675.jpg 900w, https:\/\/www.psib-psoe.org\/mallorca\/wp-content\/uploads\/230625_-Foto-Grup-PSIB-Capdepera-20x16.jpg 20w\" sizes=\"(max-width: 2000px) 100vw, 2000px\" \/><\/figure>\n<p><em><u><i><span lang=\"CA\">Els socialistes de Capdepera han renovat la seva Comissi\u00f3 Executiva amb Uceda al capdavant<\/span><\/i><\/u><\/em><\/p>\n<p style=\"font-weight: 400;\">L\u2019Agrupaci\u00f3 Socialista de Capdepera ha renovat la seva Comissi\u00f3 Executiva on Pep Uceda ha sortit elegit com a secretari general de l\u2019Agrupaci\u00f3. Uceda ha declarat que \u201cdespr\u00e9s de 15 anys en aquesta agrupaci\u00f3 i, en un proc\u00e9s de renovaci\u00f3, he decidit fer un pas endavant i posar-me al capdavant de l\u2019agrupaci\u00f3 com a secretari general\u201d.<\/p>\n<p style=\"font-weight: 400;\">Uceda ha volgut agrair la \u201cfeina feta\u201d a tota l\u2019executiva sortint, especialment a Rafel Fern\u00e1ndez pels seus 14 anys de lideratge al PSIB-PSOE de Capdepera. Tamb\u00e9 ha fet refer\u00e8ncia a Carmen Corraliza i Fernando Pe\u00f1alver per la feina que han fet pel municipi.<\/p>\n<p style=\"font-weight: 400;\">El nou secretari general dels Socialistes de Capdepera ha destacat que la nova executiva est\u00e0 molt \u201cil\u00b7lusionada i amb ganes\u201d. A m\u00e9s, ha explicat que els seus objectius s\u00f3n \u201cfer de l\u2019agrupaci\u00f3 un lloc de trobada, un lloc de discussi\u00f3 pol\u00edtica, un centre de planificaci\u00f3 i estrat\u00e8gia, un lloc on escoltar i sentir-se escoltat, on ning\u00fa es senti ali\u00e8. Un lloc on, al costat de la rosa i el puny, flamegin les banderes del treball, el dinamisme social i la fe en el projecte socialista\u201d.<\/p>\n<p style=\"font-weight: 400;\">Sobre la nova executiva, Uceda ha comentat que \u201cestar\u00e9 acompanyat d\u2019unes persones que tamb\u00e9 assumeixen aquest comprom\u00eds de servei amb honestedat i il\u00b7lusi\u00f3. Un grup amb experi\u00e8ncia i coneixement de la pol\u00edtica municipal d\u2019aquest municipi. Hi ha una tasca important per fer oposici\u00f3 a aquest equip de govern tan antinatural que tenim a Capdepera\u201d.<\/p>\n<p style=\"font-weight: 400;\">Uceda ha concl\u00f2s que \u201chem de fer sentir als ciutadans que estam al seu costat, que defensem els valors feministes, d\u2019igualtat, dels drets de les persones, de la defensa del territori, de la nostra llengua, de l\u2019educaci\u00f3, de la mem\u00f2ria hist\u00f2rica, i tants d\u2019altres, que el nostre partit sempre ha liderat\u201d.<\/p>\n<p style=\"font-weight: 400;\">La nova Comissi\u00f3 Executiva de Capdepera est\u00e0 composta per 13 homes i dones on els 3 primers c\u00e0rrecs s\u00f3n: Pep Uceda, com a secretari general; M\u00aa Angeles Pi\u00f1eiro, com a secretari d\u2019organitzaci\u00f3; Isabel Rodr\u00edguez, com a secret\u00e0ria de pol\u00edtica municipal.<\/p>\n<p style=\"font-weight: 400;\">La secret\u00e0ria general de la Federaci\u00f3 Socialista de Mallorca, Amanda Fern\u00e1ndez, ha participat en l\u2019Assemblea i ha comentat que \u201cen Pep \u00e9s un home que estima Capdepera i que li agrada fer feina pel seu municipi. Enhorabona, Pep, per aquesta nova etapa. Molta sort i encerts a tu i als 12 homes i dones que t\u2019acompanyen en la nova Comissi\u00f3 Executiva de Capdepera\u201d.<\/p>\n<p style=\"font-weight: 400;\">A part de la secret\u00e0ria general dels Socialistes de Mallorca, Amanda Fern\u00e1ndez, la secret\u00e0ria de coordinaci\u00f3 territorial de l\u2019FSM, Paula Ginard, va participar en l\u2019Assemblea dels Socialistes de Capdepera.<\/p>\n\n\n<p><\/p>\n","protected":false},"excerpt":{"rendered":"<p>Els socialistes de Capdepera han renovat la seva Comissi\u00f3 Executiva amb Uceda al capdavant L\u2019Agrupaci\u00f3 Socialista de Capdepera ha renovat la seva Comissi\u00f3 Executiva on Pep Uceda ha sortit elegit com a secretari general de l\u2019Agrupaci\u00f3. Uceda ha declarat que \u201cdespr\u00e9s de 15 anys en aquesta agrupaci\u00f3 i, en un proc\u00e9s de renovaci\u00f3, he decidit&hellip;<\/p>\n","protected":false},"author":4,"featured_media":29936,"comment_status":"false","ping_status":"closed","sticky":false,"template":"","format":"standard","meta":{"footnotes":""},"categories":[2,90,92],"tags":[218,77,619,84],"class_list":["post-29935","post","type-post","status-publish","format-standard","has-post-thumbnail","hentry","category-federacio-de-mallorca","category-municipis","category-portada","tag-amanda-fernandez","tag-federacio-socialista-de-mallorca","tag-pep-uceda","tag-psib-psoe"],"_links":{"self":[{"href":"https:\/\/www.psib-psoe.org\/mallorca\/wp-json\/wp\/v2\/posts\/29935"}],"collection":[{"href":"https:\/\/www.psib-psoe.org\/mallorca\/wp-json\/wp\/v2\/posts"}],"about":[{"href":"https:\/\/www.psib-psoe.org\/mallorca\/wp-json\/wp\/v2\/types\/post"}],"author":[{"embeddable":true,"href":"https:\/\/www.psib-psoe.org\/mallorca\/wp-json\/wp\/v2\/users\/4"}],"replies":[{"embeddable":true,"href":"https:\/\/www.psib-psoe.org\/mallorca\/wp-json\/wp\/v2\/comments?post=29935"}],"version-history":[{"count":1,"href":"https:\/\/www.psib-psoe.org\/mallorca\/wp-json\/wp\/v2\/posts\/29935\/revisions"}],"predecessor-version":[{"id":29937,"href":"https:\/\/www.psib-psoe.org\/mallorca\/wp-json\/wp\/v2\/posts\/29935\/revisions\/29937"}],"wp:featuredmedia":[{"embeddable":true,"href":"https:\/\/www.psib-psoe.org\/mallorca\/wp-json\/wp\/v2\/media\/29936"}],"wp:attachment":[{"href":"https:\/\/www.psib-psoe.org\/mallorca\/wp-json\/wp\/v2\/media?parent=29935"}],"wp:term":[{"taxonomy":"category","embeddable":true,"href":"https:\/\/www.psib-psoe.org\/mallorca\/wp-json\/wp\/v2\/categories?post=29935"},{"taxonomy":"post_tag","embeddable":true,"href":"https:\/\/www.psib-psoe.org\/mallorca\/wp-json\/wp\/v2\/tags?post=29935"}],"curies":[{"name":"wp","href":"https:\/\/api.w.org\/{rel}","templated":true}]}}